{"id":89246,"date":"2019-03-10T11:00:50","date_gmt":"2019-03-10T14:00:50","guid":{"rendered":"http:\/\/www.hoymercedes.com.ar\/principal\/?p=89246"},"modified":"2019-03-10T10:44:25","modified_gmt":"2019-03-10T13:44:25","slug":"el-anexo-femenino-festejo-jugando-al-futbol","status":"publish","type":"post","link":"https:\/\/www.hoymercedes.com.ar\/principal\/2019\/03\/10\/el-anexo-femenino-festejo-jugando-al-futbol\/","title":{"rendered":"El Anexo Femenino festej\u00f3 jugando al futbol"},"content":{"rendered":"\n<p>Con motivo de la conmemoraci\u00f3n del 8 de Marzo, D\u00eda Internacional de la Mujer, en la Unidad Penitenciaria N\u00b0 5 de Mercedes se llev\u00f3 a cabo un encuentro de f\u00fatbol femenino ente las mujeres detenidas y jugadoras del futbol femenino local. <\/p>\n\n\n\n<p>Recibieron al equipo contrario en el sal\u00f3n de Usos M\u00faltiples de la Unidad, la Subdirectora Administrativa Paola Banegas, los docentes de educaci\u00f3n f\u00edsica de la Unidad, Diego Mole y\u00a0\u00a0Mart\u00edn Borsalino, y personal de la c\u00e1rcel, junto a las representantes del Patronato de Liberados la Delegada local Lic. Mar\u00eda de las Mercedes Gigena y la responsable de la Oficina de Pre Libertad,\u00a0\u00a0Lic. Celeste Burone, quienes coordinaron esta actividad.<\/p>\n\n\n\n<p>Luego de la bienvenida comenz\u00f3 el partido, \u00abcon muchas ganas de ganar\u00bb de parte del equipo visitante capitaneado por Ana Laura Brea Steimbrenner, seguida por<strong>V<\/strong>anesa Carolina L\u00f3pez, Liliana Rodr\u00edguez, Milagros Corrado, Sof\u00eda C\u00e1rdenas, Mar\u00eda Guadalupe Lemos y Claudia Zu\u00f1iga.<\/p>\n\n\n\n<p>El cierre del encuentro se dio con una merienda y charlas sobre la actividad y las ganas de una pr\u00f3xima visita. Las internas por su parte agradecieron a las jugadoras visitantes y la organizaci\u00f3n de estos eventos.<\/p>\n\n\n\n<figure class=\"wp-block-image\"><img loading=\"lazy\" decoding=\"async\" width=\"750\" height=\"561\" data-attachment-id=\"89247\" data-permalink=\"https:\/\/www.hoymercedes.com.ar\/principal\/2019\/03\/10\/el-anexo-femenino-festejo-jugando-al-futbol\/10-carcel\/#main\" data-orig-file=\"https:\/\/www.hoymercedes.com.ar\/principal\/wp-content\/uploads\/2019\/03\/10-carcel.jpg\" data-orig-size=\"750,561\" data-comments-opened=\"0\" data-image-meta=\"{&quot;aperture&quot;:&quot;0&quot;,&quot;credit&quot;:&quot;&quot;,&quot;camera&quot;:&quot;&quot;,&quot;caption&quot;:&quot;&quot;,&quot;created_timestamp&quot;:&quot;0&quot;,&quot;copyright&quot;:&quot;&quot;,&quot;focal_length&quot;:&quot;0&quot;,&quot;iso&quot;:&quot;0&quot;,&quot;shutter_speed&quot;:&quot;0&quot;,&quot;title&quot;:&quot;&quot;,&quot;orientation&quot;:&quot;0&quot;}\" data-image-title=\"10 carcel\" data-image-description=\"\" data-image-caption=\"\" data-large-file=\"https:\/\/www.hoymercedes.com.ar\/principal\/wp-content\/uploads\/2019\/03\/10-carcel.jpg\" src=\"https:\/\/www.hoymercedes.com.ar\/principal\/wp-content\/uploads\/2019\/03\/10-carcel.jpg\" alt=\"\" class=\"wp-image-89247\" srcset=\"https:\/\/www.hoymercedes.com.ar\/principal\/wp-content\/uploads\/2019\/03\/10-carcel.jpg 750w, https:\/\/www.hoymercedes.com.ar\/principal\/wp-content\/uploads\/2019\/03\/10-carcel-150x112.jpg 150w, https:\/\/www.hoymercedes.com.ar\/principal\/wp-content\/uploads\/2019\/03\/10-carcel-630x471.jpg 630w, https:\/\/www.hoymercedes.com.ar\/principal\/wp-content\/uploads\/2019\/03\/10-carcel-320x240.jpg 320w, https:\/\/www.hoymercedes.com.ar\/principal\/wp-content\/uploads\/2019\/03\/10-carcel-100x75.jpg 100w\" sizes=\"auto, (max-width: 750px) 100vw, 750px\" \/><\/figure>\n","protected":false},"excerpt":{"rendered":"<p>Con motivo de la conmemoraci\u00f3n del 8 de Marzo, D\u00eda Internacional de la Mujer, en la Unidad Penitenciaria N\u00b0 5 &#8230; <a title=\"El Anexo Femenino festej\u00f3 jugando al futbol\" class=\"read-more\" href=\"https:\/\/www.hoymercedes.com.ar\/principal\/2019\/03\/10\/el-anexo-femenino-festejo-jugando-al-futbol\/\" aria-label=\"Leer m\u00e1s sobre El Anexo Femenino festej\u00f3 jugando al futbol\">Leer m\u00e1s<\/a><\/p>\n","protected":false},"author":1,"featured_media":89247,"comment_status":"closed","ping_status":"open","sticky":false,"template":"","format":"standard","meta":{"_monsterinsights_skip_tracking":false,"_monsterinsights_sitenote_active":false,"_monsterinsights_sitenote_note":"","_monsterinsights_sitenote_category":0,"jetpack_post_was_ever_published":false,"_jetpack_newsletter_access":"","_jetpack_dont_email_post_to_subs":false,"_jetpack_newsletter_tier_id":0,"_jetpack_memberships_contains_paywalled_content":false,"_jetpack_memberships_contains_paid_content":false,"footnotes":"","jetpack_publicize_message":"","jetpack_publicize_feature_enabled":true,"jetpack_social_post_already_shared":true,"jetpack_social_options":{"image_generator_settings":{"template":"highway","default_image_id":0,"font":"","enabled":false},"version":2},"_wpas_customize_per_network":false},"categories":[8],"tags":[9124,1011,525],"class_list":["post-89246","post","type-post","status-publish","format-standard","has-post-thumbnail","hentry","category-sociedad","tag-anexo-femenino","tag-carcel","tag-dia-de-la-mujer","generate-columns","tablet-grid-50","mobile-grid-100","grid-parent","grid-50"],"jetpack_publicize_connections":[],"jetpack_featured_media_url":"https:\/\/www.hoymercedes.com.ar\/principal\/wp-content\/uploads\/2019\/03\/10-carcel.jpg","wps_subtitle":"D\u00eda de la Mujer en la c\u00e1rcel","jetpack_sharing_enabled":true,"_links":{"self":[{"href":"https:\/\/www.hoymercedes.com.ar\/principal\/wp-json\/wp\/v2\/posts\/89246","targetHints":{"allow":["GET"]}}],"collection":[{"href":"https:\/\/www.hoymercedes.com.ar\/principal\/wp-json\/wp\/v2\/posts"}],"about":[{"href":"https:\/\/www.hoymercedes.com.ar\/principal\/wp-json\/wp\/v2\/types\/post"}],"author":[{"embeddable":true,"href":"https:\/\/www.hoymercedes.com.ar\/principal\/wp-json\/wp\/v2\/users\/1"}],"replies":[{"embeddable":true,"href":"https:\/\/www.hoymercedes.com.ar\/principal\/wp-json\/wp\/v2\/comments?post=89246"}],"version-history":[{"count":0,"href":"https:\/\/www.hoymercedes.com.ar\/principal\/wp-json\/wp\/v2\/posts\/89246\/revisions"}],"wp:featuredmedia":[{"embeddable":true,"href":"https:\/\/www.hoymercedes.com.ar\/principal\/wp-json\/wp\/v2\/media\/89247"}],"wp:attachment":[{"href":"https:\/\/www.hoymercedes.com.ar\/principal\/wp-json\/wp\/v2\/media?parent=89246"}],"wp:term":[{"taxonomy":"category","embeddable":true,"href":"https:\/\/www.hoymercedes.com.ar\/principal\/wp-json\/wp\/v2\/categories?post=89246"},{"taxonomy":"post_tag","embeddable":true,"href":"https:\/\/www.hoymercedes.com.ar\/principal\/wp-json\/wp\/v2\/tags?post=89246"}],"curies":[{"name":"wp","href":"https:\/\/api.w.org\/{rel}","templated":true}]}}