{"id":89270,"date":"2019-03-11T12:08:39","date_gmt":"2019-03-11T15:08:39","guid":{"rendered":"http:\/\/www.hoymercedes.com.ar\/principal\/?p=89270"},"modified":"2019-03-11T12:08:46","modified_gmt":"2019-03-11T15:08:46","slug":"en-un-partido-con-polemicas-el-fronton-se-trajo-un-empate-de-carmen-de-areco","status":"publish","type":"post","link":"https:\/\/www.hoymercedes.com.ar\/principal\/2019\/03\/11\/en-un-partido-con-polemicas-el-fronton-se-trajo-un-empate-de-carmen-de-areco\/","title":{"rendered":"En un partido con pol\u00e9micas, El Front\u00f3n se trajo un empate de Carmen de Areco"},"content":{"rendered":"\n<p><strong>Infociudadsag.<\/strong> El Bosque del Club Sportsman de Carmen de Areco fue el escenario de la fecha 7 del Torneo Regional Amateur. El local, recibi\u00f3 al Club El Front\u00f3n en un duelo m\u00e1s que interesante. Ambos se jugaban mucho en pos de la clasificaci\u00f3n.<\/p>\n\n\n\n<figure class=\"wp-block-image\"><img loading=\"lazy\" decoding=\"async\" width=\"696\" height=\"400\" data-attachment-id=\"89271\" data-permalink=\"https:\/\/www.hoymercedes.com.ar\/principal\/2019\/03\/11\/en-un-partido-con-polemicas-el-fronton-se-trajo-un-empate-de-carmen-de-areco\/fronton-2-sportsman-2\/#main\" data-orig-file=\"https:\/\/www.hoymercedes.com.ar\/principal\/wp-content\/uploads\/2019\/03\/Fronton-2-sportsman-2.jpg\" data-orig-size=\"696,400\" data-comments-opened=\"0\" data-image-meta=\"{&quot;aperture&quot;:&quot;0&quot;,&quot;credit&quot;:&quot;&quot;,&quot;camera&quot;:&quot;&quot;,&quot;caption&quot;:&quot;&quot;,&quot;created_timestamp&quot;:&quot;0&quot;,&quot;copyright&quot;:&quot;&quot;,&quot;focal_length&quot;:&quot;0&quot;,&quot;iso&quot;:&quot;0&quot;,&quot;shutter_speed&quot;:&quot;0&quot;,&quot;title&quot;:&quot;&quot;,&quot;orientation&quot;:&quot;0&quot;}\" data-image-title=\"Fronton 2 sportsman 2\" data-image-description=\"\" data-image-caption=\"\" data-large-file=\"https:\/\/www.hoymercedes.com.ar\/principal\/wp-content\/uploads\/2019\/03\/Fronton-2-sportsman-2.jpg\" src=\"https:\/\/www.hoymercedes.com.ar\/principal\/wp-content\/uploads\/2019\/03\/Fronton-2-sportsman-2.jpg\" alt=\"\" class=\"wp-image-89271\" srcset=\"https:\/\/www.hoymercedes.com.ar\/principal\/wp-content\/uploads\/2019\/03\/Fronton-2-sportsman-2.jpg 696w, https:\/\/www.hoymercedes.com.ar\/principal\/wp-content\/uploads\/2019\/03\/Fronton-2-sportsman-2-150x86.jpg 150w, https:\/\/www.hoymercedes.com.ar\/principal\/wp-content\/uploads\/2019\/03\/Fronton-2-sportsman-2-630x362.jpg 630w\" sizes=\"auto, (max-width: 696px) 100vw, 696px\" \/><\/figure>\n\n\n\n<p>Front\u00f3n llegaba con la ilusi\u00f3n de afianzarse en la zona de clasificaci\u00f3n. Los dirigidos por Stopiello sab\u00edan que gan\u00e1ndole al&nbsp;<em>Aurinegro<\/em>&nbsp;eliminaban a un rival directo en la lucha de la zona alta. Los locales, necesitaban una victoria para no perder pisada. Nada pod\u00eda fallar.<\/p>\n\n\n\n<p>Front\u00f3n solo present\u00f3 un cambio con respecto al partido anterior. Caputto; Rold\u00e1n, T\u00e1mparo, Randazzo, Barrientos; Pissinis, Gonz\u00e1lez, Grosso, Gussoni; Paolacci y Alarc\u00f3n, fueron los elegidos por el DT. Scheffer, que hab\u00eda sido titular ante Mercedes, por motivos laborales no pudo estar.<\/p>\n\n\n\n<p>El encuentro arranc\u00f3 con el&nbsp;<em>Azulgrana<\/em>&nbsp;con mayor movilidad. Los gilenses tuvieron dos claras en los 10 minutos iniciales que no pudieron concretar, en una de ellas Gussoni (F) no logr\u00f3 conectar casi abajo del arco.<\/p>\n\n\n\n<p>Luego del gran inicio del equipo de nuestra ciudad, lleg\u00f3 la respuesta del local. A los 11\u00b4 el \u00e1rbitro Bruno no cobr\u00f3 una clara mano en el \u00e1rea que era penal para Sportsman, pero dos minutos m\u00e1s tarde, el juez sancion\u00f3 con la pena m\u00e1xima una simulaci\u00f3n de Puchetta (S) para el \u00d3scar. Para fortuna de Front\u00f3n, Palacios (S) pinch\u00f3 una nube desde los 12 pasos.<\/p>\n\n\n\n<p>El golpe de escena dej\u00f3 mal herido al Lobo y Front\u00f3n lo aprovech\u00f3. Tras ejecutar r\u00e1pido un c\u00f3rner, Barrientos (F) tom\u00f3 una pelota a pocos metros del v\u00e9rtice del \u00e1rea. El lateral envi\u00f3 un buen centro que, tras varios rebotes, Gonz\u00e1lez (F) empuj\u00f3 sobre la l\u00ednea. Antes del cuarto de hora, Front\u00f3n ganaba 1 a 0.<\/p>\n\n\n\n<p>A partir del gol, el partido se rompi\u00f3. Front\u00f3n se complic\u00f3 en la mitad del campo y Sportsman con muy poco comenz\u00f3 a recuperar el mando. Las imprecisiones estuvieron a la orden del d\u00eda. A los 35\u00b4el local aprovech\u00f3 una subida de Barrientos (F) para meter una contra por su banda. Pissinis (F), que fue amonestado por protestar, tuvo que evitar el corte y tras una buena combinaci\u00f3n con Peralta (S) fue Palacios (S) quien qued\u00f3 mano a mano con el arquero. El 9, esta vez, no fall\u00f3 y puso el empate.<\/p>\n\n\n\n<p>La mala sigui\u00f3. En el final del primer tiempo, Front\u00f3n se durmi\u00f3 y lo pag\u00f3 caro. Sportsman jug\u00f3 r\u00e1pido un c\u00f3rner para que Rocha (S) saque un zurdazo potente que dio en el palo, el rebote lo captur\u00f3 Palacios (S) que con un contundente remate puso el 2 a 1. La primera parte termin\u00f3 con un baldazo de agua fr\u00eda para el&nbsp;<em>Azulgrana<\/em>.<\/p>\n\n\n\n<p>En el segundo tiempo, Front\u00f3n mejor\u00f3 gracias el ingreso de Zapata (F) por Pissinis (F) y el regreso de Grosso (F) como volante central. Los gilenses ganaron volumen de juego y otra vez fueron protagonistas en el inicio. A los 61\u00b4el ingresado volante, que ocup\u00f3 el sector derecho, recibi\u00f3 un centro de Gonz\u00e1lez (F) que con un fuerte disparo mand\u00f3 al fondo de la red para el 2 a 2. Encima a los 65\u00b4 Marcos Rocha (S) fue expulsado por doble amarilla.<\/p>\n\n\n\n<p>Cuando parec\u00eda que todo estaba dado para que Front\u00f3n consiga la victoria, los gilenses entraron en la vor\u00e1gine que propuso una visita s\u00faper necesitada. Los ingresos de Lozano (F) y Tallarico (F) no gravitaron, la pelota casi siempre estuvo en el aire y la diferencia num\u00e9rica no se not\u00f3. Sportsman intent\u00f3 con un equipo partido en defensa \u2013 ataque y Front\u00f3n no pudo tomarse un tiempo para pensar.<\/p>\n\n\n\n<p>Los minutos corrieron y el final lleg\u00f3, aunque no pas\u00f3 desapercibido. La \u00faltima jugada fue una buena combinaci\u00f3n entre Lozano (F) y Gonz\u00e1lez (F) habilit\u00f3 a Tallarico (F) con un clar\u00edsimo pase atr\u00e1s. El joven atacante la empuj\u00f3 a la profundidad del arco, pero el l\u00ednea Su\u00e1rez anul\u00f3 el gol por posici\u00f3n adelantada. Un delirio. El partido termin\u00f3 2 a 2 con los dos equipos protestando a una terna que tuvo un muy flojo desempe\u00f1o.<\/p>\n\n\n\n<p><strong>La ficha<\/strong><\/p>\n\n\n\n<p><strong>Sportsman (2):<\/strong>&nbsp;Gaspar Rubio (4); Mat\u00edas Vel\u00e1zquez (4), Facundo Salaburu (6), Emiliano Lago (6) y Marcos Rocha (4); Francisco Spena (5), Juan Cosmede (5,5), Gast\u00f3n Peralta (6), Nicol\u00e1s Rocha (5,5);&nbsp;<strong>Nicol\u00e1s Puchetta (7)<\/strong>&nbsp;y Mat\u00edas Palacios (6,5). DT: Enzo Acu\u00f1a. Suplentes: Gonzalo Rubio, Juli\u00e1n Casas, Franco Gua y Axel Rold\u00e1n. Ingresaron:&nbsp;Galeazzi (5),&nbsp;Tab\u00e1rez (5) y&nbsp;Fortina (-).<\/p>\n\n\n\n<p><strong>Front\u00f3n (2):<\/strong>&nbsp;Mat\u00edas Caputo (5); Nicol\u00e1s Rold\u00e1n (6,5), Nicol\u00e1s Randazzo (6), Ezequiel T\u00e1mparo (6) y Gabriel Barrientos (5,5); Aldo Pisinis (4), Federico Grosso (6), Marcelo Gonz\u00e1lez (6) y Pedro Gussoni (6); Mat\u00edas Paolacci (4,5) y Juli\u00e1n Alarc\u00f3n (4,5). DT: Germ\u00e1n Stopiello. Suplentes: Mateo Valli, Pablo D\u00edaz, Daniel Busca y Jos\u00e9 Mansilla. Ingresaron: Zapata (6), Lozano (-) y Tallarico (-).<\/p>\n","protected":false},"excerpt":{"rendered":"<p>Infociudadsag. El Bosque del Club Sportsman de Carmen de Areco fue el escenario de la fecha 7 del Torneo Regional &#8230; <a title=\"En un partido con pol\u00e9micas, El Front\u00f3n se trajo un empate de Carmen de Areco\" class=\"read-more\" href=\"https:\/\/www.hoymercedes.com.ar\/principal\/2019\/03\/11\/en-un-partido-con-polemicas-el-fronton-se-trajo-un-empate-de-carmen-de-areco\/\" aria-label=\"Leer m\u00e1s sobre En un partido con pol\u00e9micas, El Front\u00f3n se trajo un empate de Carmen de Areco\">Leer m\u00e1s<\/a><\/p>\n","protected":false},"author":1,"featured_media":89271,"comment_status":"closed","ping_status":"open","sticky":false,"template":"","format":"standard","meta":{"_monsterinsights_skip_tracking":false,"_monsterinsights_sitenote_active":false,"_monsterinsights_sitenote_note":"","_monsterinsights_sitenote_category":0,"jetpack_post_was_ever_published":false,"_jetpack_newsletter_access":"","_jetpack_dont_email_post_to_subs":false,"_jetpack_newsletter_tier_id":0,"_jetpack_memberships_contains_paywalled_content":false,"_jetpack_memberships_contains_paid_content":false,"footnotes":"","jetpack_publicize_message":"","jetpack_publicize_feature_enabled":true,"jetpack_social_post_already_shared":true,"jetpack_social_options":{"image_generator_settings":{"template":"highway","default_image_id":0,"font":"","enabled":false},"version":2},"_wpas_customize_per_network":false},"categories":[8],"tags":[1812,14255,2123,14496],"class_list":["post-89270","post","type-post","status-publish","format-standard","has-post-thumbnail","hentry","category-sociedad","tag-el-fronton","tag-regional-amateur","tag-san-andres-de-giles","tag-sportsman-carmen-de-areco","generate-columns","tablet-grid-50","mobile-grid-100","grid-parent","grid-50"],"jetpack_publicize_connections":[],"jetpack_featured_media_url":"https:\/\/www.hoymercedes.com.ar\/principal\/wp-content\/uploads\/2019\/03\/Fronton-2-sportsman-2.jpg","wps_subtitle":"Regional Amateur","jetpack_sharing_enabled":true,"_links":{"self":[{"href":"https:\/\/www.hoymercedes.com.ar\/principal\/wp-json\/wp\/v2\/posts\/89270","targetHints":{"allow":["GET"]}}],"collection":[{"href":"https:\/\/www.hoymercedes.com.ar\/principal\/wp-json\/wp\/v2\/posts"}],"about":[{"href":"https:\/\/www.hoymercedes.com.ar\/principal\/wp-json\/wp\/v2\/types\/post"}],"author":[{"embeddable":true,"href":"https:\/\/www.hoymercedes.com.ar\/principal\/wp-json\/wp\/v2\/users\/1"}],"replies":[{"embeddable":true,"href":"https:\/\/www.hoymercedes.com.ar\/principal\/wp-json\/wp\/v2\/comments?post=89270"}],"version-history":[{"count":0,"href":"https:\/\/www.hoymercedes.com.ar\/principal\/wp-json\/wp\/v2\/posts\/89270\/revisions"}],"wp:featuredmedia":[{"embeddable":true,"href":"https:\/\/www.hoymercedes.com.ar\/principal\/wp-json\/wp\/v2\/media\/89271"}],"wp:attachment":[{"href":"https:\/\/www.hoymercedes.com.ar\/principal\/wp-json\/wp\/v2\/media?parent=89270"}],"wp:term":[{"taxonomy":"category","embeddable":true,"href":"https:\/\/www.hoymercedes.com.ar\/principal\/wp-json\/wp\/v2\/categories?post=89270"},{"taxonomy":"post_tag","embeddable":true,"href":"https:\/\/www.hoymercedes.com.ar\/principal\/wp-json\/wp\/v2\/tags?post=89270"}],"curies":[{"name":"wp","href":"https:\/\/api.w.org\/{rel}","templated":true}]}}