{"id":89274,"date":"2019-03-11T12:11:19","date_gmt":"2019-03-11T15:11:19","guid":{"rendered":"http:\/\/www.hoymercedes.com.ar\/principal\/?p=89274"},"modified":"2019-03-11T13:34:07","modified_gmt":"2019-03-11T16:34:07","slug":"la-pelea-por-el-tercer-mejor-clasificado-posiciona-a-los-de-la-zona-1","status":"publish","type":"post","link":"https:\/\/www.hoymercedes.com.ar\/principal\/2019\/03\/11\/la-pelea-por-el-tercer-mejor-clasificado-posiciona-a-los-de-la-zona-1\/","title":{"rendered":"La pelea por el tercer mejor clasificado posiciona a los de la Zona 1"},"content":{"rendered":"\n<p>Por como se van dando los resultados, todo parece indicar que el tercer clasificado saldr\u00e1 de la Zona 1, la que integran Club Mercedes, El Front\u00f3n y Bragado Club. Si bien este lunes se juegan dos partidos de equipos que pelean por ser el mejor clasificado, aunque Sport Club Magdalena y Atl\u00e9tico Las Campanas ganen, har\u00e1n peligrar al conjunto de San Andr\u00e9s de Giles, hoy el mejor de los tres terceros.<\/p>\n\n\n\n<div class=\"wp-block-image\"><figure class=\"aligncenter\"><img loading=\"lazy\" decoding=\"async\" width=\"527\" height=\"193\" data-attachment-id=\"89275\" data-permalink=\"https:\/\/www.hoymercedes.com.ar\/principal\/2019\/03\/11\/la-pelea-por-el-tercer-mejor-clasificado-posiciona-a-los-de-la-zona-1\/terceros-2\/#main\" data-orig-file=\"https:\/\/www.hoymercedes.com.ar\/principal\/wp-content\/uploads\/2019\/03\/Terceros.png\" data-orig-size=\"527,193\" data-comments-opened=\"0\" data-image-meta=\"{&quot;aperture&quot;:&quot;0&quot;,&quot;credit&quot;:&quot;&quot;,&quot;camera&quot;:&quot;&quot;,&quot;caption&quot;:&quot;&quot;,&quot;created_timestamp&quot;:&quot;0&quot;,&quot;copyright&quot;:&quot;&quot;,&quot;focal_length&quot;:&quot;0&quot;,&quot;iso&quot;:&quot;0&quot;,&quot;shutter_speed&quot;:&quot;0&quot;,&quot;title&quot;:&quot;&quot;,&quot;orientation&quot;:&quot;0&quot;}\" data-image-title=\"Terceros\" data-image-description=\"\" data-image-caption=\"\" data-large-file=\"https:\/\/www.hoymercedes.com.ar\/principal\/wp-content\/uploads\/2019\/03\/Terceros.png\" src=\"https:\/\/www.hoymercedes.com.ar\/principal\/wp-content\/uploads\/2019\/03\/Terceros.png\" alt=\"\" class=\"wp-image-89275\" srcset=\"https:\/\/www.hoymercedes.com.ar\/principal\/wp-content\/uploads\/2019\/03\/Terceros.png 527w, https:\/\/www.hoymercedes.com.ar\/principal\/wp-content\/uploads\/2019\/03\/Terceros-150x55.png 150w\" sizes=\"auto, (max-width: 527px) 100vw, 527px\" \/><\/figure><\/div>\n\n\n\n<p>Tras los resultados del fin de semana, el cuadro de Germ\u00e1n Stopiello qued\u00f3 en la tercera colocaci\u00f3n y hoy es el mejor de los tres equipos, ya que Deportivo Pila y Mitre de San Pedro hoy tienen siete unidades contra las diez del l\u00edder de esa tabla de terceros.<\/p>\n\n\n\n<p>La particularidad es que Mitre y Pila tienen todav\u00eda tres partidos por delante y El Front\u00f3n dos, por lo que podr\u00eda haber un eventual empate y ah\u00ed regir\u00e1 la diferencia de gol. Por otra parte, el caso de El Front\u00f3n tambi\u00e9n es singular, ya que Club Mercedes tiene diez puntos, pero mejor diferencia de gol y Bragado Club once, por lo que, de quedar terceros, tambi\u00e9n tienen una leve ventaja al resto pensando en el futuro.<\/p>\n\n\n\n<p>En cuanto a los clasificados, a tres fechas del final El Linque\u00f1o, con 6 victorias en misma cantidad de partidos es l\u00edder de la Zona 2 y se asegur\u00f3 el pase de ronda. Los primeros dos eliminados son Trocha y Social Ramallo, que ya no tienen ninguna chance.<\/p>\n","protected":false},"excerpt":{"rendered":"<p>Por como se van dando los resultados, todo parece indicar que el tercer clasificado saldr\u00e1 de la Zona 1, la &#8230; <a title=\"La pelea por el tercer mejor clasificado posiciona a los de la Zona 1\" class=\"read-more\" href=\"https:\/\/www.hoymercedes.com.ar\/principal\/2019\/03\/11\/la-pelea-por-el-tercer-mejor-clasificado-posiciona-a-los-de-la-zona-1\/\" aria-label=\"Leer m\u00e1s sobre La pelea por el tercer mejor clasificado posiciona a los de la Zona 1\">Leer m\u00e1s<\/a><\/p>\n","protected":false},"author":1,"featured_media":89275,"comment_status":"closed","ping_status":"open","sticky":false,"template":"","format":"standard","meta":{"_monsterinsights_skip_tracking":false,"_monsterinsights_sitenote_active":false,"_monsterinsights_sitenote_note":"","_monsterinsights_sitenote_category":0,"jetpack_post_was_ever_published":false,"_jetpack_newsletter_access":"","_jetpack_dont_email_post_to_subs":false,"_jetpack_newsletter_tier_id":0,"_jetpack_memberships_contains_paywalled_content":false,"_jetpack_memberships_contains_paid_content":false,"footnotes":"","jetpack_publicize_message":"","jetpack_publicize_feature_enabled":true,"jetpack_social_post_already_shared":true,"jetpack_social_options":{"image_generator_settings":{"template":"highway","default_image_id":0,"font":"","enabled":false},"version":2},"_wpas_customize_per_network":false},"categories":[21],"tags":[1812,14608,14255],"class_list":["post-89274","post","type-post","status-publish","format-standard","has-post-thumbnail","hentry","category-deportes","tag-el-fronton","tag-mitre-san-pedro","tag-regional-amateur","generate-columns","tablet-grid-50","mobile-grid-100","grid-parent","grid-50"],"jetpack_publicize_connections":[],"jetpack_featured_media_url":"https:\/\/www.hoymercedes.com.ar\/principal\/wp-content\/uploads\/2019\/03\/Terceros.png","wps_subtitle":"Regional Amateur","jetpack_sharing_enabled":true,"_links":{"self":[{"href":"https:\/\/www.hoymercedes.com.ar\/principal\/wp-json\/wp\/v2\/posts\/89274","targetHints":{"allow":["GET"]}}],"collection":[{"href":"https:\/\/www.hoymercedes.com.ar\/principal\/wp-json\/wp\/v2\/posts"}],"about":[{"href":"https:\/\/www.hoymercedes.com.ar\/principal\/wp-json\/wp\/v2\/types\/post"}],"author":[{"embeddable":true,"href":"https:\/\/www.hoymercedes.com.ar\/principal\/wp-json\/wp\/v2\/users\/1"}],"replies":[{"embeddable":true,"href":"https:\/\/www.hoymercedes.com.ar\/principal\/wp-json\/wp\/v2\/comments?post=89274"}],"version-history":[{"count":0,"href":"https:\/\/www.hoymercedes.com.ar\/principal\/wp-json\/wp\/v2\/posts\/89274\/revisions"}],"wp:featuredmedia":[{"embeddable":true,"href":"https:\/\/www.hoymercedes.com.ar\/principal\/wp-json\/wp\/v2\/media\/89275"}],"wp:attachment":[{"href":"https:\/\/www.hoymercedes.com.ar\/principal\/wp-json\/wp\/v2\/media?parent=89274"}],"wp:term":[{"taxonomy":"category","embeddable":true,"href":"https:\/\/www.hoymercedes.com.ar\/principal\/wp-json\/wp\/v2\/categories?post=89274"},{"taxonomy":"post_tag","embeddable":true,"href":"https:\/\/www.hoymercedes.com.ar\/principal\/wp-json\/wp\/v2\/tags?post=89274"}],"curies":[{"name":"wp","href":"https:\/\/api.w.org\/{rel}","templated":true}]}}