{"id":89327,"date":"2019-03-12T22:48:19","date_gmt":"2019-03-13T01:48:19","guid":{"rendered":"http:\/\/www.hoymercedes.com.ar\/principal\/?p=89327"},"modified":"2019-03-12T19:58:59","modified_gmt":"2019-03-12T22:58:59","slug":"nueva-edicion-de-la-fiesta-regional-de-teatro-independiente","status":"publish","type":"post","link":"https:\/\/www.hoymercedes.com.ar\/principal\/2019\/03\/12\/nueva-edicion-de-la-fiesta-regional-de-teatro-independiente\/","title":{"rendered":"Nueva edici\u00f3n de la Fiesta Regional de Teatro Independiente"},"content":{"rendered":"\n<p>Del viernes 15 al domingo 17 de marzo, Mercedes ser\u00e1 sede de la Fiesta Regional de Teatro Independiente, una de las ocho que se desarrollan en la provincia de Buenos Aires con el auspicio del Consejo Provincial de Teatro Independiente (CPTI) y el apoyo de la Direcci\u00f3n de Cultura de la Municipalidad de Mercedes. <\/p>\n\n\n\n<p>De nuestra regi\u00f3n, la 1, saldr\u00e1n tres obras para participar de la Fiesta Provincial del Teatro \u2014que tendr\u00e1 lugar en Pergamino\u2014, instancia de selecci\u00f3n de los trabajos que representar\u00e1n a nuestra provincia en la Fiesta Nacional del Teatro.<\/p>\n\n\n\n<p>En esta fiesta en Mercedes, ser\u00e1n cuatro las sedes en las que se har\u00e1n las funciones de las doce obras participantes, se ofrecer\u00e1n dos talleres, se presentar\u00e1 un libro, habr\u00e1 una charla de cierre de cada jornada y se realizar\u00e1n actividades que fomentar\u00e1n el encuentro y el intercambio entre m\u00e1s de cien artistas. Daniel Valenzuela (actor), Gustavo Armas (actor, director y docente de la UNA) y Jorge Naipauer (director teatral mercedino) conforman el jurado que elegir\u00e1 las tres obras ganadoras.<\/p>\n\n\n\n<p>El p\u00fablico podr\u00e1 acceder de manera libre y gratuita a todas las actividades. Las entradas para ver las obras seleccionadas se entregar\u00e1n en cada sala antes de las funciones por orden de llegada.<\/p>\n\n\n\n<p>Las obras participantes son: Anomia, de Org\u00eda Teatro (Vicente L\u00f3pez); A todas las bestias con nombre (General San Mart\u00edn); Cositas m\u00edas, por el Grupo Puro Teatro (Vicente L\u00f3pez); De vuelta, del Grupo de Teatro Carretero (Tres de Febrero); Diez noches en el cuadrado, por el Grupo Tawa Teatro (General San Mart\u00edn); El pan de la locura, por Club de Teatro, (Luj\u00e1n); Katyusha, del Grupo Heterog\u00e9neas (Mor\u00f3n); La ceremonia, por la Compa\u00f1\u00eda Babilonia (General San Mart\u00edn); La malasangre, por el Grupo Didascalias Rojas (Malvinas Argentinas); Tic Tac, el h\u00e9roe del tiempo, de la Compa\u00f1\u00eda Omar \u00c1lvarez T\u00edteres (General San Mart\u00edn); 13 y martes, del Grupo Teatral Los Rufianes (Vicente L\u00f3pez), y Unx de nosotrxs muere (San Miguel)<\/p>\n\n\n\n<figure class=\"wp-block-image\"><img loading=\"lazy\" decoding=\"async\" width=\"658\" height=\"1024\" data-attachment-id=\"89411\" data-permalink=\"https:\/\/www.hoymercedes.com.ar\/principal\/2019\/03\/13\/comenzo-la-campana-de-vacunacion-contra-la-fiebre-aftosa\/12-teatro-1\/#main\" data-orig-file=\"https:\/\/www.hoymercedes.com.ar\/principal\/wp-content\/uploads\/2019\/03\/12-teatro-1.jpg\" data-orig-size=\"823,1280\" data-comments-opened=\"0\" data-image-meta=\"{&quot;aperture&quot;:&quot;0&quot;,&quot;credit&quot;:&quot;&quot;,&quot;camera&quot;:&quot;&quot;,&quot;caption&quot;:&quot;&quot;,&quot;created_timestamp&quot;:&quot;0&quot;,&quot;copyright&quot;:&quot;&quot;,&quot;focal_length&quot;:&quot;0&quot;,&quot;iso&quot;:&quot;0&quot;,&quot;shutter_speed&quot;:&quot;0&quot;,&quot;title&quot;:&quot;&quot;,&quot;orientation&quot;:&quot;0&quot;}\" data-image-title=\"12 teatro 1\" data-image-description=\"\" data-image-caption=\"\" data-large-file=\"https:\/\/www.hoymercedes.com.ar\/principal\/wp-content\/uploads\/2019\/03\/12-teatro-1-658x1024.jpg\" src=\"https:\/\/www.hoymercedes.com.ar\/principal\/wp-content\/uploads\/2019\/03\/12-teatro-1-658x1024.jpg\" alt=\"\" class=\"wp-image-89411\" srcset=\"https:\/\/www.hoymercedes.com.ar\/principal\/wp-content\/uploads\/2019\/03\/12-teatro-1-658x1024.jpg 658w, https:\/\/www.hoymercedes.com.ar\/principal\/wp-content\/uploads\/2019\/03\/12-teatro-1-96x150.jpg 96w, https:\/\/www.hoymercedes.com.ar\/principal\/wp-content\/uploads\/2019\/03\/12-teatro-1-399x620.jpg 399w, https:\/\/www.hoymercedes.com.ar\/principal\/wp-content\/uploads\/2019\/03\/12-teatro-1.jpg 823w\" sizes=\"auto, (max-width: 658px) 100vw, 658px\" \/><\/figure>\n\n\n\n<p><strong>Viernes 15<\/strong><\/p>\n\n\n\n<p>18 hs.: apertura oficial (La Cultural Dumer).<\/p>\n\n\n\n<p>18:30 hs.: presentaci\u00f3n del libro Una rosa en el desierto, de Claudia Quiroga (Dumer).<\/p>\n\n\n\n<p>19:30 hs.: Katyusha (Dumer).<\/p>\n\n\n\n<p>21 hs.: La ceremonia (Teatro Argentino).<\/p>\n\n\n\n<p>23 hs.: De vuelta (Dumer).<\/p>\n\n\n\n<p>23:30 hs.: charla de cierre de la jornada (Dumer).<\/p>\n\n\n\n<p>A continuaci\u00f3n, jam session musical (Dumer).<\/p>\n\n\n\n<p><strong>S\u00e1bado 16<\/strong><\/p>\n\n\n\n<p>10 hs.: taller de entrenamiento corporal a cargo de la Compa\u00f1\u00eda Babilonia (Teatro Argentino).<\/p>\n\n\n\n<p>14 hs.: 13 y martes (Complejo Cultural La Trocha).<\/p>\n\n\n\n<p>16 hs.: Tic Tac, el h\u00e9roe del tiempo (Casa Cultural La Gotera).<\/p>\n\n\n\n<p>17:30 hs.: Diez noches en el cuadrado (Teatro Argentino).<\/p>\n\n\n\n<p>19:30 hs.: Unx de nosotrxs muere (La Trocha).<\/p>\n\n\n\n<p>22 hs.: Anomia (La Gotera).<\/p>\n\n\n\n<p>22:30 hs.: charla de cierre de la jornada (La Gotera).<\/p>\n\n\n\n<p>A continuaci\u00f3n, fiesta con los elencos participantes.<\/p>\n\n\n\n<p><strong>Domingo 17<\/strong><\/p>\n\n\n\n<p>10 hs.: taller Arte e inclusi\u00f3n, por Roxana Bernaule (Teatro Argentino).<\/p>\n\n\n\n<p>14 hs.: El pan de la locura (Teatro Argentino).<\/p>\n\n\n\n<p>16:30 hs.: Cositas m\u00edas (La Trocha).<\/p>\n\n\n\n<p>18 hs.: A todas las bestias con nombre (Teatro Argentino).<\/p>\n\n\n\n<p>19:30 hs.: La malasangre (La Trocha).<\/p>\n\n\n\n<p>21 hs.: charla de cierre de la jornada (La Trocha).<\/p>\n\n\n\n<p>21:30 hs.: premiaci\u00f3n y cierre (La Trocha).<\/p>\n\n\n\n<p><strong>Espacios<\/strong><\/p>\n\n\n\n<p>Casa Cultural La Gotera: Calle 29 N\u00b0 984, esq. 42.<\/p>\n\n\n\n<p>Complejo Cultural La Trocha: Avenida 40 y 21.<\/p>\n\n\n\n<p>La Cultural Dumer: Calle 10 N\u00b0 760, entre 31 y 33.<\/p>\n\n\n\n<p>Teatro Argentino: Calle 27 N\u00b0 578.<\/p>\n","protected":false},"excerpt":{"rendered":"<p>Del viernes 15 al domingo 17 de marzo, Mercedes ser\u00e1 sede de la Fiesta Regional de Teatro Independiente, una de &#8230; <a title=\"Nueva edici\u00f3n de la Fiesta Regional de Teatro Independiente\" class=\"read-more\" href=\"https:\/\/www.hoymercedes.com.ar\/principal\/2019\/03\/12\/nueva-edicion-de-la-fiesta-regional-de-teatro-independiente\/\" aria-label=\"Leer m\u00e1s sobre Nueva edici\u00f3n de la Fiesta Regional de Teatro Independiente\">Leer m\u00e1s<\/a><\/p>\n","protected":false},"author":1,"featured_media":89412,"comment_status":"closed","ping_status":"open","sticky":false,"template":"","format":"standard","meta":{"_monsterinsights_skip_tracking":false,"_monsterinsights_sitenote_active":false,"_monsterinsights_sitenote_note":"","_monsterinsights_sitenote_category":0,"jetpack_post_was_ever_published":false,"_jetpack_newsletter_access":"","_jetpack_dont_email_post_to_subs":false,"_jetpack_newsletter_tier_id":0,"_jetpack_memberships_contains_paywalled_content":false,"_jetpack_memberships_contains_paid_content":false,"footnotes":"","jetpack_publicize_message":"","jetpack_publicize_feature_enabled":true,"jetpack_social_post_already_shared":true,"jetpack_social_options":{"image_generator_settings":{"template":"highway","default_image_id":0,"font":"","enabled":false},"version":2},"_wpas_customize_per_network":false},"categories":[104],"tags":[7805,1057,477],"class_list":["post-89327","post","type-post","status-publish","format-standard","has-post-thumbnail","hentry","category-cultura","tag-cultura","tag-regional","tag-teatro-independiente","generate-columns","tablet-grid-50","mobile-grid-100","grid-parent","grid-50"],"jetpack_publicize_connections":[],"jetpack_featured_media_url":"https:\/\/www.hoymercedes.com.ar\/principal\/wp-content\/uploads\/2019\/03\/12-teatro-2.jpg","wps_subtitle":"Fin de semana de teatro gratuito","jetpack_sharing_enabled":true,"_links":{"self":[{"href":"https:\/\/www.hoymercedes.com.ar\/principal\/wp-json\/wp\/v2\/posts\/89327","targetHints":{"allow":["GET"]}}],"collection":[{"href":"https:\/\/www.hoymercedes.com.ar\/principal\/wp-json\/wp\/v2\/posts"}],"about":[{"href":"https:\/\/www.hoymercedes.com.ar\/principal\/wp-json\/wp\/v2\/types\/post"}],"author":[{"embeddable":true,"href":"https:\/\/www.hoymercedes.com.ar\/principal\/wp-json\/wp\/v2\/users\/1"}],"replies":[{"embeddable":true,"href":"https:\/\/www.hoymercedes.com.ar\/principal\/wp-json\/wp\/v2\/comments?post=89327"}],"version-history":[{"count":0,"href":"https:\/\/www.hoymercedes.com.ar\/principal\/wp-json\/wp\/v2\/posts\/89327\/revisions"}],"wp:featuredmedia":[{"embeddable":true,"href":"https:\/\/www.hoymercedes.com.ar\/principal\/wp-json\/wp\/v2\/media\/89412"}],"wp:attachment":[{"href":"https:\/\/www.hoymercedes.com.ar\/principal\/wp-json\/wp\/v2\/media?parent=89327"}],"wp:term":[{"taxonomy":"category","embeddable":true,"href":"https:\/\/www.hoymercedes.com.ar\/principal\/wp-json\/wp\/v2\/categories?post=89327"},{"taxonomy":"post_tag","embeddable":true,"href":"https:\/\/www.hoymercedes.com.ar\/principal\/wp-json\/wp\/v2\/tags?post=89327"}],"curies":[{"name":"wp","href":"https:\/\/api.w.org\/{rel}","templated":true}]}}