{"id":89329,"date":"2019-03-11T19:50:43","date_gmt":"2019-03-11T22:50:43","guid":{"rendered":"http:\/\/www.hoymercedes.com.ar\/principal\/?p=89329"},"modified":"2019-03-12T09:38:56","modified_gmt":"2019-03-12T12:38:56","slug":"concejales-acordaron-presidencias-y-dias-de-las-comisiones-de-trabajo","status":"publish","type":"post","link":"https:\/\/www.hoymercedes.com.ar\/principal\/2019\/03\/11\/concejales-acordaron-presidencias-y-dias-de-las-comisiones-de-trabajo\/","title":{"rendered":"Concejales acordaron presidencias y d\u00edas de las comisiones de trabajo"},"content":{"rendered":"\n<p>Durante la primera sesi\u00f3n ordinaria del Concejo Deliberante, los legisladores mercedinos acordaron los d\u00edas y horarios de sus sesiones y de las comisiones de trabajo semanales. Se solicit\u00f3 que haya una comisi\u00f3n especial que tenga como tem\u00e1ticas G\u00e9nero y Diversidad. <\/p>\n\n\n\n<figure class=\"wp-block-image\"><img loading=\"lazy\" decoding=\"async\" width=\"800\" height=\"600\" data-attachment-id=\"89330\" data-permalink=\"https:\/\/www.hoymercedes.com.ar\/principal\/2019\/03\/11\/concejales-acordaron-presidencias-y-dias-de-las-comisiones-de-trabajo\/11-sesiin0\/#main\" data-orig-file=\"https:\/\/www.hoymercedes.com.ar\/principal\/wp-content\/uploads\/2019\/03\/11-sesiin0.jpg\" data-orig-size=\"800,600\" data-comments-opened=\"0\" data-image-meta=\"{&quot;aperture&quot;:&quot;0&quot;,&quot;credit&quot;:&quot;&quot;,&quot;camera&quot;:&quot;&quot;,&quot;caption&quot;:&quot;&quot;,&quot;created_timestamp&quot;:&quot;0&quot;,&quot;copyright&quot;:&quot;&quot;,&quot;focal_length&quot;:&quot;0&quot;,&quot;iso&quot;:&quot;0&quot;,&quot;shutter_speed&quot;:&quot;0&quot;,&quot;title&quot;:&quot;&quot;,&quot;orientation&quot;:&quot;0&quot;}\" data-image-title=\"11 sesiin0\" data-image-description=\"\" data-image-caption=\"\" data-large-file=\"https:\/\/www.hoymercedes.com.ar\/principal\/wp-content\/uploads\/2019\/03\/11-sesiin0.jpg\" src=\"https:\/\/www.hoymercedes.com.ar\/principal\/wp-content\/uploads\/2019\/03\/11-sesiin0.jpg\" alt=\"\" class=\"wp-image-89330\" srcset=\"https:\/\/www.hoymercedes.com.ar\/principal\/wp-content\/uploads\/2019\/03\/11-sesiin0.jpg 800w, https:\/\/www.hoymercedes.com.ar\/principal\/wp-content\/uploads\/2019\/03\/11-sesiin0-150x113.jpg 150w, https:\/\/www.hoymercedes.com.ar\/principal\/wp-content\/uploads\/2019\/03\/11-sesiin0-630x473.jpg 630w, https:\/\/www.hoymercedes.com.ar\/principal\/wp-content\/uploads\/2019\/03\/11-sesiin0-320x240.jpg 320w, https:\/\/www.hoymercedes.com.ar\/principal\/wp-content\/uploads\/2019\/03\/11-sesiin0-100x75.jpg 100w\" sizes=\"auto, (max-width: 800px) 100vw, 800px\" \/><\/figure>\n\n\n\n<p>Por unanimidad, acordaron continuar con las sesiones ordinarias los 2* y 4* lunes de cada mes, exceptuando los d\u00edas que haya feriados, para lo cual se acordar\u00e1 con los integrantes del cuerpo. <\/p>\n\n\n\n<p>Asimismo, hubo algunas modificaciones en las presidencias de las comisiones de trabajo a ra\u00edz de los cambios de autoridades y modificaciones internas de los legisladores. <br><\/p>\n\n\n\n<p>La comisi\u00f3n de legislaci\u00f3n se reunir\u00e1 los martes, 9 horas, y est\u00e1 presidida por Evangelina Cabral, en tanto la comisi\u00f3n de patrimonio, ser\u00e1 presidida este a\u00f1o por Juan Mart\u00edn Andr\u00e9s y contin\u00faa reuni\u00e9ndose los martes, 11 horas. <\/p>\n\n\n\n<p>Los martes, 12 horas, la comisi\u00f3n de acci\u00f3n social se reunir\u00e1 con la presidencia de Mariana San Mart\u00edn, mientras que a la hora 15, Carlos Milhomme encabezar\u00e1 la comisi\u00f3n de obras p\u00fablicas. <\/p>\n\n\n\n<p>Los d\u00edas mi\u00e9rcoles, 10 horas, se reunir\u00e1 la comisi\u00f3n de seguridad que preside Ceferino Costa, y a la hora 12, la comisi\u00f3n de hacienda, se reunir\u00e1 con la presidencia de Edgardo Kilmeatte. <\/p>\n\n\n\n<p>En el marco de la sesi\u00f3n, el bloque del Frente Mercedino para la Victoria solicit\u00f3 la creaci\u00f3n de una comisi\u00f3n especial para el corriente a\u00f1o legislativo. La propuesta es que la comisi\u00f3n trabaje proyectos sobre G\u00e9nero y Diversidad. La propuesta es evaluada en la Comisi\u00f3n de Legislaci\u00f3n. <\/p>\n","protected":false},"excerpt":{"rendered":"<p>Durante la primera sesi\u00f3n ordinaria del Concejo Deliberante, los legisladores mercedinos acordaron los d\u00edas y horarios de sus sesiones y &#8230; <a title=\"Concejales acordaron presidencias y d\u00edas de las comisiones de trabajo\" class=\"read-more\" href=\"https:\/\/www.hoymercedes.com.ar\/principal\/2019\/03\/11\/concejales-acordaron-presidencias-y-dias-de-las-comisiones-de-trabajo\/\" aria-label=\"Leer m\u00e1s sobre Concejales acordaron presidencias y d\u00edas de las comisiones de trabajo\">Leer m\u00e1s<\/a><\/p>\n","protected":false},"author":1,"featured_media":89330,"comment_status":"closed","ping_status":"open","sticky":false,"template":"","format":"standard","meta":{"_monsterinsights_skip_tracking":false,"_monsterinsights_sitenote_active":false,"_monsterinsights_sitenote_note":"","_monsterinsights_sitenote_category":0,"jetpack_post_was_ever_published":false,"_jetpack_newsletter_access":"","_jetpack_dont_email_post_to_subs":false,"_jetpack_newsletter_tier_id":0,"_jetpack_memberships_contains_paywalled_content":false,"_jetpack_memberships_contains_paid_content":false,"footnotes":"","jetpack_publicize_message":"","jetpack_publicize_feature_enabled":true,"jetpack_social_post_already_shared":true,"jetpack_social_options":{"image_generator_settings":{"template":"highway","default_image_id":0,"font":"","enabled":false},"version":2},"_wpas_customize_per_network":false},"categories":[8],"tags":[14618,15,8969],"class_list":["post-89329","post","type-post","status-publish","format-standard","has-post-thumbnail","hentry","category-sociedad","tag-comisiones-de-trabajo","tag-hcd","tag-sesion-ordinaria","generate-columns","tablet-grid-50","mobile-grid-100","grid-parent","grid-50"],"jetpack_publicize_connections":[],"jetpack_featured_media_url":"https:\/\/www.hoymercedes.com.ar\/principal\/wp-content\/uploads\/2019\/03\/11-sesiin0.jpg","wps_subtitle":"En sesi\u00f3n ordinaria","jetpack_sharing_enabled":true,"_links":{"self":[{"href":"https:\/\/www.hoymercedes.com.ar\/principal\/wp-json\/wp\/v2\/posts\/89329","targetHints":{"allow":["GET"]}}],"collection":[{"href":"https:\/\/www.hoymercedes.com.ar\/principal\/wp-json\/wp\/v2\/posts"}],"about":[{"href":"https:\/\/www.hoymercedes.com.ar\/principal\/wp-json\/wp\/v2\/types\/post"}],"author":[{"embeddable":true,"href":"https:\/\/www.hoymercedes.com.ar\/principal\/wp-json\/wp\/v2\/users\/1"}],"replies":[{"embeddable":true,"href":"https:\/\/www.hoymercedes.com.ar\/principal\/wp-json\/wp\/v2\/comments?post=89329"}],"version-history":[{"count":0,"href":"https:\/\/www.hoymercedes.com.ar\/principal\/wp-json\/wp\/v2\/posts\/89329\/revisions"}],"wp:featuredmedia":[{"embeddable":true,"href":"https:\/\/www.hoymercedes.com.ar\/principal\/wp-json\/wp\/v2\/media\/89330"}],"wp:attachment":[{"href":"https:\/\/www.hoymercedes.com.ar\/principal\/wp-json\/wp\/v2\/media?parent=89329"}],"wp:term":[{"taxonomy":"category","embeddable":true,"href":"https:\/\/www.hoymercedes.com.ar\/principal\/wp-json\/wp\/v2\/categories?post=89329"},{"taxonomy":"post_tag","embeddable":true,"href":"https:\/\/www.hoymercedes.com.ar\/principal\/wp-json\/wp\/v2\/tags?post=89329"}],"curies":[{"name":"wp","href":"https:\/\/api.w.org\/{rel}","templated":true}]}}