{"id":89357,"date":"2019-03-12T11:23:14","date_gmt":"2019-03-12T14:23:14","guid":{"rendered":"http:\/\/www.hoymercedes.com.ar\/principal\/?p=89357"},"modified":"2019-03-12T17:40:40","modified_gmt":"2019-03-12T20:40:40","slug":"gran-performance-de-los-equipos-mercedinos-en-la-copa-nacional-de-campeones","status":"publish","type":"post","link":"https:\/\/www.hoymercedes.com.ar\/principal\/2019\/03\/12\/gran-performance-de-los-equipos-mercedinos-en-la-copa-nacional-de-campeones\/","title":{"rendered":"Gran performance de los equipos mercedinos en la Copa Nacional de Campeones"},"content":{"rendered":"\n<p>El fin de semana pasado se diput\u00f3 dicho certamen en la localidad de Tandil, donde los conjuntos que representaron a nuestra ciudad tuvieron una destacada participaci\u00f3n. La etapa regional de julio se disputar\u00e1 en La Brava Villa Deportiva. <\/p>\n\n\n\n<figure class=\"wp-block-image\"><img loading=\"lazy\" decoding=\"async\" width=\"1024\" height=\"559\" data-attachment-id=\"89358\" data-permalink=\"https:\/\/www.hoymercedes.com.ar\/principal\/2019\/03\/12\/gran-performance-de-los-equipos-mercedinos-en-la-copa-nacional-de-campeones\/35-los-pericos\/#main\" data-orig-file=\"https:\/\/www.hoymercedes.com.ar\/principal\/wp-content\/uploads\/2019\/03\/35-Los-Pericos.jpeg\" data-orig-size=\"1074,586\" data-comments-opened=\"0\" data-image-meta=\"{&quot;aperture&quot;:&quot;0&quot;,&quot;credit&quot;:&quot;&quot;,&quot;camera&quot;:&quot;&quot;,&quot;caption&quot;:&quot;&quot;,&quot;created_timestamp&quot;:&quot;0&quot;,&quot;copyright&quot;:&quot;&quot;,&quot;focal_length&quot;:&quot;0&quot;,&quot;iso&quot;:&quot;0&quot;,&quot;shutter_speed&quot;:&quot;0&quot;,&quot;title&quot;:&quot;&quot;,&quot;orientation&quot;:&quot;0&quot;}\" data-image-title=\"+35 (Los Pericos)\" data-image-description=\"\" data-image-caption=\"\" data-large-file=\"https:\/\/www.hoymercedes.com.ar\/principal\/wp-content\/uploads\/2019\/03\/35-Los-Pericos-1024x559.jpeg\" src=\"https:\/\/www.hoymercedes.com.ar\/principal\/wp-content\/uploads\/2019\/03\/35-Los-Pericos-1024x559.jpeg\" alt=\"\" class=\"wp-image-89358\" srcset=\"https:\/\/www.hoymercedes.com.ar\/principal\/wp-content\/uploads\/2019\/03\/35-Los-Pericos-1024x559.jpeg 1024w, https:\/\/www.hoymercedes.com.ar\/principal\/wp-content\/uploads\/2019\/03\/35-Los-Pericos-150x82.jpeg 150w, https:\/\/www.hoymercedes.com.ar\/principal\/wp-content\/uploads\/2019\/03\/35-Los-Pericos-630x344.jpeg 630w, https:\/\/www.hoymercedes.com.ar\/principal\/wp-content\/uploads\/2019\/03\/35-Los-Pericos.jpeg 1074w\" sizes=\"auto, (max-width: 1024px) 100vw, 1024px\" \/><\/figure>\n\n\n\n<p>Con gran ilusi\u00f3n y mucho f\u00fatbol partieron los planteles mercedinos rumbo a la localidad serrana de Tandil, a fin de disputar la Copa Nacional de Campeones. La misma se llev\u00f3 a cabo los d\u00edas dos, tres y cuatro, aprovechando el fin de semana de carnaval, y participaron conjuntos de 34 ciudades de 10 diferentes provincias, adem\u00e1s de equipos invitados de Chile y Uruguay.<\/p>\n\n\n\n<p>Recordemos que, para\nacceder a este certamen, los equipos debieron participar de una etapa\nclasificatoria en cada localidad. En el caso de Mercedes, esta etapa se llev\u00f3 a\ncabo en La Brava Villa Deportiva, quien tom\u00f3 la posta de traspasar frontera en\nel futbol amateur de la ciudad.<\/p>\n\n\n\n<figure class=\"wp-block-image\"><img loading=\"lazy\" decoding=\"async\" width=\"764\" height=\"530\" data-attachment-id=\"89359\" data-permalink=\"https:\/\/www.hoymercedes.com.ar\/principal\/2019\/03\/12\/gran-performance-de-los-equipos-mercedinos-en-la-copa-nacional-de-campeones\/femenino\/#main\" data-orig-file=\"https:\/\/www.hoymercedes.com.ar\/principal\/wp-content\/uploads\/2019\/03\/femenino.jpeg\" data-orig-size=\"764,530\" data-comments-opened=\"0\" data-image-meta=\"{&quot;aperture&quot;:&quot;0&quot;,&quot;credit&quot;:&quot;&quot;,&quot;camera&quot;:&quot;&quot;,&quot;caption&quot;:&quot;&quot;,&quot;created_timestamp&quot;:&quot;0&quot;,&quot;copyright&quot;:&quot;&quot;,&quot;focal_length&quot;:&quot;0&quot;,&quot;iso&quot;:&quot;0&quot;,&quot;shutter_speed&quot;:&quot;0&quot;,&quot;title&quot;:&quot;&quot;,&quot;orientation&quot;:&quot;0&quot;}\" data-image-title=\"femenino\" data-image-description=\"\" data-image-caption=\"\" data-large-file=\"https:\/\/www.hoymercedes.com.ar\/principal\/wp-content\/uploads\/2019\/03\/femenino.jpeg\" src=\"https:\/\/www.hoymercedes.com.ar\/principal\/wp-content\/uploads\/2019\/03\/femenino.jpeg\" alt=\"\" class=\"wp-image-89359\" srcset=\"https:\/\/www.hoymercedes.com.ar\/principal\/wp-content\/uploads\/2019\/03\/femenino.jpeg 764w, https:\/\/www.hoymercedes.com.ar\/principal\/wp-content\/uploads\/2019\/03\/femenino-150x104.jpeg 150w, https:\/\/www.hoymercedes.com.ar\/principal\/wp-content\/uploads\/2019\/03\/femenino-630x437.jpeg 630w\" sizes=\"auto, (max-width: 764px) 100vw, 764px\" \/><\/figure>\n\n\n\n<p>Las diferentes\ncategor\u00edas en las que Mercedes tuvo representaci\u00f3n fueron: Femenino (Club\nMercedes), Fair Play (La Brava FC), +35 (Los Pericos), +40 (La Cortada FC) y\nlibre (La Pesada FC).<\/p>\n\n\n\n<p>A pesar de no haberse\npodido coronar, los diferentes equipos accedieron a instancias de relevancia en\nlas copas de oro, plata y bronce, donde se observ\u00f3 un f\u00fatbol de muy alto nivel.<\/p>\n\n\n\n<p><strong>La palabra de los protagonistas: <\/strong><\/p>\n\n\n\n<p>Ya de nuevo en la ciudad, los jugadores se mostraron absolutamente satisfechos, tanto con el certamen disputado y con la actuaci\u00f3n alcanzada, como as\u00ed tambi\u00e9n por las vivencias compartidas. \u00abComo deportistas amateur, debemos decir que es lo m\u00e1s cerca que estuvimos del profesionalismo, ya que el torneo cont\u00f3 con excelentes canchas, una inmejorable organizaci\u00f3n, partidos televisados, y fundamentalmente los jugadores nos sentimos muy cuidados.\u00ab Asimismo, sostuvieron que \u00abFue hermoso haber compartido un fin de semana con personas que sienten la misma pasi\u00f3n por el f\u00fatbol que nosotros, independientemente de que sean de otro pa\u00edses, provincias y ciudades. Realmente, nos sentimos hermanados por el deporte\u00bb<br> <strong>A prepararse para el regional: <\/strong><\/p>\n\n\n\n<p>Sin descanso, los\nhermanos Bonamino, ya se encuentran en los preparativos para garantizar que la\netapa regional que se disputar\u00e1 en La Brava Villa Deportiva, sea un verdadero\n\u00e9xito como lo vienen siendo los torneos que all\u00ed se organizan. Recordemos que\neste gran epicentro del deporte con el que cuenta nuestra ciudad, fue elegido\npor la organizaci\u00f3n de la Copa Nacional de Campeones para que se dispute esta\nimportante etapa en el mes de julio. <\/p>\n","protected":false},"excerpt":{"rendered":"<p>El fin de semana pasado se diput\u00f3 dicho certamen en la localidad de Tandil, donde los conjuntos que representaron a &#8230; <a title=\"Gran performance de los equipos mercedinos en la Copa Nacional de Campeones\" class=\"read-more\" href=\"https:\/\/www.hoymercedes.com.ar\/principal\/2019\/03\/12\/gran-performance-de-los-equipos-mercedinos-en-la-copa-nacional-de-campeones\/\" aria-label=\"Leer m\u00e1s sobre Gran performance de los equipos mercedinos en la Copa Nacional de Campeones\">Leer m\u00e1s<\/a><\/p>\n","protected":false},"author":1,"featured_media":89358,"comment_status":"closed","ping_status":"open","sticky":false,"template":"","format":"standard","meta":{"_monsterinsights_skip_tracking":false,"_monsterinsights_sitenote_active":false,"_monsterinsights_sitenote_note":"","_monsterinsights_sitenote_category":0,"jetpack_post_was_ever_published":false,"_jetpack_newsletter_access":"","_jetpack_dont_email_post_to_subs":false,"_jetpack_newsletter_tier_id":0,"_jetpack_memberships_contains_paywalled_content":false,"_jetpack_memberships_contains_paid_content":false,"footnotes":"","jetpack_publicize_message":"","jetpack_publicize_feature_enabled":true,"jetpack_social_post_already_shared":true,"jetpack_social_options":{"image_generator_settings":{"template":"highway","default_image_id":0,"font":"","enabled":false},"version":2},"_wpas_customize_per_network":false},"categories":[21],"tags":[14551,204],"class_list":["post-89357","post","type-post","status-publish","format-standard","has-post-thumbnail","hentry","category-deportes","tag-copa-nacional-de-campeones","tag-deportes-2","generate-columns","tablet-grid-50","mobile-grid-100","grid-parent","grid-50"],"jetpack_publicize_connections":[],"jetpack_featured_media_url":"https:\/\/www.hoymercedes.com.ar\/principal\/wp-content\/uploads\/2019\/03\/35-Los-Pericos.jpeg","wps_subtitle":"","jetpack_sharing_enabled":true,"_links":{"self":[{"href":"https:\/\/www.hoymercedes.com.ar\/principal\/wp-json\/wp\/v2\/posts\/89357","targetHints":{"allow":["GET"]}}],"collection":[{"href":"https:\/\/www.hoymercedes.com.ar\/principal\/wp-json\/wp\/v2\/posts"}],"about":[{"href":"https:\/\/www.hoymercedes.com.ar\/principal\/wp-json\/wp\/v2\/types\/post"}],"author":[{"embeddable":true,"href":"https:\/\/www.hoymercedes.com.ar\/principal\/wp-json\/wp\/v2\/users\/1"}],"replies":[{"embeddable":true,"href":"https:\/\/www.hoymercedes.com.ar\/principal\/wp-json\/wp\/v2\/comments?post=89357"}],"version-history":[{"count":0,"href":"https:\/\/www.hoymercedes.com.ar\/principal\/wp-json\/wp\/v2\/posts\/89357\/revisions"}],"wp:featuredmedia":[{"embeddable":true,"href":"https:\/\/www.hoymercedes.com.ar\/principal\/wp-json\/wp\/v2\/media\/89358"}],"wp:attachment":[{"href":"https:\/\/www.hoymercedes.com.ar\/principal\/wp-json\/wp\/v2\/media?parent=89357"}],"wp:term":[{"taxonomy":"category","embeddable":true,"href":"https:\/\/www.hoymercedes.com.ar\/principal\/wp-json\/wp\/v2\/categories?post=89357"},{"taxonomy":"post_tag","embeddable":true,"href":"https:\/\/www.hoymercedes.com.ar\/principal\/wp-json\/wp\/v2\/tags?post=89357"}],"curies":[{"name":"wp","href":"https:\/\/api.w.org\/{rel}","templated":true}]}}