{"id":89370,"date":"2019-03-13T07:50:18","date_gmt":"2019-03-13T10:50:18","guid":{"rendered":"http:\/\/www.hoymercedes.com.ar\/principal\/?p=89370"},"modified":"2019-03-11T21:08:09","modified_gmt":"2019-03-12T00:08:09","slug":"galgueros-lidera-la-liguilla-de-los-clasificados","status":"publish","type":"post","link":"https:\/\/www.hoymercedes.com.ar\/principal\/2019\/03\/13\/galgueros-lidera-la-liguilla-de-los-clasificados\/","title":{"rendered":"Galgueros lidera la liguilla de los clasificados"},"content":{"rendered":"\n<p>Dentro del complejo del Sindicato de la Carne Mercedes, el buen futbol volvi\u00f3 a ser protagonista en otra tarde m\u00e1s de s\u00e1bado, la cual acompa\u00f1ada por el buen clima y los grandes partidos, fue totalmente fabuloso. Cada plantel de los menores, nuevamente tuvo otra batalla por delante. Como la dos caras de la moneda, Walter Banega concret\u00f3 la fecha de los clasificados y la de los no clasificados.<\/p>\n\n\n\n<figure class=\"wp-block-image\"><img loading=\"lazy\" decoding=\"async\" width=\"1024\" height=\"576\" data-attachment-id=\"89371\" data-permalink=\"https:\/\/www.hoymercedes.com.ar\/principal\/2019\/03\/13\/galgueros-lidera-la-liguilla-de-los-clasificados\/galgueros-2\/#main\" data-orig-file=\"https:\/\/www.hoymercedes.com.ar\/principal\/wp-content\/uploads\/2019\/03\/Galgueros-2.jpeg\" data-orig-size=\"1280,720\" data-comments-opened=\"0\" data-image-meta=\"{&quot;aperture&quot;:&quot;0&quot;,&quot;credit&quot;:&quot;&quot;,&quot;camera&quot;:&quot;&quot;,&quot;caption&quot;:&quot;&quot;,&quot;created_timestamp&quot;:&quot;0&quot;,&quot;copyright&quot;:&quot;&quot;,&quot;focal_length&quot;:&quot;0&quot;,&quot;iso&quot;:&quot;0&quot;,&quot;shutter_speed&quot;:&quot;0&quot;,&quot;title&quot;:&quot;&quot;,&quot;orientation&quot;:&quot;0&quot;}\" data-image-title=\"Galgueros 2\" data-image-description=\"\" data-image-caption=\"\" data-large-file=\"https:\/\/www.hoymercedes.com.ar\/principal\/wp-content\/uploads\/2019\/03\/Galgueros-2-1024x576.jpeg\" src=\"https:\/\/www.hoymercedes.com.ar\/principal\/wp-content\/uploads\/2019\/03\/Galgueros-2-1024x576.jpeg\" alt=\"\" class=\"wp-image-89371\" srcset=\"https:\/\/www.hoymercedes.com.ar\/principal\/wp-content\/uploads\/2019\/03\/Galgueros-2-1024x576.jpeg 1024w, https:\/\/www.hoymercedes.com.ar\/principal\/wp-content\/uploads\/2019\/03\/Galgueros-2-150x84.jpeg 150w, https:\/\/www.hoymercedes.com.ar\/principal\/wp-content\/uploads\/2019\/03\/Galgueros-2-630x354.jpeg 630w, https:\/\/www.hoymercedes.com.ar\/principal\/wp-content\/uploads\/2019\/03\/Galgueros-2.jpeg 1280w\" sizes=\"auto, (max-width: 1024px) 100vw, 1024px\" \/><\/figure>\n\n\n\n<p><strong>El l\u00edder<br><\/strong>Galgueros fue efectivo una vez m\u00e1s. Ya suma 4 unidades en dos presentaciones. Se puso el overol y barri\u00f3 del camino a Gimnasio M&amp;M por cuatro goles a uno. El mencionado team sigue por la senda victoriosa, fue uno de los mejores en la fase regular, y es un serio candidato para quedarse con el trofeo del primer puesto.<\/p>\n\n\n\n<p><strong>El que no le pierde<br><\/strong>En lo que fue la fase de zonas, San Mart\u00edn pele\u00f3 cabeza a cabeza con Galgueros. Luego del empate de ayer por la tarde, qued\u00f3 a una unidad, y suma tres puntos. En lo que fue uno de los mejores encuentros de la tarde, los chicos del barrio igualaron tres a tres ante un poderoso adversario, Estudio Jur\u00eddico Pagano-Poggio, que est\u00e1 en el ante \u00faltimo lugar de la tabla de posiciones con 1 punto.<\/p>\n\n\n\n<p><strong>El lote de perseguidores<br><\/strong>Los Pibes, Verduler\u00eda Roc\u00edo, El Rejunte y Despensa El Cone se posicionan con dos puntos cada uno. En primera instancia, Los Pibes enfrent\u00f3 a Verduler\u00eda Roc\u00edo. Con toda su clase futbol\u00edstica, los verduleros vapulearon a Los Pibes por 5 a 0. En los papeles previo al duelo nadie firmaba un resultado as\u00ed, pero en el f\u00fatbol cualquier cosa puede pasar. El Rejunte y El Cone se vieron las caras en el campo de juego. Con buenas individualidades, como la de Diego S\u00e1nchez, quien manej\u00f3 los hilos de su equipo, Despensa El Cone gan\u00f3 por cuatro tantos contra dos.<\/p>\n\n\n\n<p>Por el lado de los no clasificados, Culebras encabeza las posiciones con 4 puntos. Fue el verdugo de Carnicer\u00eda la 11-Refrigeraci\u00f3n D&amp;N por dos a cero. Quilmes tambi\u00e9n comenz\u00f3 la dicha fase con el pie derecho. Se midi\u00f3 frente a Cromos Taller Gr\u00e1ficos y lo dobleg\u00f3 tres a uno. Finalmente, De Rabona sum\u00f3 sus primeras unidades, luego de derrotar al Bosquecito Peluquer\u00eda Juan Cesar por dos a nada.<\/p>\n\n\n\n<p><strong>Resultados completos Copa Mercedes Deportes<br><\/strong>Cromos Taller Gr\u00e1ficos: 2 (Claudio R\u00edos 2).<br>Quilmes: 3 (Gustavo B\u00edsforo 2, Mat\u00edas Nieves)<\/p>\n\n\n\n<p>San Mart\u00edn: 3 (Diego Maiorana, Federico Del Bianco, Wilson Alcaraz).<br>Estudio Jur\u00eddico Pagano Poggio: 3 (Carlos Dubertti 2, Mat\u00edas Sansone)<\/p>\n\n\n\n<p>El Rejunte: 2 (Francisco Ballesteros, Gast\u00f3n Garc\u00eda).<br>Despensa El Cone: 4 (Claudio Viducci, Franco Novo, Maximiliano Guzm\u00e1n 2)<\/p>\n\n\n\n<p>Verduler\u00eda Roc\u00edo: 5 (Marcelo Odda, Luciano Lecouna, Daniel Becerra 2, Enzo Cabrera).<br>Los Pibes: 0<\/p>\n\n\n\n<p>Culebras FC: 2 (N\u00e9stor Lescano, Emanuel Ayala).<br>Carnicer\u00eda La 11-Refrigeraci\u00f3n D&amp;N: 0.<\/p>\n\n\n\n<p>De Rabona: 2 (Juan Belgrano, Walter N\u00fa\u00f1ez).<br>El Bosquecito-Peluquer\u00eda Juan Cesar: 0<\/p>\n\n\n\n<p>Gimnasio M&amp;M: 1 (Cristian Ag\u00fcero).<br>Galgueros: 4 (Maximiliano Mandrini, Luis L\u00f3pez, Sergio Chaparro, Contreras).<\/p>\n","protected":false},"excerpt":{"rendered":"<p>Dentro del complejo del Sindicato de la Carne Mercedes, el buen futbol volvi\u00f3 a ser protagonista en otra tarde m\u00e1s &#8230; <a title=\"Galgueros lidera la liguilla de los clasificados\" class=\"read-more\" href=\"https:\/\/www.hoymercedes.com.ar\/principal\/2019\/03\/13\/galgueros-lidera-la-liguilla-de-los-clasificados\/\" aria-label=\"Leer m\u00e1s sobre Galgueros lidera la liguilla de los clasificados\">Leer m\u00e1s<\/a><\/p>\n","protected":false},"author":1,"featured_media":89371,"comment_status":"closed","ping_status":"open","sticky":false,"template":"","format":"standard","meta":{"_monsterinsights_skip_tracking":false,"_monsterinsights_sitenote_active":false,"_monsterinsights_sitenote_note":"","_monsterinsights_sitenote_category":0,"jetpack_post_was_ever_published":false,"_jetpack_newsletter_access":"","_jetpack_dont_email_post_to_subs":false,"_jetpack_newsletter_tier_id":0,"_jetpack_memberships_contains_paywalled_content":false,"_jetpack_memberships_contains_paid_content":false,"footnotes":"","jetpack_publicize_message":"","jetpack_publicize_feature_enabled":true,"jetpack_social_post_already_shared":true,"jetpack_social_options":{"image_generator_settings":{"template":"highway","default_image_id":0,"font":"","enabled":false},"version":2},"_wpas_customize_per_network":false},"categories":[21],"tags":[1789],"class_list":["post-89370","post","type-post","status-publish","format-standard","has-post-thumbnail","hentry","category-deportes","tag-sindicato-de-la-carne","generate-columns","tablet-grid-50","mobile-grid-100","grid-parent","grid-50"],"jetpack_publicize_connections":[],"jetpack_featured_media_url":"https:\/\/www.hoymercedes.com.ar\/principal\/wp-content\/uploads\/2019\/03\/Galgueros-2.jpeg","wps_subtitle":"Sindicato de la Carne","jetpack_sharing_enabled":true,"jetpack-related-posts":[{"id":91080,"url":"https:\/\/www.hoymercedes.com.ar\/principal\/2019\/04\/09\/electromecanica-zunino-campeon-de-los-veteranos\/","url_meta":{"origin":89370,"position":0},"title":"Electromec\u00e1nica Zunino campe\u00f3n de los veteranos","author":"hoymercedes","date":"9 abril, 2019","format":false,"excerpt":"Mientras que el torneo libre sigue a todo vapor en ambas zonas, de clasificados y no clasificados, el gran certamen de los mayores concluy\u00f3 con una final\u00edsima, acorde a la jerarqu\u00eda que tuvo el torneo en el transcurso de todas sus fechas. Copa Goodyear Neum\u00e1ticosEntre Lo Jarrones y Electromec\u00e1nica Zunino\u2026","rel":"","context":"En \u00abDeportes\u00bb","block_context":{"text":"Deportes","link":"https:\/\/www.hoymercedes.com.ar\/principal\/category\/deportes\/"},"img":{"alt_text":"","src":"https:\/\/i0.wp.com\/www.hoymercedes.com.ar\/principal\/wp-content\/uploads\/2019\/04\/e-zunino.jpg.jpg?resize=350%2C200&ssl=1","width":350,"height":200,"srcset":"https:\/\/i0.wp.com\/www.hoymercedes.com.ar\/principal\/wp-content\/uploads\/2019\/04\/e-zunino.jpg.jpg?resize=350%2C200&ssl=1 1x, https:\/\/i0.wp.com\/www.hoymercedes.com.ar\/principal\/wp-content\/uploads\/2019\/04\/e-zunino.jpg.jpg?resize=525%2C300&ssl=1 1.5x, https:\/\/i0.wp.com\/www.hoymercedes.com.ar\/principal\/wp-content\/uploads\/2019\/04\/e-zunino.jpg.jpg?resize=700%2C400&ssl=1 2x, https:\/\/i0.wp.com\/www.hoymercedes.com.ar\/principal\/wp-content\/uploads\/2019\/04\/e-zunino.jpg.jpg?resize=1050%2C600&ssl=1 3x, https:\/\/i0.wp.com\/www.hoymercedes.com.ar\/principal\/wp-content\/uploads\/2019\/04\/e-zunino.jpg.jpg?resize=1400%2C800&ssl=1 4x"},"classes":[]},{"id":89025,"url":"https:\/\/www.hoymercedes.com.ar\/principal\/2019\/03\/04\/la-liguilla-de-clasificados-comenzo-a-puro-gol\/","url_meta":{"origin":89370,"position":1},"title":"La liguilla de clasificados comenz\u00f3 a puro gol","author":"hoymercedes","date":"4 marzo, 2019","format":false,"excerpt":"Se concret\u00f3 la primera jornada con entretenidos partidos. Los no clasificados tambi\u00e9n tienen disputan un competitivo torneo. Se disput\u00f3 la ante \u00faltima fecha de la clasificaci\u00f3n para los veteranos. En el complejo del Sindicato de la Carne Mercedes no descansa, y menos su f\u00fatbol. De la mano de Walter Banega\u2026","rel":"","context":"En \u00abDeportes\u00bb","block_context":{"text":"Deportes","link":"https:\/\/www.hoymercedes.com.ar\/principal\/category\/deportes\/"},"img":{"alt_text":"","src":"https:\/\/i0.wp.com\/www.hoymercedes.com.ar\/principal\/wp-content\/uploads\/2019\/03\/Galgueros.jpg.jpg?resize=350%2C200&ssl=1","width":350,"height":200,"srcset":"https:\/\/i0.wp.com\/www.hoymercedes.com.ar\/principal\/wp-content\/uploads\/2019\/03\/Galgueros.jpg.jpg?resize=350%2C200&ssl=1 1x, https:\/\/i0.wp.com\/www.hoymercedes.com.ar\/principal\/wp-content\/uploads\/2019\/03\/Galgueros.jpg.jpg?resize=525%2C300&ssl=1 1.5x, https:\/\/i0.wp.com\/www.hoymercedes.com.ar\/principal\/wp-content\/uploads\/2019\/03\/Galgueros.jpg.jpg?resize=700%2C400&ssl=1 2x, https:\/\/i0.wp.com\/www.hoymercedes.com.ar\/principal\/wp-content\/uploads\/2019\/03\/Galgueros.jpg.jpg?resize=1050%2C600&ssl=1 3x, https:\/\/i0.wp.com\/www.hoymercedes.com.ar\/principal\/wp-content\/uploads\/2019\/03\/Galgueros.jpg.jpg?resize=1400%2C800&ssl=1 4x"},"classes":[]},{"id":90575,"url":"https:\/\/www.hoymercedes.com.ar\/principal\/2019\/04\/01\/se-viene-la-super-final-para-los-veteranos-del-sindicato\/","url_meta":{"origin":89370,"position":2},"title":"Se viene la s\u00faper final para los veteranos del Sindicato","author":"hoymercedes","date":"1 abril, 2019","format":false,"excerpt":"La misma ser\u00e1 disputada por Lo Jarrones contra Electromec\u00e1nica Zunino. Ambos superaron sus semifinales. En menores, pas\u00f3 una nueva jornada de f\u00fatbol. El torneo nocturno de la m\u00e1ster tuvo su acci\u00f3n, as\u00ed como tambi\u00e9n el campeonato de la categor\u00eda libre; ambos organizados de manera m\u00e1s que correcta por Walter Banega.\u2026","rel":"","context":"En \u00abDeportes\u00bb","block_context":{"text":"Deportes","link":"https:\/\/www.hoymercedes.com.ar\/principal\/category\/deportes\/"},"img":{"alt_text":"","src":"https:\/\/i0.wp.com\/www.hoymercedes.com.ar\/principal\/wp-content\/uploads\/2019\/04\/quilmes.jpg.jpg?resize=350%2C200&ssl=1","width":350,"height":200,"srcset":"https:\/\/i0.wp.com\/www.hoymercedes.com.ar\/principal\/wp-content\/uploads\/2019\/04\/quilmes.jpg.jpg?resize=350%2C200&ssl=1 1x, https:\/\/i0.wp.com\/www.hoymercedes.com.ar\/principal\/wp-content\/uploads\/2019\/04\/quilmes.jpg.jpg?resize=525%2C300&ssl=1 1.5x, https:\/\/i0.wp.com\/www.hoymercedes.com.ar\/principal\/wp-content\/uploads\/2019\/04\/quilmes.jpg.jpg?resize=700%2C400&ssl=1 2x"},"classes":[]},{"id":93376,"url":"https:\/\/www.hoymercedes.com.ar\/principal\/2019\/05\/21\/sindicato-de-la-carne-verduleria-rocio-se-consagro-campeon\/","url_meta":{"origin":89370,"position":3},"title":"Sindicato de la Carne: Verduler\u00eda Roc\u00edo se consagr\u00f3 campe\u00f3n","author":"hoymercedes","date":"21 mayo, 2019","format":false,"excerpt":"En una s\u00faper final, fue verdugo del Barrio San Mart\u00edn. Todo se defini\u00f3 en la tanda de los penales. Sigue la acci\u00f3n en el certamen de veteranos. A pesar de algunas lluvias ca\u00eddas en la tarde del s\u00e1bado, dentro del complejo futbol\u00edstico, igualmente el f\u00fatbol tuvo su lugar, y fue\u2026","rel":"","context":"En \u00abDeportes\u00bb","block_context":{"text":"Deportes","link":"https:\/\/www.hoymercedes.com.ar\/principal\/category\/deportes\/"},"img":{"alt_text":"","src":"https:\/\/i0.wp.com\/www.hoymercedes.com.ar\/principal\/wp-content\/uploads\/2019\/05\/el-rejunte.jpg-2.jpg?resize=350%2C200&ssl=1","width":350,"height":200,"srcset":"https:\/\/i0.wp.com\/www.hoymercedes.com.ar\/principal\/wp-content\/uploads\/2019\/05\/el-rejunte.jpg-2.jpg?resize=350%2C200&ssl=1 1x, https:\/\/i0.wp.com\/www.hoymercedes.com.ar\/principal\/wp-content\/uploads\/2019\/05\/el-rejunte.jpg-2.jpg?resize=525%2C300&ssl=1 1.5x, https:\/\/i0.wp.com\/www.hoymercedes.com.ar\/principal\/wp-content\/uploads\/2019\/05\/el-rejunte.jpg-2.jpg?resize=700%2C400&ssl=1 2x"},"classes":[]},{"id":93986,"url":"https:\/\/www.hoymercedes.com.ar\/principal\/2019\/05\/29\/autoservicio-marisol-rosario-plastico-goleo-y-sigue-primero-en-soledad\/","url_meta":{"origin":89370,"position":4},"title":"Autoservicio Marisol-Rosario Pl\u00e1stico gole\u00f3, y sigue primero en soledad","author":"hoymercedes","date":"29 mayo, 2019","format":false,"excerpt":"Fue una goleada avasallante contra Electromec\u00e1nica Zunino. Por el lado de los menores, se jug\u00f3 la final de la Copa de Campeones, y Verduler\u00eda Roc\u00edo festej\u00f3 ante Culebras. Nuevamente se vivi\u00f3 un espect\u00e1culo futbol\u00edstico en el predio del Sindicato de la Carne Mercedes, con todo lo que aportan los veteranos\u2026","rel":"","context":"En \u00abDeportes\u00bb","block_context":{"text":"Deportes","link":"https:\/\/www.hoymercedes.com.ar\/principal\/category\/deportes\/"},"img":{"alt_text":"","src":"https:\/\/i0.wp.com\/www.hoymercedes.com.ar\/principal\/wp-content\/uploads\/2019\/05\/verduler%C3%ADa-roc%C3%ADo-campe%C3%B3n.jpg.jpg?resize=350%2C200&ssl=1","width":350,"height":200,"srcset":"https:\/\/i0.wp.com\/www.hoymercedes.com.ar\/principal\/wp-content\/uploads\/2019\/05\/verduler%C3%ADa-roc%C3%ADo-campe%C3%B3n.jpg.jpg?resize=350%2C200&ssl=1 1x, https:\/\/i0.wp.com\/www.hoymercedes.com.ar\/principal\/wp-content\/uploads\/2019\/05\/verduler%C3%ADa-roc%C3%ADo-campe%C3%B3n.jpg.jpg?resize=525%2C300&ssl=1 1.5x, https:\/\/i0.wp.com\/www.hoymercedes.com.ar\/principal\/wp-content\/uploads\/2019\/05\/verduler%C3%ADa-roc%C3%ADo-campe%C3%B3n.jpg.jpg?resize=700%2C400&ssl=1 2x"},"classes":[]},{"id":90104,"url":"https:\/\/www.hoymercedes.com.ar\/principal\/2019\/03\/25\/la-punta-de-la-liguilla-es-para-tres-conjuntos\/","url_meta":{"origin":89370,"position":5},"title":"La punta de la liguilla es para tres conjuntos","author":"hoymercedes","date":"25 marzo, 2019","format":false,"excerpt":"Una vez m\u00e1s hubo sorpresas en la jornada futbol\u00edstica. El torneo de mayores va llegando su momento definitorio. Ya es una costumbre que en el predio del Sindicato de la Carne Mercedes, tanto en la Copa Mercedes Deportes de menores y en la Copa Goodyear Neum\u00e1ticos de veteranos, cada s\u00e1bado\u2026","rel":"","context":"En \u00abDeportes\u00bb","block_context":{"text":"Deportes","link":"https:\/\/www.hoymercedes.com.ar\/principal\/category\/deportes\/"},"img":{"alt_text":"","src":"https:\/\/i0.wp.com\/www.hoymercedes.com.ar\/principal\/wp-content\/uploads\/2019\/03\/cone-san-mart%C3%ADn.jpg.jpg?resize=350%2C200&ssl=1","width":350,"height":200,"srcset":"https:\/\/i0.wp.com\/www.hoymercedes.com.ar\/principal\/wp-content\/uploads\/2019\/03\/cone-san-mart%C3%ADn.jpg.jpg?resize=350%2C200&ssl=1 1x, https:\/\/i0.wp.com\/www.hoymercedes.com.ar\/principal\/wp-content\/uploads\/2019\/03\/cone-san-mart%C3%ADn.jpg.jpg?resize=525%2C300&ssl=1 1.5x, https:\/\/i0.wp.com\/www.hoymercedes.com.ar\/principal\/wp-content\/uploads\/2019\/03\/cone-san-mart%C3%ADn.jpg.jpg?resize=700%2C400&ssl=1 2x"},"classes":[]}],"_links":{"self":[{"href":"https:\/\/www.hoymercedes.com.ar\/principal\/wp-json\/wp\/v2\/posts\/89370","targetHints":{"allow":["GET"]}}],"collection":[{"href":"https:\/\/www.hoymercedes.com.ar\/principal\/wp-json\/wp\/v2\/posts"}],"about":[{"href":"https:\/\/www.hoymercedes.com.ar\/principal\/wp-json\/wp\/v2\/types\/post"}],"author":[{"embeddable":true,"href":"https:\/\/www.hoymercedes.com.ar\/principal\/wp-json\/wp\/v2\/users\/1"}],"replies":[{"embeddable":true,"href":"https:\/\/www.hoymercedes.com.ar\/principal\/wp-json\/wp\/v2\/comments?post=89370"}],"version-history":[{"count":0,"href":"https:\/\/www.hoymercedes.com.ar\/principal\/wp-json\/wp\/v2\/posts\/89370\/revisions"}],"wp:featuredmedia":[{"embeddable":true,"href":"https:\/\/www.hoymercedes.com.ar\/principal\/wp-json\/wp\/v2\/media\/89371"}],"wp:attachment":[{"href":"https:\/\/www.hoymercedes.com.ar\/principal\/wp-json\/wp\/v2\/media?parent=89370"}],"wp:term":[{"taxonomy":"category","embeddable":true,"href":"https:\/\/www.hoymercedes.com.ar\/principal\/wp-json\/wp\/v2\/categories?post=89370"},{"taxonomy":"post_tag","embeddable":true,"href":"https:\/\/www.hoymercedes.com.ar\/principal\/wp-json\/wp\/v2\/tags?post=89370"}],"curies":[{"name":"wp","href":"https:\/\/api.w.org\/{rel}","templated":true}]}}