{"id":89379,"date":"2019-03-14T07:22:26","date_gmt":"2019-03-14T10:22:26","guid":{"rendered":"http:\/\/www.hoymercedes.com.ar\/principal\/?p=89379"},"modified":"2019-03-11T22:26:45","modified_gmt":"2019-03-12T01:26:45","slug":"el-circulo-de-periodistas-deportivos-ya-tiene-fecha-para-su-entrega-de-premios","status":"publish","type":"post","link":"https:\/\/www.hoymercedes.com.ar\/principal\/2019\/03\/14\/el-circulo-de-periodistas-deportivos-ya-tiene-fecha-para-su-entrega-de-premios\/","title":{"rendered":"El C\u00edrculo de Periodistas Deportivos ya tiene fecha para su entrega de premios"},"content":{"rendered":"\n<p>Ser\u00e1 el s\u00e1bado 13 de abril. Si bien todav\u00eda no est\u00e1\nconfirmado, desde la organizaci\u00f3n estiman poder realizarla nuevamente en el CEF\nN\u00b040, como ocurri\u00f3 el a\u00f1o pasado. Habr\u00e1 ternas nuevas y este a\u00f1o contar\u00e1 con la\ndistinci\u00f3n a periodistas. Se esperan m\u00e1s de 400 invitados.<\/p>\n\n\n\n<figure class=\"wp-block-image\"><img loading=\"lazy\" decoding=\"async\" width=\"1024\" height=\"683\" data-attachment-id=\"89380\" data-permalink=\"https:\/\/www.hoymercedes.com.ar\/principal\/2019\/03\/14\/el-circulo-de-periodistas-deportivos-ya-tiene-fecha-para-su-entrega-de-premios\/dsc_0465-2\/#main\" data-orig-file=\"https:\/\/www.hoymercedes.com.ar\/principal\/wp-content\/uploads\/2019\/03\/DSC_0465.jpg\" data-orig-size=\"2400,1601\" data-comments-opened=\"0\" data-image-meta=\"{&quot;aperture&quot;:&quot;0&quot;,&quot;credit&quot;:&quot;&quot;,&quot;camera&quot;:&quot;&quot;,&quot;caption&quot;:&quot;&quot;,&quot;created_timestamp&quot;:&quot;0&quot;,&quot;copyright&quot;:&quot;&quot;,&quot;focal_length&quot;:&quot;0&quot;,&quot;iso&quot;:&quot;0&quot;,&quot;shutter_speed&quot;:&quot;0&quot;,&quot;title&quot;:&quot;&quot;,&quot;orientation&quot;:&quot;0&quot;}\" data-image-title=\"DSC_0465\" data-image-description=\"\" data-image-caption=\"\" data-large-file=\"https:\/\/www.hoymercedes.com.ar\/principal\/wp-content\/uploads\/2019\/03\/DSC_0465-1024x683.jpg\" src=\"https:\/\/www.hoymercedes.com.ar\/principal\/wp-content\/uploads\/2019\/03\/DSC_0465-1024x683.jpg\" alt=\"\" class=\"wp-image-89380\" srcset=\"https:\/\/www.hoymercedes.com.ar\/principal\/wp-content\/uploads\/2019\/03\/DSC_0465-1024x683.jpg 1024w, https:\/\/www.hoymercedes.com.ar\/principal\/wp-content\/uploads\/2019\/03\/DSC_0465-150x100.jpg 150w, https:\/\/www.hoymercedes.com.ar\/principal\/wp-content\/uploads\/2019\/03\/DSC_0465-630x420.jpg 630w, https:\/\/www.hoymercedes.com.ar\/principal\/wp-content\/uploads\/2019\/03\/DSC_0465-720x480.jpg 720w, https:\/\/www.hoymercedes.com.ar\/principal\/wp-content\/uploads\/2019\/03\/DSC_0465-360x240.jpg 360w\" sizes=\"auto, (max-width: 1024px) 100vw, 1024px\" \/><\/figure>\n\n\n\n<p>El C\u00edrculo de Periodistas Deportivos de Mercedes trabaja\ndesde diciembre en la organizaci\u00f3n de la edici\u00f3n n\u00famero 33 del Encuentro del\nDeporte Amateur, su habitual entrega de premios a los deportistas locales. La\nfiesta ya tiene fecha confirmada: ser\u00e1 el pr\u00f3ximo s\u00e1bado 13 de abril y si bien\ntodav\u00eda falta confirmar, la idea es que vuelva a ser en las instalaciones del\npolideportivo CEF N\u00b040, la cuna del deporte mercedino.<\/p>\n\n\n\n<p>Si bien desde la entidad organizadora de la misma indicaron\nque las ternas se dar\u00e1n a conocer entre 15 y 20 d\u00edas antes de la fiesta, ya\nadelant\u00f3 algunas particularidades que tendr\u00e1, como nuevamente la realizaci\u00f3n de\nla cena, al igual que en los dos a\u00f1os anteriores, en la que los premiados ser\u00e1n\nparte de la misma junto a un invitado.<\/p>\n\n\n\n<p>En cuanto a las ternas, en esta oportunidad no estar\u00e1 Boxeo,\nya que no hubo competencia durante 2018 y se agregaron Atletismo No\nConvencional, Gimnasia Art\u00edstica, Rugby Menores y Voley Menores, adem\u00e1s se\nmodific\u00f3 la terna de Paddle y ser\u00e1 igual que la de Bech Voley: se premiar\u00e1 a la\ndupla.<\/p>\n\n\n\n<p>Por otra parte, y por primera vez, se realizar\u00e1 la\ndistinci\u00f3n a algunos periodistas deportivos, adem\u00e1s de entregarse el Premio\nFAPED, otorgado por la Federaci\u00f3n Argentina de Periodistas Deportivos durante\nel 50\u00b0 Congreso realizado en octubre pasado en Buenos Aires.<\/p>\n\n\n\n<p>Volver\u00e1 a haber un espect\u00e1culo musical y sorteos como el a\u00f1o\npasado, esperando que nuevamente sea la fiesta del deporte mercedino, como\nocurri\u00f3 en las \u00faltimas ediciones.<\/p>\n","protected":false},"excerpt":{"rendered":"<p>Ser\u00e1 el s\u00e1bado 13 de abril. Si bien todav\u00eda no est\u00e1 confirmado, desde la organizaci\u00f3n estiman poder realizarla nuevamente en &#8230; <a title=\"El C\u00edrculo de Periodistas Deportivos ya tiene fecha para su entrega de premios\" class=\"read-more\" href=\"https:\/\/www.hoymercedes.com.ar\/principal\/2019\/03\/14\/el-circulo-de-periodistas-deportivos-ya-tiene-fecha-para-su-entrega-de-premios\/\" aria-label=\"Leer m\u00e1s sobre El C\u00edrculo de Periodistas Deportivos ya tiene fecha para su entrega de premios\">Leer m\u00e1s<\/a><\/p>\n","protected":false},"author":1,"featured_media":89380,"comment_status":"closed","ping_status":"open","sticky":false,"template":"","format":"standard","meta":{"_monsterinsights_skip_tracking":false,"_monsterinsights_sitenote_active":false,"_monsterinsights_sitenote_note":"","_monsterinsights_sitenote_category":0,"jetpack_post_was_ever_published":false,"_jetpack_newsletter_access":"","_jetpack_dont_email_post_to_subs":false,"_jetpack_newsletter_tier_id":0,"_jetpack_memberships_contains_paywalled_content":false,"_jetpack_memberships_contains_paid_content":false,"footnotes":"","jetpack_publicize_message":"","jetpack_publicize_feature_enabled":true,"jetpack_social_post_already_shared":true,"jetpack_social_options":{"image_generator_settings":{"template":"highway","default_image_id":0,"font":"","enabled":false},"version":2},"_wpas_customize_per_network":false},"categories":[21],"tags":[1907,14617],"class_list":["post-89379","post","type-post","status-publish","format-standard","has-post-thumbnail","hentry","category-deportes","tag-circulo-de-periodistas-deportivos-mercedes","tag-entrega-de-premios-circulo-periodistas-deportivos-mercedes","generate-columns","tablet-grid-50","mobile-grid-100","grid-parent","grid-50"],"jetpack_publicize_connections":[],"jetpack_featured_media_url":"https:\/\/www.hoymercedes.com.ar\/principal\/wp-content\/uploads\/2019\/03\/DSC_0465.jpg","wps_subtitle":"33\u00b0 Edici\u00f3n del Encuentro del Deporte Amateur","jetpack_sharing_enabled":true,"_links":{"self":[{"href":"https:\/\/www.hoymercedes.com.ar\/principal\/wp-json\/wp\/v2\/posts\/89379","targetHints":{"allow":["GET"]}}],"collection":[{"href":"https:\/\/www.hoymercedes.com.ar\/principal\/wp-json\/wp\/v2\/posts"}],"about":[{"href":"https:\/\/www.hoymercedes.com.ar\/principal\/wp-json\/wp\/v2\/types\/post"}],"author":[{"embeddable":true,"href":"https:\/\/www.hoymercedes.com.ar\/principal\/wp-json\/wp\/v2\/users\/1"}],"replies":[{"embeddable":true,"href":"https:\/\/www.hoymercedes.com.ar\/principal\/wp-json\/wp\/v2\/comments?post=89379"}],"version-history":[{"count":0,"href":"https:\/\/www.hoymercedes.com.ar\/principal\/wp-json\/wp\/v2\/posts\/89379\/revisions"}],"wp:featuredmedia":[{"embeddable":true,"href":"https:\/\/www.hoymercedes.com.ar\/principal\/wp-json\/wp\/v2\/media\/89380"}],"wp:attachment":[{"href":"https:\/\/www.hoymercedes.com.ar\/principal\/wp-json\/wp\/v2\/media?parent=89379"}],"wp:term":[{"taxonomy":"category","embeddable":true,"href":"https:\/\/www.hoymercedes.com.ar\/principal\/wp-json\/wp\/v2\/categories?post=89379"},{"taxonomy":"post_tag","embeddable":true,"href":"https:\/\/www.hoymercedes.com.ar\/principal\/wp-json\/wp\/v2\/tags?post=89379"}],"curies":[{"name":"wp","href":"https:\/\/api.w.org\/{rel}","templated":true}]}}