{"id":89392,"date":"2019-03-12T10:30:02","date_gmt":"2019-03-12T13:30:02","guid":{"rendered":"http:\/\/www.hoymercedes.com.ar\/principal\/?p=89392"},"modified":"2019-03-12T17:58:21","modified_gmt":"2019-03-12T20:58:21","slug":"eden-advierte-sobre-las-conexiones-clandestinas","status":"publish","type":"post","link":"https:\/\/www.hoymercedes.com.ar\/principal\/2019\/03\/12\/eden-advierte-sobre-las-conexiones-clandestinas\/","title":{"rendered":"EDEN advierte sobre las conexiones clandestinas"},"content":{"rendered":"\n<p>Las conexiones directas a la red de distribuci\u00f3n y la manipulaci\u00f3n de los medidores representan un riesgo para la vida de las personas y constituyen un delito que est\u00e1 penado por la ley. <\/p>\n\n\n\n<p>Con el fin de terminar con estas maniobras, y trabajando en pos de la seguridad, EDEN se encuentra ejecutando su Plan de Normalizaci\u00f3n de Instalaciones y Control de P\u00e9rdidas.<\/p>\n\n\n\n<p>Las consecuencias de las conexiones clandestinas son graves y ponen en riesgo la vida de los usuarios:<br><\/p>\n\n\n\n<ul class=\"wp-block-list\"><li>Riesgo en viviendas: una conexi\u00f3n irregular al entrar en contacto con estructuras como rejas, portones, alambrados o protecciones puede hacer que \u00e9stas queden energizadas, generando un riesgo para la seguridad de la familia y los vecinos.<\/li><li>Electrocuci\u00f3n: una conexi\u00f3n irregular al servicio, sumada a instalaciones interiores deficientes, puede generar que los artefactos del hogar se da\u00f1en o queden electrificados y, al entrar en contacto con las personas, provoquen accidentes que podr\u00edan llegar a ser fatales.<\/li><li>Incendios: cuando el cableado que suministra la electricidad a las viviendas se encuentra fuera de norma, puede generar cortocircuitos o recalentamientos por sobrecargo de consumo, provocando incendios.<\/li><\/ul>\n\n\n\n<p>EDEN abre las puertas de la sucursal para que todo usuario se acerque a consultar y regularizar su situaci\u00f3n. Tambi\u00e9n recuerda que la l\u00ednea 0810-999-3336 est\u00e1 disponible de lunes a viernes de 8 a 18 hs. para denuncias an\u00f3nimas de conexiones clandestinas.<br><\/p>\n","protected":false},"excerpt":{"rendered":"<p>Las conexiones directas a la red de distribuci\u00f3n y la manipulaci\u00f3n de los medidores representan un riesgo para la vida &#8230; <a title=\"EDEN advierte sobre las conexiones clandestinas\" class=\"read-more\" href=\"https:\/\/www.hoymercedes.com.ar\/principal\/2019\/03\/12\/eden-advierte-sobre-las-conexiones-clandestinas\/\" aria-label=\"Leer m\u00e1s sobre EDEN advierte sobre las conexiones clandestinas\">Leer m\u00e1s<\/a><\/p>\n","protected":false},"author":1,"featured_media":46617,"comment_status":"closed","ping_status":"open","sticky":false,"template":"","format":"standard","meta":{"_monsterinsights_skip_tracking":false,"_monsterinsights_sitenote_active":false,"_monsterinsights_sitenote_note":"","_monsterinsights_sitenote_category":0,"jetpack_post_was_ever_published":false,"_jetpack_newsletter_access":"","_jetpack_dont_email_post_to_subs":false,"_jetpack_newsletter_tier_id":0,"_jetpack_memberships_contains_paywalled_content":false,"_jetpack_memberships_contains_paid_content":false,"footnotes":"","jetpack_publicize_message":"","jetpack_publicize_feature_enabled":true,"jetpack_social_post_already_shared":true,"jetpack_social_options":{"image_generator_settings":{"template":"highway","default_image_id":0,"font":"","enabled":false},"version":2},"_wpas_customize_per_network":false},"categories":[8],"tags":[14619,1023],"class_list":["post-89392","post","type-post","status-publish","format-standard","has-post-thumbnail","hentry","category-sociedad","tag-conexiones-clandestinas","tag-eden","generate-columns","tablet-grid-50","mobile-grid-100","grid-parent","grid-50"],"jetpack_publicize_connections":[],"jetpack_featured_media_url":"https:\/\/www.hoymercedes.com.ar\/principal\/wp-content\/uploads\/2015\/12\/eden.jpg","wps_subtitle":"Advertencia a la comunidad","jetpack_sharing_enabled":true,"_links":{"self":[{"href":"https:\/\/www.hoymercedes.com.ar\/principal\/wp-json\/wp\/v2\/posts\/89392","targetHints":{"allow":["GET"]}}],"collection":[{"href":"https:\/\/www.hoymercedes.com.ar\/principal\/wp-json\/wp\/v2\/posts"}],"about":[{"href":"https:\/\/www.hoymercedes.com.ar\/principal\/wp-json\/wp\/v2\/types\/post"}],"author":[{"embeddable":true,"href":"https:\/\/www.hoymercedes.com.ar\/principal\/wp-json\/wp\/v2\/users\/1"}],"replies":[{"embeddable":true,"href":"https:\/\/www.hoymercedes.com.ar\/principal\/wp-json\/wp\/v2\/comments?post=89392"}],"version-history":[{"count":0,"href":"https:\/\/www.hoymercedes.com.ar\/principal\/wp-json\/wp\/v2\/posts\/89392\/revisions"}],"wp:featuredmedia":[{"embeddable":true,"href":"https:\/\/www.hoymercedes.com.ar\/principal\/wp-json\/wp\/v2\/media\/46617"}],"wp:attachment":[{"href":"https:\/\/www.hoymercedes.com.ar\/principal\/wp-json\/wp\/v2\/media?parent=89392"}],"wp:term":[{"taxonomy":"category","embeddable":true,"href":"https:\/\/www.hoymercedes.com.ar\/principal\/wp-json\/wp\/v2\/categories?post=89392"},{"taxonomy":"post_tag","embeddable":true,"href":"https:\/\/www.hoymercedes.com.ar\/principal\/wp-json\/wp\/v2\/tags?post=89392"}],"curies":[{"name":"wp","href":"https:\/\/api.w.org\/{rel}","templated":true}]}}