{"id":89395,"date":"2019-03-12T12:30:32","date_gmt":"2019-03-12T15:30:32","guid":{"rendered":"http:\/\/www.hoymercedes.com.ar\/principal\/?p=89395"},"modified":"2019-03-12T17:57:50","modified_gmt":"2019-03-12T20:57:50","slug":"comenzaron-las-actividades-en-los-jardines-espacios-primera-infancia","status":"publish","type":"post","link":"https:\/\/www.hoymercedes.com.ar\/principal\/2019\/03\/12\/comenzaron-las-actividades-en-los-jardines-espacios-primera-infancia\/","title":{"rendered":"Comenzaron las actividades en los Jardines Espacios Primera Infancia"},"content":{"rendered":"\n<p>Este lunes iniciaron su ciclo los Jardines Espacio Primera Infancia dependientes de la Secretar\u00eda de Desarrollo Social. M\u00e1s de 100 peque\u00f1os concurren a los EPIS de los barrios Marchetti, San Mart\u00edn, Facundo Quiroga y Blandengues mientras avanza la construcci\u00f3n de nuevos edificios en Mutti, Malvinas y San Justo.<\/p>\n\n\n\n<figure class=\"wp-block-image\"><img loading=\"lazy\" decoding=\"async\" width=\"750\" height=\"501\" data-attachment-id=\"89396\" data-permalink=\"https:\/\/www.hoymercedes.com.ar\/principal\/2019\/03\/12\/comenzaron-las-actividades-en-los-jardines-espacios-primera-infancia\/12-epis-1\/#main\" data-orig-file=\"https:\/\/www.hoymercedes.com.ar\/principal\/wp-content\/uploads\/2019\/03\/12-EPIS-1.jpg\" data-orig-size=\"750,501\" data-comments-opened=\"0\" data-image-meta=\"{&quot;aperture&quot;:&quot;0&quot;,&quot;credit&quot;:&quot;&quot;,&quot;camera&quot;:&quot;&quot;,&quot;caption&quot;:&quot;&quot;,&quot;created_timestamp&quot;:&quot;0&quot;,&quot;copyright&quot;:&quot;&quot;,&quot;focal_length&quot;:&quot;0&quot;,&quot;iso&quot;:&quot;0&quot;,&quot;shutter_speed&quot;:&quot;0&quot;,&quot;title&quot;:&quot;&quot;,&quot;orientation&quot;:&quot;0&quot;}\" data-image-title=\"12 EPIS 1\" data-image-description=\"\" data-image-caption=\"\" data-large-file=\"https:\/\/www.hoymercedes.com.ar\/principal\/wp-content\/uploads\/2019\/03\/12-EPIS-1.jpg\" src=\"https:\/\/www.hoymercedes.com.ar\/principal\/wp-content\/uploads\/2019\/03\/12-EPIS-1.jpg\" alt=\"\" class=\"wp-image-89396\" srcset=\"https:\/\/www.hoymercedes.com.ar\/principal\/wp-content\/uploads\/2019\/03\/12-EPIS-1.jpg 750w, https:\/\/www.hoymercedes.com.ar\/principal\/wp-content\/uploads\/2019\/03\/12-EPIS-1-150x100.jpg 150w, https:\/\/www.hoymercedes.com.ar\/principal\/wp-content\/uploads\/2019\/03\/12-EPIS-1-630x421.jpg 630w, https:\/\/www.hoymercedes.com.ar\/principal\/wp-content\/uploads\/2019\/03\/12-EPIS-1-720x480.jpg 720w, https:\/\/www.hoymercedes.com.ar\/principal\/wp-content\/uploads\/2019\/03\/12-EPIS-1-360x240.jpg 360w\" sizes=\"auto, (max-width: 750px) 100vw, 750px\" \/><\/figure>\n\n\n\n<p>\u201cLos EPIS son parte de la pol\u00edtica de ni\u00f1ez que desarrolla desde el primer d\u00eda el intendente Ustarroz\u201d, coment\u00f3 la Lic. Jorgelina Silva, responsable de Desarrollo Social y sostuvo que \u201cen este caso son casi 100 peque\u00f1os que tendr\u00e1n un importante acompa\u00f1amiento en su d\u00eda a d\u00eda\u201d y desatoll\u00f3 que \u201ccuentan en cada espacio con 2 gu\u00edas docentes y 1 auxiliar por sala, cocinera, personal administrativo y equipo t\u00e9cnico conformado por su coordinadora, estimuladora temprana, trabajadora social, psic\u00f3loga, y nutricionista\u201d adem\u00e1s que \u201ceste a\u00f1o ser\u00e1n 4 talleristas itinerantes en los espacios brindando narraci\u00f3n y literatura infantil, taller de juego, m\u00fasica y arte\u201d sostuvo la funcionaria acompa\u00f1ada por Bel\u00e9n Cirillo, quien tambi\u00e9n es parte del equipo que lleva adelante el funcionamiento de los epis.<\/p>\n\n\n\n<p>Por su parte, el jefe comunal Juan Ignacio Ustarroz, remarc\u00f3 que \u201cestamos orgullosos de estos espacios. De cada docente, de cada trabajador, porque d\u00eda a d\u00eda ponen mucho compromiso, pasi\u00f3n y amor en el cuidado de los ni\u00f1os y ni\u00f1as que asisten\u201d y destac\u00f3 que \u201cla ni\u00f1ez es para nosotros una prioridad, y se ve en pol\u00edticas claras, como el programa Primeros Mil D\u00edas, las colonias de vacaciones en Unzu\u00e9 y el Parque, la CoMuNi en La Trocha, en Mercedes Aprende, en cada decisi\u00f3n que sabemos beneficia a ellos, que son el futuro\u201d, afirm\u00f3 entre otros conceptos.<\/p>\n\n\n\n<p>En cuanto al crecimiento de estos espacios, vale recordar que se est\u00e1n construyendo desde cero en barrios Malvinas, Mutti y San Justo, este \u00faltimo adem\u00e1s con la mejora de su plaza aleda\u00f1a que se convertir\u00e1 en inclusiva. <\/p>\n\n\n\n<figure class=\"wp-block-image\"><img loading=\"lazy\" decoding=\"async\" width=\"750\" height=\"422\" data-attachment-id=\"89397\" data-permalink=\"https:\/\/www.hoymercedes.com.ar\/principal\/2019\/03\/12\/comenzaron-las-actividades-en-los-jardines-espacios-primera-infancia\/12-epis-2\/#main\" data-orig-file=\"https:\/\/www.hoymercedes.com.ar\/principal\/wp-content\/uploads\/2019\/03\/12-EPIS-2.jpg\" data-orig-size=\"750,422\" data-comments-opened=\"0\" data-image-meta=\"{&quot;aperture&quot;:&quot;0&quot;,&quot;credit&quot;:&quot;&quot;,&quot;camera&quot;:&quot;&quot;,&quot;caption&quot;:&quot;&quot;,&quot;created_timestamp&quot;:&quot;0&quot;,&quot;copyright&quot;:&quot;&quot;,&quot;focal_length&quot;:&quot;0&quot;,&quot;iso&quot;:&quot;0&quot;,&quot;shutter_speed&quot;:&quot;0&quot;,&quot;title&quot;:&quot;&quot;,&quot;orientation&quot;:&quot;0&quot;}\" data-image-title=\"12 EPIS 2\" data-image-description=\"\" data-image-caption=\"\" data-large-file=\"https:\/\/www.hoymercedes.com.ar\/principal\/wp-content\/uploads\/2019\/03\/12-EPIS-2.jpg\" src=\"https:\/\/www.hoymercedes.com.ar\/principal\/wp-content\/uploads\/2019\/03\/12-EPIS-2.jpg\" alt=\"\" class=\"wp-image-89397\" srcset=\"https:\/\/www.hoymercedes.com.ar\/principal\/wp-content\/uploads\/2019\/03\/12-EPIS-2.jpg 750w, https:\/\/www.hoymercedes.com.ar\/principal\/wp-content\/uploads\/2019\/03\/12-EPIS-2-150x84.jpg 150w, https:\/\/www.hoymercedes.com.ar\/principal\/wp-content\/uploads\/2019\/03\/12-EPIS-2-630x354.jpg 630w\" sizes=\"auto, (max-width: 750px) 100vw, 750px\" \/><\/figure>\n\n\n\n<p><br><\/p>\n","protected":false},"excerpt":{"rendered":"<p>Este lunes iniciaron su ciclo los Jardines Espacio Primera Infancia dependientes de la Secretar\u00eda de Desarrollo Social. M\u00e1s de 100 &#8230; <a title=\"Comenzaron las actividades en los Jardines Espacios Primera Infancia\" class=\"read-more\" href=\"https:\/\/www.hoymercedes.com.ar\/principal\/2019\/03\/12\/comenzaron-las-actividades-en-los-jardines-espacios-primera-infancia\/\" aria-label=\"Leer m\u00e1s sobre Comenzaron las actividades en los Jardines Espacios Primera Infancia\">Leer m\u00e1s<\/a><\/p>\n","protected":false},"author":1,"featured_media":89397,"comment_status":"closed","ping_status":"open","sticky":false,"template":"","format":"standard","meta":{"_monsterinsights_skip_tracking":false,"_monsterinsights_sitenote_active":false,"_monsterinsights_sitenote_note":"","_monsterinsights_sitenote_category":0,"jetpack_post_was_ever_published":false,"_jetpack_newsletter_access":"","_jetpack_dont_email_post_to_subs":false,"_jetpack_newsletter_tier_id":0,"_jetpack_memberships_contains_paywalled_content":false,"_jetpack_memberships_contains_paid_content":false,"footnotes":"","jetpack_publicize_message":"","jetpack_publicize_feature_enabled":true,"jetpack_social_post_already_shared":true,"jetpack_social_options":{"image_generator_settings":{"template":"highway","default_image_id":0,"font":"","enabled":false},"version":2},"_wpas_customize_per_network":false},"categories":[30],"tags":[13979,244],"class_list":["post-89395","post","type-post","status-publish","format-standard","has-post-thumbnail","hentry","category-municipio","tag-jardines-epi","tag-municipio-2","generate-columns","tablet-grid-50","mobile-grid-100","grid-parent","grid-50"],"jetpack_publicize_connections":[],"jetpack_featured_media_url":"https:\/\/www.hoymercedes.com.ar\/principal\/wp-content\/uploads\/2019\/03\/12-EPIS-2.jpg","wps_subtitle":"","jetpack_sharing_enabled":true,"_links":{"self":[{"href":"https:\/\/www.hoymercedes.com.ar\/principal\/wp-json\/wp\/v2\/posts\/89395","targetHints":{"allow":["GET"]}}],"collection":[{"href":"https:\/\/www.hoymercedes.com.ar\/principal\/wp-json\/wp\/v2\/posts"}],"about":[{"href":"https:\/\/www.hoymercedes.com.ar\/principal\/wp-json\/wp\/v2\/types\/post"}],"author":[{"embeddable":true,"href":"https:\/\/www.hoymercedes.com.ar\/principal\/wp-json\/wp\/v2\/users\/1"}],"replies":[{"embeddable":true,"href":"https:\/\/www.hoymercedes.com.ar\/principal\/wp-json\/wp\/v2\/comments?post=89395"}],"version-history":[{"count":0,"href":"https:\/\/www.hoymercedes.com.ar\/principal\/wp-json\/wp\/v2\/posts\/89395\/revisions"}],"wp:featuredmedia":[{"embeddable":true,"href":"https:\/\/www.hoymercedes.com.ar\/principal\/wp-json\/wp\/v2\/media\/89397"}],"wp:attachment":[{"href":"https:\/\/www.hoymercedes.com.ar\/principal\/wp-json\/wp\/v2\/media?parent=89395"}],"wp:term":[{"taxonomy":"category","embeddable":true,"href":"https:\/\/www.hoymercedes.com.ar\/principal\/wp-json\/wp\/v2\/categories?post=89395"},{"taxonomy":"post_tag","embeddable":true,"href":"https:\/\/www.hoymercedes.com.ar\/principal\/wp-json\/wp\/v2\/tags?post=89395"}],"curies":[{"name":"wp","href":"https:\/\/api.w.org\/{rel}","templated":true}]}}