{"id":8942,"date":"2011-11-08T02:01:43","date_gmt":"2011-11-08T02:01:43","guid":{"rendered":"http:\/\/www.hoymercedes.com.ar\/principal\/?p=8942"},"modified":"2011-11-08T02:01:43","modified_gmt":"2011-11-08T02:01:43","slug":"carta-de-la-agrupacion-17-de-octubre","status":"publish","type":"post","link":"https:\/\/www.hoymercedes.com.ar\/principal\/2011\/11\/08\/carta-de-la-agrupacion-17-de-octubre\/","title":{"rendered":"Carta de la Agrupaci\u00f3n 17 de Octubre"},"content":{"rendered":"<p><span style=\"color: #000080;\"><strong>Por:\u00a0Juventud Peronista. Agrupaci\u00f3n 17 de Octubre<\/strong><\/span><\/p>\n<p>Somos j\u00f3venes mercedinos que pensamos la pol\u00edtica como herramienta fundamental de transformaci\u00f3n social. Apostamos a un modelo de pa\u00eds que incluye, a una Naci\u00f3n y a una Provincia que crecen.<\/p>\n<p>Somos parte de una ciudad que, bajo la Gesti\u00f3n de nuestro Intendente Carlos Selva, creci\u00f3 en los \u00faltimos ocho a\u00f1os como nunca creci\u00f3 en su historia. Gesti\u00f3n que, gracias al apoyo del Gobierno Nacional y de la Provincia, logr\u00f3 instalar nuestra ciudad como uno de los puntos estrat\u00e9gicos de la Provincia de Buenos Aires.<\/p>\n<p>Apoyamos una Gesti\u00f3n Municipal que, alineada al Gobierno Nacional y al Gobierno Provincial, siempre prioriz\u00f3 las pol\u00edticas sociales, la educaci\u00f3n, las fuentes de trabajo, la industria, la producci\u00f3n, la obra p\u00fablica, el turismo\u2026 Y la apoyamos convencidos de que estamos en el camino correcto.<\/p>\n<p>Algunos de nosotros tuvimos la suerte de apoyarla desde un principio, de verla ordenarse, de verla crecer desde cerca\u2026 Otros, nos involucramos cuando vimos que enfrente hab\u00eda algunos que se adjudicaban como propias cosas que eran de todos \u2026 cuando nos dimos cuenta que le estaban poniendo precio a nuestra ciudad y salimos a decir que \u201cNO\u201d, que nuestra ciudad no ten\u00eda precio: no lo tiene la ciudad, no lo tienen los mercedinos y los j\u00f3venes que apoyamos a Carlos Selva tampoco. Y logramos demostrarlo, el resultado est\u00e1 a la vista.<\/p>\n<p>Qued\u00f3 demostrado que quienes se adjudican un sector de la sociedad como propio, se equivocan. Hay j\u00f3venes que apoyan la Gesti\u00f3n de nuestro Intendente Carlos Selva y apostaron a que Mercedes siga creciendo de la mano de una persona que est\u00e1 donde est\u00e1 porque el pueblo as\u00ed lo decidi\u00f3 a trav\u00e9s del voto. Una persona que no tuvo la suerte de ser el \u201chijo de\u201d , el \u201chermano de\u201d o \u201cel sobrino de\u201d, ni mucho menos un \u201celegido\u201d por parte de algunos que se creen iluminados, pero se form\u00f3 para estar donde est\u00e1, y defiende los intereses de Mercedes como nadie sabe hacerlo\u2026 Una persona que es prudente a la hora de hablar del futuro de nuestra ciudad, que no vende espejitos de colores \u2026 Que no se dej\u00f3 deslumbrar por el poder y sigue siendo la persona que fue desde que puso los pies en el terreno pol\u00edtico, all\u00e1 cuando ten\u00eda apenas 17 a\u00f1os&#8230; Que pese a que de una u otra manera en algunos momentos no recibi\u00f3 el respaldo del Gobierno Nacional, sigui\u00f3 defendiendo a ultranza el Modelo Nacional y Popular que se inici\u00f3 con N\u00e9stor Kirchner en el 2003, porque no vende sus ideas, porque pone otros valores sobre la mesa, el m\u00e1s importante: el futuro de Mercedes.<\/p>\n<p>M\u00e1s all\u00e1 de lo que muchos pretendieron instalar, esta Juventud demostr\u00f3 que seguimos defendiendo inobjetablemente el Modelo Nacional y Popular. Modelo que salimos a defender de otra manera, porque siempre estuvimos convencidos de que se pod\u00eda hacer pol\u00edtica de otra forma&#8230; De que se puede hacer mucho por Mercedes sin tener que imponer nada&#8230; de que se puede construir mucho, sin tener que destruir al resto&#8230; de que es mejor seguir apostando a una gesti\u00f3n que cuando piensa en el futuro demuestra en hechos que hace todo lo posible por garantizarlo.<\/p>\n<p>Seguimos convencidos de que estamos en el camino correcto, y la ciudad de Mercedes el pasado 23 de Octubre as\u00ed lo confirm\u00f3 a trav\u00e9s del voto.<\/p>\n<p>Nuestra responsabilidad con la Gesti\u00f3n es grande. Con orgullo podemos decir que nos sentimos protagonistas, que asumimos el compromiso de salir a defenderla y que lo vamos a seguir haciendo, poniendo siempre por delante los intereses de TODOS los mercedinos.<\/p>\n<p>Nosotros tambi\u00e9n pensamos que en Mercedes siempre se puede mucho m\u00e1s, pero desde un principio estuvimos seguros de que se puede mucho m\u00e1s de la mano de nuestro Intendente Carlos Selva, y la sociedad respald\u00f3 la misma seguridad, a ella nuestro eterno agradecimiento y nuestro fiel compromiso.<\/p>\n<p>Adelante. Siempre Adelante\u2026 Definitivamente LLEGAMOS A TIEMPO.<\/p>\n<p>Juventud Peronista. Agrupaci\u00f3n 17 de Octubre. Carlos Selva Conducci\u00f3n<\/p>\n","protected":false},"excerpt":{"rendered":"<p>Por:\u00a0Juventud Peronista. Agrupaci\u00f3n 17 de Octubre Somos j\u00f3venes mercedinos que pensamos la pol\u00edtica como herramienta fundamental de transformaci\u00f3n social. Apostamos &#8230; <a title=\"Carta de la Agrupaci\u00f3n 17 de Octubre\" class=\"read-more\" href=\"https:\/\/www.hoymercedes.com.ar\/principal\/2011\/11\/08\/carta-de-la-agrupacion-17-de-octubre\/\" aria-label=\"Leer m\u00e1s sobre Carta de la Agrupaci\u00f3n 17 de Octubre\">Leer m\u00e1s<\/a><\/p>\n","protected":false},"author":1,"featured_media":0,"comment_status":"open","ping_status":"open","sticky":false,"template":"","format":"standard","meta":{"_monsterinsights_skip_tracking":false,"_monsterinsights_sitenote_active":false,"_monsterinsights_sitenote_note":"","_monsterinsights_sitenote_category":0,"jetpack_post_was_ever_published":false,"_jetpack_newsletter_access":"","_jetpack_dont_email_post_to_subs":false,"_jetpack_newsletter_tier_id":0,"_jetpack_memberships_contains_paywalled_content":false,"_jetpack_memberships_contains_paid_content":false,"footnotes":"","jetpack_publicize_message":"","jetpack_publicize_feature_enabled":true,"jetpack_social_post_already_shared":false,"jetpack_social_options":{"image_generator_settings":{"template":"highway","default_image_id":0,"font":"","enabled":false},"version":2},"_wpas_customize_per_network":false},"categories":[5],"tags":[1557],"class_list":["post-8942","post","type-post","status-publish","format-standard","hentry","category-politica","tag-carta-de-la-agrupacion-17-de-octubre","generate-columns","tablet-grid-50","mobile-grid-100","grid-parent","grid-50"],"jetpack_publicize_connections":[],"jetpack_featured_media_url":"","wps_subtitle":"","jetpack_sharing_enabled":true,"_links":{"self":[{"href":"https:\/\/www.hoymercedes.com.ar\/principal\/wp-json\/wp\/v2\/posts\/8942","targetHints":{"allow":["GET"]}}],"collection":[{"href":"https:\/\/www.hoymercedes.com.ar\/principal\/wp-json\/wp\/v2\/posts"}],"about":[{"href":"https:\/\/www.hoymercedes.com.ar\/principal\/wp-json\/wp\/v2\/types\/post"}],"author":[{"embeddable":true,"href":"https:\/\/www.hoymercedes.com.ar\/principal\/wp-json\/wp\/v2\/users\/1"}],"replies":[{"embeddable":true,"href":"https:\/\/www.hoymercedes.com.ar\/principal\/wp-json\/wp\/v2\/comments?post=8942"}],"version-history":[{"count":0,"href":"https:\/\/www.hoymercedes.com.ar\/principal\/wp-json\/wp\/v2\/posts\/8942\/revisions"}],"wp:attachment":[{"href":"https:\/\/www.hoymercedes.com.ar\/principal\/wp-json\/wp\/v2\/media?parent=8942"}],"wp:term":[{"taxonomy":"category","embeddable":true,"href":"https:\/\/www.hoymercedes.com.ar\/principal\/wp-json\/wp\/v2\/categories?post=8942"},{"taxonomy":"post_tag","embeddable":true,"href":"https:\/\/www.hoymercedes.com.ar\/principal\/wp-json\/wp\/v2\/tags?post=8942"}],"curies":[{"name":"wp","href":"https:\/\/api.w.org\/{rel}","templated":true}]}}