{"id":89449,"date":"2019-03-14T14:54:10","date_gmt":"2019-03-14T17:54:10","guid":{"rendered":"http:\/\/www.hoymercedes.com.ar\/principal\/?p=89449"},"modified":"2019-03-14T14:49:39","modified_gmt":"2019-03-14T17:49:39","slug":"gol-de-tiro-libre-de-lucas-biglia-en-la-victoria-de-milan-video","status":"publish","type":"post","link":"https:\/\/www.hoymercedes.com.ar\/principal\/2019\/03\/14\/gol-de-tiro-libre-de-lucas-biglia-en-la-victoria-de-milan-video\/","title":{"rendered":"Gol de tiro libre de Lucas Biglia en la victoria de Milan (video)"},"content":{"rendered":"\n<p><strong>AFP.<\/strong> El AC Milan (3\u00ba) gan\u00f3 este s\u00e1bado 2-1 en el estadio del colista Chievo Verona en la 27\u00aa fecha de la Serie A italiana y se afianz\u00f3 en la tercera posici\u00f3n de la clasificaci\u00f3n.<\/p>\n\n\n\n<figure class=\"wp-block-image\"><img loading=\"lazy\" decoding=\"async\" width=\"620\" height=\"356\" data-attachment-id=\"89451\" data-permalink=\"https:\/\/www.hoymercedes.com.ar\/principal\/2019\/03\/14\/gol-de-tiro-libre-de-lucas-biglia-en-la-victoria-de-milan-video\/lucas-biglia-milan-2-chievo-1-2\/#main\" data-orig-file=\"https:\/\/www.hoymercedes.com.ar\/principal\/wp-content\/uploads\/2019\/03\/Lucas-Biglia-milan-2-chievo-1-1.jpg\" data-orig-size=\"620,356\" data-comments-opened=\"0\" data-image-meta=\"{&quot;aperture&quot;:&quot;0&quot;,&quot;credit&quot;:&quot;&quot;,&quot;camera&quot;:&quot;&quot;,&quot;caption&quot;:&quot;&quot;,&quot;created_timestamp&quot;:&quot;0&quot;,&quot;copyright&quot;:&quot;&quot;,&quot;focal_length&quot;:&quot;0&quot;,&quot;iso&quot;:&quot;0&quot;,&quot;shutter_speed&quot;:&quot;0&quot;,&quot;title&quot;:&quot;&quot;,&quot;orientation&quot;:&quot;0&quot;}\" data-image-title=\"Lucas Biglia milan 2 chievo 1\" data-image-description=\"\" data-image-caption=\"\" data-large-file=\"https:\/\/www.hoymercedes.com.ar\/principal\/wp-content\/uploads\/2019\/03\/Lucas-Biglia-milan-2-chievo-1-1.jpg\" src=\"https:\/\/www.hoymercedes.com.ar\/principal\/wp-content\/uploads\/2019\/03\/Lucas-Biglia-milan-2-chievo-1-1.jpg\" alt=\"\" class=\"wp-image-89451\" srcset=\"https:\/\/www.hoymercedes.com.ar\/principal\/wp-content\/uploads\/2019\/03\/Lucas-Biglia-milan-2-chievo-1-1.jpg 620w, https:\/\/www.hoymercedes.com.ar\/principal\/wp-content\/uploads\/2019\/03\/Lucas-Biglia-milan-2-chievo-1-1-150x86.jpg 150w\" sizes=\"auto, (max-width: 620px) 100vw, 620px\" \/><\/figure>\n\n\n\n<p>El argentino\u00a0Lucas Biglia\u00a0(31) abri\u00f3 el marcador con una\u00a0espectacular\u00a0ejecuci\u00f3n de un\u00a0tiro libre\u00a0muy cerca del \u00e1rea grande y el polaco Krzysztof Piatek (57) sentenci\u00f3 la victoria luego del empate parcial establecido por Perparim Hetemaj (41) para los locales.<\/p>\n\n\n\n<p>El conjunto \u2018rossonero\u2019 contin\u00faa as\u00ed con su espectacular racha en el campeonato liguero:\u00a0cinco victorias consecutivas\u00a0y\u00a0diez partidos sin perder, desde el pasado 22 de diciembre ante la Fiorentina (10\u00aa).<\/p>\n\n\n\n<figure class=\"wp-block-embed-youtube wp-block-embed is-type-video is-provider-youtube wp-embed-aspect-16-9 wp-has-aspect-ratio\"><div class=\"wp-block-embed__wrapper\">\n<span class=\"embed-youtube\" style=\"text-align:center; display: block;\"><iframe loading=\"lazy\" class=\"youtube-player\" width=\"1200\" height=\"675\" src=\"https:\/\/www.youtube.com\/embed\/1TXkHUWxKzw?version=3&#038;rel=1&#038;showsearch=0&#038;showinfo=1&#038;iv_load_policy=1&#038;fs=1&#038;hl=es-ES&#038;autohide=2&#038;wmode=transparent\" allowfullscreen=\"true\" style=\"border:0;\" sandbox=\"allow-scripts allow-same-origin allow-popups allow-presentation allow-popups-to-escape-sandbox\"><\/iframe><\/span>\n<\/div><\/figure>\n\n\n\n<p>Estas buenas actuaciones le han permitido auparse a la tercera plaza, a la que se subi\u00f3 la semana pasada adelantando a su gran rival, el Inter de Mil\u00e1n (4\u00ba), y con sus 51 puntos se sit\u00faa provisionalmente solo a cinco del N\u00e1poli (2\u00ba).<\/p>\n","protected":false},"excerpt":{"rendered":"<p>AFP. El AC Milan (3\u00ba) gan\u00f3 este s\u00e1bado 2-1 en el estadio del colista Chievo Verona en la 27\u00aa fecha &#8230; <a title=\"Gol de tiro libre de Lucas Biglia en la victoria de Milan (video)\" class=\"read-more\" href=\"https:\/\/www.hoymercedes.com.ar\/principal\/2019\/03\/14\/gol-de-tiro-libre-de-lucas-biglia-en-la-victoria-de-milan-video\/\" aria-label=\"Leer m\u00e1s sobre Gol de tiro libre de Lucas Biglia en la victoria de Milan (video)\">Leer m\u00e1s<\/a><\/p>\n","protected":false},"author":1,"featured_media":89451,"comment_status":"closed","ping_status":"open","sticky":false,"template":"","format":"standard","meta":{"_monsterinsights_skip_tracking":false,"_monsterinsights_sitenote_active":false,"_monsterinsights_sitenote_note":"","_monsterinsights_sitenote_category":0,"jetpack_post_was_ever_published":false,"_jetpack_newsletter_access":"","_jetpack_dont_email_post_to_subs":false,"_jetpack_newsletter_tier_id":0,"_jetpack_memberships_contains_paywalled_content":false,"_jetpack_memberships_contains_paid_content":false,"footnotes":"","jetpack_publicize_message":"","jetpack_publicize_feature_enabled":true,"jetpack_social_post_already_shared":true,"jetpack_social_options":{"image_generator_settings":{"template":"highway","default_image_id":0,"font":"","enabled":false},"version":2},"_wpas_customize_per_network":false},"categories":[21],"tags":[14625,305,14623],"class_list":["post-89449","post","type-post","status-publish","format-standard","has-post-thumbnail","hentry","category-deportes","tag-biglia-gol","tag-lucas-biglia","tag-milan-2-chievo-1","generate-columns","tablet-grid-50","mobile-grid-100","grid-parent","grid-50"],"jetpack_publicize_connections":[],"jetpack_featured_media_url":"https:\/\/www.hoymercedes.com.ar\/principal\/wp-content\/uploads\/2019\/03\/Lucas-Biglia-milan-2-chievo-1-1.jpg","wps_subtitle":"La Legi\u00f3n","jetpack_sharing_enabled":true,"_links":{"self":[{"href":"https:\/\/www.hoymercedes.com.ar\/principal\/wp-json\/wp\/v2\/posts\/89449","targetHints":{"allow":["GET"]}}],"collection":[{"href":"https:\/\/www.hoymercedes.com.ar\/principal\/wp-json\/wp\/v2\/posts"}],"about":[{"href":"https:\/\/www.hoymercedes.com.ar\/principal\/wp-json\/wp\/v2\/types\/post"}],"author":[{"embeddable":true,"href":"https:\/\/www.hoymercedes.com.ar\/principal\/wp-json\/wp\/v2\/users\/1"}],"replies":[{"embeddable":true,"href":"https:\/\/www.hoymercedes.com.ar\/principal\/wp-json\/wp\/v2\/comments?post=89449"}],"version-history":[{"count":0,"href":"https:\/\/www.hoymercedes.com.ar\/principal\/wp-json\/wp\/v2\/posts\/89449\/revisions"}],"wp:featuredmedia":[{"embeddable":true,"href":"https:\/\/www.hoymercedes.com.ar\/principal\/wp-json\/wp\/v2\/media\/89451"}],"wp:attachment":[{"href":"https:\/\/www.hoymercedes.com.ar\/principal\/wp-json\/wp\/v2\/media?parent=89449"}],"wp:term":[{"taxonomy":"category","embeddable":true,"href":"https:\/\/www.hoymercedes.com.ar\/principal\/wp-json\/wp\/v2\/categories?post=89449"},{"taxonomy":"post_tag","embeddable":true,"href":"https:\/\/www.hoymercedes.com.ar\/principal\/wp-json\/wp\/v2\/tags?post=89449"}],"curies":[{"name":"wp","href":"https:\/\/api.w.org\/{rel}","templated":true}]}}