{"id":89454,"date":"2019-03-15T07:05:56","date_gmt":"2019-03-15T10:05:56","guid":{"rendered":"http:\/\/www.hoymercedes.com.ar\/principal\/?p=89454"},"modified":"2019-03-13T20:18:37","modified_gmt":"2019-03-13T23:18:37","slug":"se-abrio-la-inscripcion-para-los-torneos-juveniles-bonaerenses","status":"publish","type":"post","link":"https:\/\/www.hoymercedes.com.ar\/principal\/2019\/03\/15\/se-abrio-la-inscripcion-para-los-torneos-juveniles-bonaerenses\/","title":{"rendered":"Se abri\u00f3 la inscripci\u00f3n para los Torneos Juveniles Bonaerenses"},"content":{"rendered":"\n<p>Con la apertura del sistema de inscripciones digital, comenz\u00f3 una nueva edici\u00f3n de los Juegos Bonaerenses, la competencia deportiva y cultural m\u00e1s importante de la Provincia de Buenos Aires, que es organizada por el ministerio de Desarrollo Social a trav\u00e9s de la Subsecretar\u00eda de Deportes.<\/p>\n\n\n\n<figure class=\"wp-block-image\"><img loading=\"lazy\" decoding=\"async\" width=\"1024\" height=\"511\" data-attachment-id=\"89455\" data-permalink=\"https:\/\/www.hoymercedes.com.ar\/principal\/2019\/03\/15\/se-abrio-la-inscripcion-para-los-torneos-juveniles-bonaerenses\/bonaerenses-2019\/#main\" data-orig-file=\"https:\/\/www.hoymercedes.com.ar\/principal\/wp-content\/uploads\/2019\/03\/BONAERENSES-2019.jpg\" data-orig-size=\"1366,681\" data-comments-opened=\"0\" data-image-meta=\"{&quot;aperture&quot;:&quot;0&quot;,&quot;credit&quot;:&quot;&quot;,&quot;camera&quot;:&quot;&quot;,&quot;caption&quot;:&quot;&quot;,&quot;created_timestamp&quot;:&quot;0&quot;,&quot;copyright&quot;:&quot;&quot;,&quot;focal_length&quot;:&quot;0&quot;,&quot;iso&quot;:&quot;0&quot;,&quot;shutter_speed&quot;:&quot;0&quot;,&quot;title&quot;:&quot;&quot;,&quot;orientation&quot;:&quot;0&quot;}\" data-image-title=\"BONAERENSES 2019\" data-image-description=\"\" data-image-caption=\"\" data-large-file=\"https:\/\/www.hoymercedes.com.ar\/principal\/wp-content\/uploads\/2019\/03\/BONAERENSES-2019-1024x511.jpg\" src=\"https:\/\/www.hoymercedes.com.ar\/principal\/wp-content\/uploads\/2019\/03\/BONAERENSES-2019-1024x511.jpg\" alt=\"\" class=\"wp-image-89455\" srcset=\"https:\/\/www.hoymercedes.com.ar\/principal\/wp-content\/uploads\/2019\/03\/BONAERENSES-2019-1024x511.jpg 1024w, https:\/\/www.hoymercedes.com.ar\/principal\/wp-content\/uploads\/2019\/03\/BONAERENSES-2019-150x75.jpg 150w, https:\/\/www.hoymercedes.com.ar\/principal\/wp-content\/uploads\/2019\/03\/BONAERENSES-2019-630x314.jpg 630w, https:\/\/www.hoymercedes.com.ar\/principal\/wp-content\/uploads\/2019\/03\/BONAERENSES-2019.jpg 1366w\" sizes=\"auto, (max-width: 1024px) 100vw, 1024px\" \/><\/figure>\n\n\n\n<p>Los Juegos Bonaerenses tienen como objetivo principal incluir e integrar a los j\u00f3venes, adultos mayores y personas con discapacidad en la pr\u00e1ctica del deporte y las actividades culturales en las distintas etapas. Una vez finalizada la inscripci\u00f3n se iniciar\u00e1 la instancia local para cada municipio entre abril y junio; luego se desarrollar\u00e1 la regional entre junio y agosto; y finalmente, se disputar\u00e1 la final en Mar del Plata, entre el 28 de septiembre y el 2 de octubre.<\/p>\n\n\n\n<p>Al respecto, el ministro de Desarrollo Social, Santiago L\u00f3pez Medrano, destac\u00f3 que \u201ceste evento se ha convertido en el acontecimiento deportivo y cultural m\u00e1s importante de la Provincia, ya que adem\u00e1s de impulsar el desarrollo de actividades deportivas y culturales promueve valores como la integraci\u00f3n, la inclusi\u00f3n, la diversidad, el esfuerzo y el compromiso\u201d.<\/p>\n\n\n\n<p>Entre lo m\u00e1s destacado para esta edici\u00f3n, se resalta la incorporaci\u00f3n de la disciplina rob\u00f3tica, que se incluir\u00e1 dentro de la nueva actividad que se agrega este a\u00f1o: Innovaci\u00f3n y Tecnolog\u00eda, otra de las opciones disponibles para los participantes junto a Deportes y Cultura. Adem\u00e1s, se entregar\u00e1 la Copa Fair Play a la delegaci\u00f3n que mejor represente los valores de compa\u00f1erismo y respeto y, por primera vez, la Final de Adultos Mayores se disputar\u00e1 de forma independiente del 22 al 25 de agosto, tambi\u00e9n en Mar del Plata.<\/p>\n\n\n\n<p><br><\/p>\n","protected":false},"excerpt":{"rendered":"<p>Con la apertura del sistema de inscripciones digital, comenz\u00f3 una nueva edici\u00f3n de los Juegos Bonaerenses, la competencia deportiva y &#8230; <a title=\"Se abri\u00f3 la inscripci\u00f3n para los Torneos Juveniles Bonaerenses\" class=\"read-more\" href=\"https:\/\/www.hoymercedes.com.ar\/principal\/2019\/03\/15\/se-abrio-la-inscripcion-para-los-torneos-juveniles-bonaerenses\/\" aria-label=\"Leer m\u00e1s sobre Se abri\u00f3 la inscripci\u00f3n para los Torneos Juveniles Bonaerenses\">Leer m\u00e1s<\/a><\/p>\n","protected":false},"author":1,"featured_media":89455,"comment_status":"closed","ping_status":"open","sticky":false,"template":"","format":"standard","meta":{"_monsterinsights_skip_tracking":false,"_monsterinsights_sitenote_active":false,"_monsterinsights_sitenote_note":"","_monsterinsights_sitenote_category":0,"jetpack_post_was_ever_published":false,"_jetpack_newsletter_access":"","_jetpack_dont_email_post_to_subs":false,"_jetpack_newsletter_tier_id":0,"_jetpack_memberships_contains_paywalled_content":false,"_jetpack_memberships_contains_paid_content":false,"footnotes":"","jetpack_publicize_message":"","jetpack_publicize_feature_enabled":true,"jetpack_social_post_already_shared":true,"jetpack_social_options":{"image_generator_settings":{"template":"highway","default_image_id":0,"font":"","enabled":false},"version":2},"_wpas_customize_per_network":false},"categories":[21],"tags":[590],"class_list":["post-89454","post","type-post","status-publish","format-standard","has-post-thumbnail","hentry","category-deportes","tag-torneos-juveniles-bonaerenses","generate-columns","tablet-grid-50","mobile-grid-100","grid-parent","grid-50"],"jetpack_publicize_connections":[],"jetpack_featured_media_url":"https:\/\/www.hoymercedes.com.ar\/principal\/wp-content\/uploads\/2019\/03\/BONAERENSES-2019.jpg","wps_subtitle":"TJB","jetpack_sharing_enabled":true,"_links":{"self":[{"href":"https:\/\/www.hoymercedes.com.ar\/principal\/wp-json\/wp\/v2\/posts\/89454","targetHints":{"allow":["GET"]}}],"collection":[{"href":"https:\/\/www.hoymercedes.com.ar\/principal\/wp-json\/wp\/v2\/posts"}],"about":[{"href":"https:\/\/www.hoymercedes.com.ar\/principal\/wp-json\/wp\/v2\/types\/post"}],"author":[{"embeddable":true,"href":"https:\/\/www.hoymercedes.com.ar\/principal\/wp-json\/wp\/v2\/users\/1"}],"replies":[{"embeddable":true,"href":"https:\/\/www.hoymercedes.com.ar\/principal\/wp-json\/wp\/v2\/comments?post=89454"}],"version-history":[{"count":0,"href":"https:\/\/www.hoymercedes.com.ar\/principal\/wp-json\/wp\/v2\/posts\/89454\/revisions"}],"wp:featuredmedia":[{"embeddable":true,"href":"https:\/\/www.hoymercedes.com.ar\/principal\/wp-json\/wp\/v2\/media\/89455"}],"wp:attachment":[{"href":"https:\/\/www.hoymercedes.com.ar\/principal\/wp-json\/wp\/v2\/media?parent=89454"}],"wp:term":[{"taxonomy":"category","embeddable":true,"href":"https:\/\/www.hoymercedes.com.ar\/principal\/wp-json\/wp\/v2\/categories?post=89454"},{"taxonomy":"post_tag","embeddable":true,"href":"https:\/\/www.hoymercedes.com.ar\/principal\/wp-json\/wp\/v2\/tags?post=89454"}],"curies":[{"name":"wp","href":"https:\/\/api.w.org\/{rel}","templated":true}]}}