{"id":8946,"date":"2011-11-08T02:05:10","date_gmt":"2011-11-08T02:05:10","guid":{"rendered":"http:\/\/www.hoymercedes.com.ar\/principal\/?p=8946"},"modified":"2011-11-08T02:05:10","modified_gmt":"2011-11-08T02:05:10","slug":"llamado-a-la-reflexion-sobre-el-avasallamiento-de-las-culturas-originarias-y-el-capitalismo","status":"publish","type":"post","link":"https:\/\/www.hoymercedes.com.ar\/principal\/2011\/11\/08\/llamado-a-la-reflexion-sobre-el-avasallamiento-de-las-culturas-originarias-y-el-capitalismo\/","title":{"rendered":"Llamado a la reflexi\u00f3n sobre el avasallamiento de las culturas originarias y el capitalismo"},"content":{"rendered":"<p><a href=\"https:\/\/www.hoymercedes.com.ar\/principal\/wp-content\/uploads\/2011\/11\/moreyra-III.jpg\"><img loading=\"lazy\" decoding=\"async\" data-attachment-id=\"8948\" data-permalink=\"https:\/\/www.hoymercedes.com.ar\/principal\/2011\/11\/08\/llamado-a-la-reflexion-sobre-el-avasallamiento-de-las-culturas-originarias-y-el-capitalismo\/moreyra-iii\/#main\" data-orig-file=\"https:\/\/www.hoymercedes.com.ar\/principal\/wp-content\/uploads\/2011\/11\/moreyra-III.jpg\" data-orig-size=\"512,384\" data-comments-opened=\"1\" data-image-meta=\"{&quot;aperture&quot;:&quot;3.1&quot;,&quot;credit&quot;:&quot;&quot;,&quot;camera&quot;:&quot;DSC-S2100&quot;,&quot;caption&quot;:&quot;&quot;,&quot;created_timestamp&quot;:&quot;1320525150&quot;,&quot;copyright&quot;:&quot;&quot;,&quot;focal_length&quot;:&quot;6.2&quot;,&quot;iso&quot;:&quot;1600&quot;,&quot;shutter_speed&quot;:&quot;0.125&quot;,&quot;title&quot;:&quot;&quot;}\" data-image-title=\"moreyra-III\" data-image-description=\"\" data-image-caption=\"\" data-large-file=\"https:\/\/www.hoymercedes.com.ar\/principal\/wp-content\/uploads\/2011\/11\/moreyra-III.jpg\" class=\"aligncenter size-full wp-image-8948\" title=\"moreyra-III\" src=\"https:\/\/www.hoymercedes.com.ar\/principal\/wp-content\/uploads\/2011\/11\/moreyra-III.jpg\" alt=\"\" width=\"512\" height=\"384\" \/><\/a><\/p>\n<p>El s\u00e1bado por la noche el ceramista Javier Moreyra present\u00f3 dos instalaciones: \u201caRAZA2\u201d y \u201cMontaje capital\u201d. En la vidriera del \u201cTaller del Sol\u201d sus nuevos trabajos pueden apreciarse por varios d\u00edas m\u00e1s.<\/p>\n<p>Este s\u00e1bado por la noche en el \u201cTaller del Sol\u201d, lugar donde generalmente pueden apreciarse algunas de sus obras cer\u00e1micas, Javier Moreyra dej\u00f3 inauguradas un par de instalaciones art\u00edsticas con las que plantea la reflexi\u00f3n sobre el avasallamiento de la cultura originaria de estas tierras y la expansi\u00f3n invasiva del capitalismo. Una fue de car\u00e1cter ef\u00edmero y montada para la ocasi\u00f3n, con el t\u00edtulo \u201caRAZA2\u201d, mientras que la otra puede verse en la vidriera del espacio cultural de calle 18 entre 27 y 29 y se llama \u201cMontaje Capital\u201d.<\/p>\n<p>El s\u00e1bado por la noche fueron presentadas ambas obras, con la participaci\u00f3n del propio artista y algunos invitados, como la reconocida docente Carmen Guinot, quien ley\u00f3 algunas definiciones conceptuales sobre los t\u00e9rminos \u201ccultura\u201d y \u201carrasar\u201d.<\/p>\n<p><a href=\"https:\/\/www.hoymercedes.com.ar\/principal\/wp-content\/uploads\/2011\/11\/moreyra-II.jpg\"><img loading=\"lazy\" decoding=\"async\" data-attachment-id=\"8949\" data-permalink=\"https:\/\/www.hoymercedes.com.ar\/principal\/2011\/11\/08\/llamado-a-la-reflexion-sobre-el-avasallamiento-de-las-culturas-originarias-y-el-capitalismo\/moreyra-ii\/#main\" data-orig-file=\"https:\/\/www.hoymercedes.com.ar\/principal\/wp-content\/uploads\/2011\/11\/moreyra-II.jpg\" data-orig-size=\"512,384\" data-comments-opened=\"1\" data-image-meta=\"{&quot;aperture&quot;:&quot;3.1&quot;,&quot;credit&quot;:&quot;&quot;,&quot;camera&quot;:&quot;DSC-S2100&quot;,&quot;caption&quot;:&quot;&quot;,&quot;created_timestamp&quot;:&quot;1320530316&quot;,&quot;copyright&quot;:&quot;&quot;,&quot;focal_length&quot;:&quot;6.2&quot;,&quot;iso&quot;:&quot;400&quot;,&quot;shutter_speed&quot;:&quot;0.076923076923077&quot;,&quot;title&quot;:&quot;&quot;}\" data-image-title=\"moreyra-II\" data-image-description=\"\" data-image-caption=\"\" data-large-file=\"https:\/\/www.hoymercedes.com.ar\/principal\/wp-content\/uploads\/2011\/11\/moreyra-II.jpg\" class=\"aligncenter size-full wp-image-8949\" title=\"moreyra-II\" src=\"https:\/\/www.hoymercedes.com.ar\/principal\/wp-content\/uploads\/2011\/11\/moreyra-II.jpg\" alt=\"\" width=\"512\" height=\"384\" srcset=\"https:\/\/www.hoymercedes.com.ar\/principal\/wp-content\/uploads\/2011\/11\/moreyra-II.jpg 512w, https:\/\/www.hoymercedes.com.ar\/principal\/wp-content\/uploads\/2011\/11\/moreyra-II-300x225.jpg 300w\" sizes=\"auto, (max-width: 512px) 100vw, 512px\" \/><\/a><\/p>\n<p>En la vereda de calle 18 casi 27 se colocaron vallas para que el tr\u00e1nsito vehicular pudiera continuar y no se viera interrumpido, mientras la presentaci\u00f3n se suced\u00eda ante el p\u00fablico que se dio cita y fue acomodado en sillas, frente a la vidriera cerrada y el montaje \u201caRAZA2\u201d, que consist\u00eda en una tolder\u00eda natural con cueros de animales y palos, que cubr\u00eda un televisor de grandes dimensiones \u2013apoyado sobre libros\u2013 que reproduc\u00eda un video sin cesar en el que se ve\u00eda a un \u00edcono de la cultura que el medio audiovisual impone como es Marcelo Tinelli, dando un saludo de \u201cBuenas noches, Am\u00e9rica\u201d; y otro aparato menor, recubierto con espejos y apagado.<\/p>\n<p>Moreyra se present\u00f3 como ceramista ante todos e indic\u00f3 que la idea que desarroll\u00f3 en la instalaci\u00f3n \u201caRAZA2\u201d (por un cacho de cultura bicentenaria), lleva un tiempo: \u201cSurgi\u00f3 con los festejos del bicentenario, es una reflexi\u00f3n de las culturas que se han perdido y lo que se ha ganado. Algo fue arrasado, algo queda, algo permanece. Por eso esa instalaci\u00f3n es una tolder\u00eda aborigen y un televisor que habla de una cultura que tenemos hoy y el llamado a la reflexi\u00f3n, para entender qu\u00e9 ganamos y qu\u00e9 perdimos\u201d, dijo en la inauguraci\u00f3n y luego present\u00f3 a Carmen Guinot, quien leer\u00eda las definiciones de las palabras \u201carrasar\u201d y \u201ccultura\u201d (\u201cEchar por tierra, destruir\u201d y \u201cConjunto de conocimientos que permite a alguien desarrollar su juicio critico; conjunto de modos de vida y costumbres, conocimientos y grado de desarrollo art\u00edstico, cient\u00edfico, industrial, en una \u00e9poca, o grupo social; conjunto de las manifestaciones en que se expresa la vida tradicional de un pueblo\u201d, respectivamente), \u201cpara pensar un poco\u201d, tal cual apuntar\u00eda Moreyra.<\/p>\n<p><a href=\"https:\/\/www.hoymercedes.com.ar\/principal\/wp-content\/uploads\/2011\/11\/moreyra-I.jpg\"><img loading=\"lazy\" decoding=\"async\" data-attachment-id=\"8950\" data-permalink=\"https:\/\/www.hoymercedes.com.ar\/principal\/2011\/11\/08\/llamado-a-la-reflexion-sobre-el-avasallamiento-de-las-culturas-originarias-y-el-capitalismo\/moreyra-i\/#main\" data-orig-file=\"https:\/\/www.hoymercedes.com.ar\/principal\/wp-content\/uploads\/2011\/11\/moreyra-I.jpg\" data-orig-size=\"384,512\" data-comments-opened=\"1\" data-image-meta=\"{&quot;aperture&quot;:&quot;3.1&quot;,&quot;credit&quot;:&quot;&quot;,&quot;camera&quot;:&quot;DSC-S2100&quot;,&quot;caption&quot;:&quot;&quot;,&quot;created_timestamp&quot;:&quot;1320526652&quot;,&quot;copyright&quot;:&quot;&quot;,&quot;focal_length&quot;:&quot;6.2&quot;,&quot;iso&quot;:&quot;400&quot;,&quot;shutter_speed&quot;:&quot;0.076923076923077&quot;,&quot;title&quot;:&quot;&quot;}\" data-image-title=\"moreyra-I\" data-image-description=\"\" data-image-caption=\"\" data-large-file=\"https:\/\/www.hoymercedes.com.ar\/principal\/wp-content\/uploads\/2011\/11\/moreyra-I.jpg\" class=\"aligncenter size-full wp-image-8950\" title=\"moreyra-I\" src=\"https:\/\/www.hoymercedes.com.ar\/principal\/wp-content\/uploads\/2011\/11\/moreyra-I.jpg\" alt=\"\" width=\"384\" height=\"512\" srcset=\"https:\/\/www.hoymercedes.com.ar\/principal\/wp-content\/uploads\/2011\/11\/moreyra-I.jpg 384w, https:\/\/www.hoymercedes.com.ar\/principal\/wp-content\/uploads\/2011\/11\/moreyra-I-225x300.jpg 225w\" sizes=\"auto, (max-width: 384px) 100vw, 384px\" \/><\/a><\/p>\n<p>La instalaci\u00f3n \u201cMontaje Capital\u201d tuvo como introducci\u00f3n un video breve que mostraba im\u00e1genes sobre el planeta Tierra en su esencia natural y su vida propia, con un destaque de sus caracter\u00edsticas de vitalidad, hogar que acoje, complejidad, hermosura, finitud, y la intervenci\u00f3n del hombre que la posee de mil formas, haci\u00e9ndole da\u00f1o. \u201cEs nuestra madre, necesita ser salvada y merece la pena dar la vida por ella\u201d, cit\u00f3 Moreyra sobre las conclusiones de este video dedicado a varias personas que dejaron su vida en luchas ambientalistas.<\/p>\n<p>Tras la proyecci\u00f3n del video se abri\u00f3 por fin lentamente la vidriera del \u201cTaller del Sol\u201d, con la instalaci\u00f3n \u201cMontaje Capital\u201d en s\u00ed, que muestra con piezas cer\u00e1micas de distinto tipo una serie de objetos que simulan una ciudad aplastada por un gran ser que la pisotea y est\u00e1 recubierto de monedas de oro, simbolizando al capitalismo.<\/p>\n<p>Esta instalaci\u00f3n podr\u00e1 verse por varios d\u00edas en la vidriera del espacio cultural ubicado en la calle 18 entre 27 y 29 de esta ciudad.<\/p>\n","protected":false},"excerpt":{"rendered":"<p>El s\u00e1bado por la noche el ceramista Javier Moreyra present\u00f3 dos instalaciones: \u201caRAZA2\u201d y \u201cMontaje capital\u201d. En la vidriera del &#8230; <a title=\"Llamado a la reflexi\u00f3n sobre el avasallamiento de las culturas originarias y el capitalismo\" class=\"read-more\" href=\"https:\/\/www.hoymercedes.com.ar\/principal\/2011\/11\/08\/llamado-a-la-reflexion-sobre-el-avasallamiento-de-las-culturas-originarias-y-el-capitalismo\/\" aria-label=\"Leer m\u00e1s sobre Llamado a la reflexi\u00f3n sobre el avasallamiento de las culturas originarias y el capitalismo\">Leer m\u00e1s<\/a><\/p>\n","protected":false},"author":1,"featured_media":0,"comment_status":"open","ping_status":"open","sticky":false,"template":"","format":"standard","meta":{"_monsterinsights_skip_tracking":false,"_monsterinsights_sitenote_active":false,"_monsterinsights_sitenote_note":"","_monsterinsights_sitenote_category":0,"jetpack_post_was_ever_published":false,"_jetpack_newsletter_access":"","_jetpack_dont_email_post_to_subs":false,"_jetpack_newsletter_tier_id":0,"_jetpack_memberships_contains_paywalled_content":false,"_jetpack_memberships_contains_paid_content":false,"footnotes":"","jetpack_publicize_message":"","jetpack_publicize_feature_enabled":true,"jetpack_social_post_already_shared":false,"jetpack_social_options":{"image_generator_settings":{"template":"highway","default_image_id":0,"font":"","enabled":false},"version":2},"_wpas_customize_per_network":false},"categories":[104],"tags":[1558,1510],"class_list":["post-8946","post","type-post","status-publish","format-standard","hentry","category-cultura","tag-araza2","tag-javier-moreyra","generate-columns","tablet-grid-50","mobile-grid-100","grid-parent","grid-50"],"jetpack_publicize_connections":[],"jetpack_featured_media_url":"","wps_subtitle":"","jetpack_sharing_enabled":true,"_links":{"self":[{"href":"https:\/\/www.hoymercedes.com.ar\/principal\/wp-json\/wp\/v2\/posts\/8946","targetHints":{"allow":["GET"]}}],"collection":[{"href":"https:\/\/www.hoymercedes.com.ar\/principal\/wp-json\/wp\/v2\/posts"}],"about":[{"href":"https:\/\/www.hoymercedes.com.ar\/principal\/wp-json\/wp\/v2\/types\/post"}],"author":[{"embeddable":true,"href":"https:\/\/www.hoymercedes.com.ar\/principal\/wp-json\/wp\/v2\/users\/1"}],"replies":[{"embeddable":true,"href":"https:\/\/www.hoymercedes.com.ar\/principal\/wp-json\/wp\/v2\/comments?post=8946"}],"version-history":[{"count":0,"href":"https:\/\/www.hoymercedes.com.ar\/principal\/wp-json\/wp\/v2\/posts\/8946\/revisions"}],"wp:attachment":[{"href":"https:\/\/www.hoymercedes.com.ar\/principal\/wp-json\/wp\/v2\/media?parent=8946"}],"wp:term":[{"taxonomy":"category","embeddable":true,"href":"https:\/\/www.hoymercedes.com.ar\/principal\/wp-json\/wp\/v2\/categories?post=8946"},{"taxonomy":"post_tag","embeddable":true,"href":"https:\/\/www.hoymercedes.com.ar\/principal\/wp-json\/wp\/v2\/tags?post=8946"}],"curies":[{"name":"wp","href":"https:\/\/api.w.org\/{rel}","templated":true}]}}