{"id":89469,"date":"2019-03-14T10:15:23","date_gmt":"2019-03-14T13:15:23","guid":{"rendered":"http:\/\/www.hoymercedes.com.ar\/principal\/?p=89469"},"modified":"2019-03-14T09:40:50","modified_gmt":"2019-03-14T12:40:50","slug":"los-lilitos-se-reunieron-en-mercedes","status":"publish","type":"post","link":"https:\/\/www.hoymercedes.com.ar\/principal\/2019\/03\/14\/los-lilitos-se-reunieron-en-mercedes\/","title":{"rendered":"Los Lilitos se reunieron en Mercedes"},"content":{"rendered":"\n<p>La dirigencia local del partido de Elisa \u00abLilita\u00bb Carri\u00f3 se reuni\u00f3 en Mercedes junto a dirigentes nacionales y provinciales de la Coalici\u00f3n C\u00edvica.<\/p>\n\n\n\n<figure class=\"wp-block-image\"><img loading=\"lazy\" decoding=\"async\" width=\"750\" height=\"500\" data-attachment-id=\"89470\" data-permalink=\"https:\/\/www.hoymercedes.com.ar\/principal\/2019\/03\/14\/los-lilitos-se-reunieron-en-mercedes\/14-coalicion-civica\/#main\" data-orig-file=\"https:\/\/www.hoymercedes.com.ar\/principal\/wp-content\/uploads\/2019\/03\/14-coalicion-civica.jpg\" data-orig-size=\"750,500\" data-comments-opened=\"0\" data-image-meta=\"{&quot;aperture&quot;:&quot;0&quot;,&quot;credit&quot;:&quot;&quot;,&quot;camera&quot;:&quot;&quot;,&quot;caption&quot;:&quot;&quot;,&quot;created_timestamp&quot;:&quot;0&quot;,&quot;copyright&quot;:&quot;&quot;,&quot;focal_length&quot;:&quot;0&quot;,&quot;iso&quot;:&quot;0&quot;,&quot;shutter_speed&quot;:&quot;0&quot;,&quot;title&quot;:&quot;&quot;,&quot;orientation&quot;:&quot;0&quot;}\" data-image-title=\"14 coalicion civica\" data-image-description=\"\" data-image-caption=\"\" data-large-file=\"https:\/\/www.hoymercedes.com.ar\/principal\/wp-content\/uploads\/2019\/03\/14-coalicion-civica.jpg\" src=\"https:\/\/www.hoymercedes.com.ar\/principal\/wp-content\/uploads\/2019\/03\/14-coalicion-civica.jpg\" alt=\"\" class=\"wp-image-89470\" srcset=\"https:\/\/www.hoymercedes.com.ar\/principal\/wp-content\/uploads\/2019\/03\/14-coalicion-civica.jpg 750w, https:\/\/www.hoymercedes.com.ar\/principal\/wp-content\/uploads\/2019\/03\/14-coalicion-civica-150x100.jpg 150w, https:\/\/www.hoymercedes.com.ar\/principal\/wp-content\/uploads\/2019\/03\/14-coalicion-civica-630x420.jpg 630w, https:\/\/www.hoymercedes.com.ar\/principal\/wp-content\/uploads\/2019\/03\/14-coalicion-civica-720x480.jpg 720w, https:\/\/www.hoymercedes.com.ar\/principal\/wp-content\/uploads\/2019\/03\/14-coalicion-civica-360x240.jpg 360w\" sizes=\"auto, (max-width: 750px) 100vw, 750px\" \/><\/figure>\n\n\n\n<p>En la tarde del domingo, referentes mercedinos de la Coalici\u00f3n C\u00edvica se reunieron en un campo lindero a la ciudad con dirigentes nacionales y provinciales del partido de la l\u00edder nacional Elisa \u00abLilita\u00bb Carri\u00f3 y referentes de localidades cercanas, con el fin de plantear estrategias de trabajo con vistas a las pr\u00f3ximas elecciones.<\/p>\n\n\n\n<p>Participaron del encuentro la Diputada Nacional Lucila Lehmann, los dirigentes Juan Butori de Escobar, Andres Moretti de Carmen de Areco, Jerem\u00edas Rodriguez de Luj\u00e1n, Gast\u00f3n Barrios de Campana, el dirigente provincial de la cuarta secci\u00f3n y asesor de Carri\u00f3, Luciano Bugallo y los referentes mercedinos de la Coalici\u00f3n C\u00edvica, entre ellos, la hist\u00f3rica \u00abLilita\u00bb local Silvina P\u00e9rez, Mart\u00edn Bossi, Ana Mar\u00eda Lehmann junto al resto del equipo local.<\/p>\n\n\n\n<p>El objetivo de la reuni\u00f3n fue analizar el escenario pol\u00edtico provincial y sobre todo el local. <br><\/p>\n","protected":false},"excerpt":{"rendered":"<p>La dirigencia local del partido de Elisa \u00abLilita\u00bb Carri\u00f3 se reuni\u00f3 en Mercedes junto a dirigentes nacionales y provinciales de &#8230; <a title=\"Los Lilitos se reunieron en Mercedes\" class=\"read-more\" href=\"https:\/\/www.hoymercedes.com.ar\/principal\/2019\/03\/14\/los-lilitos-se-reunieron-en-mercedes\/\" aria-label=\"Leer m\u00e1s sobre Los Lilitos se reunieron en Mercedes\">Leer m\u00e1s<\/a><\/p>\n","protected":false},"author":1,"featured_media":89470,"comment_status":"closed","ping_status":"open","sticky":false,"template":"","format":"standard","meta":{"_monsterinsights_skip_tracking":false,"_monsterinsights_sitenote_active":false,"_monsterinsights_sitenote_note":"","_monsterinsights_sitenote_category":0,"jetpack_post_was_ever_published":false,"_jetpack_newsletter_access":"","_jetpack_dont_email_post_to_subs":false,"_jetpack_newsletter_tier_id":0,"_jetpack_memberships_contains_paywalled_content":false,"_jetpack_memberships_contains_paid_content":false,"footnotes":"","jetpack_publicize_message":"","jetpack_publicize_feature_enabled":true,"jetpack_social_post_already_shared":true,"jetpack_social_options":{"image_generator_settings":{"template":"highway","default_image_id":0,"font":"","enabled":false},"version":2},"_wpas_customize_per_network":false},"categories":[5],"tags":[8055,58,14403,5319],"class_list":["post-89469","post","type-post","status-publish","format-standard","has-post-thumbnail","hentry","category-politica","tag-cambiemos","tag-coalicion-civica","tag-elecciones-2019","tag-politica-2","generate-columns","tablet-grid-50","mobile-grid-100","grid-parent","grid-50"],"jetpack_publicize_connections":[],"jetpack_featured_media_url":"https:\/\/www.hoymercedes.com.ar\/principal\/wp-content\/uploads\/2019\/03\/14-coalicion-civica.jpg","wps_subtitle":"","jetpack_sharing_enabled":true,"_links":{"self":[{"href":"https:\/\/www.hoymercedes.com.ar\/principal\/wp-json\/wp\/v2\/posts\/89469","targetHints":{"allow":["GET"]}}],"collection":[{"href":"https:\/\/www.hoymercedes.com.ar\/principal\/wp-json\/wp\/v2\/posts"}],"about":[{"href":"https:\/\/www.hoymercedes.com.ar\/principal\/wp-json\/wp\/v2\/types\/post"}],"author":[{"embeddable":true,"href":"https:\/\/www.hoymercedes.com.ar\/principal\/wp-json\/wp\/v2\/users\/1"}],"replies":[{"embeddable":true,"href":"https:\/\/www.hoymercedes.com.ar\/principal\/wp-json\/wp\/v2\/comments?post=89469"}],"version-history":[{"count":0,"href":"https:\/\/www.hoymercedes.com.ar\/principal\/wp-json\/wp\/v2\/posts\/89469\/revisions"}],"wp:featuredmedia":[{"embeddable":true,"href":"https:\/\/www.hoymercedes.com.ar\/principal\/wp-json\/wp\/v2\/media\/89470"}],"wp:attachment":[{"href":"https:\/\/www.hoymercedes.com.ar\/principal\/wp-json\/wp\/v2\/media?parent=89469"}],"wp:term":[{"taxonomy":"category","embeddable":true,"href":"https:\/\/www.hoymercedes.com.ar\/principal\/wp-json\/wp\/v2\/categories?post=89469"},{"taxonomy":"post_tag","embeddable":true,"href":"https:\/\/www.hoymercedes.com.ar\/principal\/wp-json\/wp\/v2\/tags?post=89469"}],"curies":[{"name":"wp","href":"https:\/\/api.w.org\/{rel}","templated":true}]}}