{"id":89477,"date":"2019-03-14T12:30:32","date_gmt":"2019-03-14T15:30:32","guid":{"rendered":"http:\/\/www.hoymercedes.com.ar\/principal\/?p=89477"},"modified":"2019-03-14T10:16:19","modified_gmt":"2019-03-14T13:16:19","slug":"invitan-a-sumarse-al-nuevo-taller-de-rap-y-freestyle","status":"publish","type":"post","link":"https:\/\/www.hoymercedes.com.ar\/principal\/2019\/03\/14\/invitan-a-sumarse-al-nuevo-taller-de-rap-y-freestyle\/","title":{"rendered":"Invitan a sumarse al nuevo \u201cTaller de Rap y Freestyle\u201d"},"content":{"rendered":"\n<p>El Municipio de Mercedes, a trav\u00e9s de la Coordinaci\u00f3n de pol\u00edticas juveniles, est\u00e1 llevando adelante el taller de rap. El mismo se dicta todos los lunes a la hora 19, en la Sociedad de Fomento del Barrio Obrero en calle 14 y 103. No hay l\u00edmites de edad y es totalmente gratuito.<\/p>\n\n\n\n<figure class=\"wp-block-image\"><img loading=\"lazy\" decoding=\"async\" width=\"750\" height=\"500\" data-attachment-id=\"89478\" data-permalink=\"https:\/\/www.hoymercedes.com.ar\/principal\/2019\/03\/14\/invitan-a-sumarse-al-nuevo-taller-de-rap-y-freestyle\/14-ale-santana\/#main\" data-orig-file=\"https:\/\/www.hoymercedes.com.ar\/principal\/wp-content\/uploads\/2019\/03\/14-ale-santana.jpg\" data-orig-size=\"750,500\" data-comments-opened=\"0\" data-image-meta=\"{&quot;aperture&quot;:&quot;0&quot;,&quot;credit&quot;:&quot;SEBASTIANAMBROSSIO&quot;,&quot;camera&quot;:&quot;&quot;,&quot;caption&quot;:&quot;&quot;,&quot;created_timestamp&quot;:&quot;0&quot;,&quot;copyright&quot;:&quot;SebastianAmbrossio&quot;,&quot;focal_length&quot;:&quot;0&quot;,&quot;iso&quot;:&quot;0&quot;,&quot;shutter_speed&quot;:&quot;0&quot;,&quot;title&quot;:&quot;&quot;,&quot;orientation&quot;:&quot;0&quot;}\" data-image-title=\"14 ale-santana\" data-image-description=\"\" data-image-caption=\"\" data-large-file=\"https:\/\/www.hoymercedes.com.ar\/principal\/wp-content\/uploads\/2019\/03\/14-ale-santana.jpg\" src=\"https:\/\/www.hoymercedes.com.ar\/principal\/wp-content\/uploads\/2019\/03\/14-ale-santana.jpg\" alt=\"\" class=\"wp-image-89478\" srcset=\"https:\/\/www.hoymercedes.com.ar\/principal\/wp-content\/uploads\/2019\/03\/14-ale-santana.jpg 750w, https:\/\/www.hoymercedes.com.ar\/principal\/wp-content\/uploads\/2019\/03\/14-ale-santana-150x100.jpg 150w, https:\/\/www.hoymercedes.com.ar\/principal\/wp-content\/uploads\/2019\/03\/14-ale-santana-630x420.jpg 630w, https:\/\/www.hoymercedes.com.ar\/principal\/wp-content\/uploads\/2019\/03\/14-ale-santana-720x480.jpg 720w, https:\/\/www.hoymercedes.com.ar\/principal\/wp-content\/uploads\/2019\/03\/14-ale-santana-360x240.jpg 360w\" sizes=\"auto, (max-width: 750px) 100vw, 750px\" \/><\/figure>\n\n\n\n<p>Este programa es encabezado por Ale Santana, reconocido rapero de nuestra ciudad, part\u00edcipe del programa Envi\u00f3n Comunitario \u201ctodos los que quieran venir est\u00e1n invitados, es un movimiento que est\u00e1 creciendo mucho en nuestra ciudad\u201d, destac\u00f3.<\/p>\n\n\n\n<p>Por otro lado, Santana explic\u00f3 \u201clo que trato de hacer a trav\u00e9s de mi estilo es llevar un mensaje a la gente de valoraci\u00f3n de la amistad, la no agresi\u00f3n, que terminen sus estudios, que trabajen y hagan lo que les gusta\u201d y agreg\u00f3 \u201ces un lindo desaf\u00edo, me siento muy c\u00f3modo, esto de trabajar con j\u00f3venes es algo que hago con amor\u201d.&nbsp;<\/p>\n\n\n\n<p>Asimismo, Eugenia C\u00f3dega, coordinadora de Pol\u00edticas Juveniles, inform\u00f3 \u201cdesde el a\u00f1o pasado, en el barrio obrero, se lleva adelante este taller\u201d y a\u00f1adi\u00f3 \u201csiempre es muy valioso que los j\u00f3venes puedan sumar experiencias y aprendizajes que les permitan expresarse a trav\u00e9s de la m\u00fasica\u201d.<\/p>\n","protected":false},"excerpt":{"rendered":"<p>El Municipio de Mercedes, a trav\u00e9s de la Coordinaci\u00f3n de pol\u00edticas juveniles, est\u00e1 llevando adelante el taller de rap. El &#8230; <a title=\"Invitan a sumarse al nuevo \u201cTaller de Rap y Freestyle\u201d\" class=\"read-more\" href=\"https:\/\/www.hoymercedes.com.ar\/principal\/2019\/03\/14\/invitan-a-sumarse-al-nuevo-taller-de-rap-y-freestyle\/\" aria-label=\"Leer m\u00e1s sobre Invitan a sumarse al nuevo \u201cTaller de Rap y Freestyle\u201d\">Leer m\u00e1s<\/a><\/p>\n","protected":false},"author":1,"featured_media":89478,"comment_status":"closed","ping_status":"open","sticky":false,"template":"","format":"standard","meta":{"_monsterinsights_skip_tracking":false,"_monsterinsights_sitenote_active":false,"_monsterinsights_sitenote_note":"","_monsterinsights_sitenote_category":0,"jetpack_post_was_ever_published":false,"_jetpack_newsletter_access":"","_jetpack_dont_email_post_to_subs":false,"_jetpack_newsletter_tier_id":0,"_jetpack_memberships_contains_paywalled_content":false,"_jetpack_memberships_contains_paid_content":false,"footnotes":"","jetpack_publicize_message":"","jetpack_publicize_feature_enabled":true,"jetpack_social_post_already_shared":true,"jetpack_social_options":{"image_generator_settings":{"template":"highway","default_image_id":0,"font":"","enabled":false},"version":2},"_wpas_customize_per_network":false},"categories":[104],"tags":[7805,14628],"class_list":["post-89477","post","type-post","status-publish","format-standard","has-post-thumbnail","hentry","category-cultura","tag-cultura","tag-taller-de-rap-y-freestyle","generate-columns","tablet-grid-50","mobile-grid-100","grid-parent","grid-50"],"jetpack_publicize_connections":[],"jetpack_featured_media_url":"https:\/\/www.hoymercedes.com.ar\/principal\/wp-content\/uploads\/2019\/03\/14-ale-santana.jpg","wps_subtitle":"Para j\u00f3venes","jetpack_sharing_enabled":true,"_links":{"self":[{"href":"https:\/\/www.hoymercedes.com.ar\/principal\/wp-json\/wp\/v2\/posts\/89477","targetHints":{"allow":["GET"]}}],"collection":[{"href":"https:\/\/www.hoymercedes.com.ar\/principal\/wp-json\/wp\/v2\/posts"}],"about":[{"href":"https:\/\/www.hoymercedes.com.ar\/principal\/wp-json\/wp\/v2\/types\/post"}],"author":[{"embeddable":true,"href":"https:\/\/www.hoymercedes.com.ar\/principal\/wp-json\/wp\/v2\/users\/1"}],"replies":[{"embeddable":true,"href":"https:\/\/www.hoymercedes.com.ar\/principal\/wp-json\/wp\/v2\/comments?post=89477"}],"version-history":[{"count":0,"href":"https:\/\/www.hoymercedes.com.ar\/principal\/wp-json\/wp\/v2\/posts\/89477\/revisions"}],"wp:featuredmedia":[{"embeddable":true,"href":"https:\/\/www.hoymercedes.com.ar\/principal\/wp-json\/wp\/v2\/media\/89478"}],"wp:attachment":[{"href":"https:\/\/www.hoymercedes.com.ar\/principal\/wp-json\/wp\/v2\/media?parent=89477"}],"wp:term":[{"taxonomy":"category","embeddable":true,"href":"https:\/\/www.hoymercedes.com.ar\/principal\/wp-json\/wp\/v2\/categories?post=89477"},{"taxonomy":"post_tag","embeddable":true,"href":"https:\/\/www.hoymercedes.com.ar\/principal\/wp-json\/wp\/v2\/tags?post=89477"}],"curies":[{"name":"wp","href":"https:\/\/api.w.org\/{rel}","templated":true}]}}