{"id":89483,"date":"2019-03-14T15:49:46","date_gmt":"2019-03-14T18:49:46","guid":{"rendered":"http:\/\/www.hoymercedes.com.ar\/principal\/?p=89483"},"modified":"2019-03-14T15:29:54","modified_gmt":"2019-03-14T18:29:54","slug":"el-lunes-18-inician-inscripcion-para-talleres-culturales-municipales","status":"publish","type":"post","link":"https:\/\/www.hoymercedes.com.ar\/principal\/2019\/03\/14\/el-lunes-18-inician-inscripcion-para-talleres-culturales-municipales\/","title":{"rendered":"El lunes 18 inician inscripci\u00f3n para talleres culturales municipales"},"content":{"rendered":"\n<p>El lunes 18\ninscribir\u00e1n para los Talleres de Bordado y Telar. Desde el martes 19 y hasta el\nviernes 22 de marzo, la Direcci\u00f3n de Cultura del Municipio realizar\u00e1 la\ninscripci\u00f3n para los Talleres Culturales Municipales para el 2019. M\u00fasica,\nmanualidades, teatro, escritura, tejidos, cocina, danzas, canto, circo, son\nalgunas de las propuestas. <\/p>\n\n\n\n<p>Son m\u00e1s de\ntreinta propuestas para todas las edades con diferentes horarios y sedes para\noptar. La inscripci\u00f3n es en La Trocha de 9 a 13 horas y de 14:30 a 17:30. Los\ninteresados no podr\u00e1n inscribirse a m\u00e1s de dos talleres. Las clases comenzar\u00e1n\nel 1\u00b0 de abril.<\/p>\n\n\n\n<figure class=\"wp-block-image\"><img loading=\"lazy\" decoding=\"async\" width=\"750\" height=\"500\" data-attachment-id=\"89485\" data-permalink=\"https:\/\/www.hoymercedes.com.ar\/principal\/2019\/03\/14\/el-lunes-18-inician-inscripcion-para-talleres-culturales-municipales\/14-talleres-culturales-3\/#main\" data-orig-file=\"https:\/\/www.hoymercedes.com.ar\/principal\/wp-content\/uploads\/2019\/03\/14-talleres-culturales-3.jpg\" data-orig-size=\"750,500\" data-comments-opened=\"0\" data-image-meta=\"{&quot;aperture&quot;:&quot;2&quot;,&quot;credit&quot;:&quot;&quot;,&quot;camera&quot;:&quot;Moto G (5S) Plus&quot;,&quot;caption&quot;:&quot;&quot;,&quot;created_timestamp&quot;:&quot;1552561540&quot;,&quot;copyright&quot;:&quot;&quot;,&quot;focal_length&quot;:&quot;3.59&quot;,&quot;iso&quot;:&quot;496&quot;,&quot;shutter_speed&quot;:&quot;0.03030303030303&quot;,&quot;title&quot;:&quot;&quot;,&quot;orientation&quot;:&quot;1&quot;}\" data-image-title=\"14 talleres culturales (3)\" data-image-description=\"\" data-image-caption=\"\" data-large-file=\"https:\/\/www.hoymercedes.com.ar\/principal\/wp-content\/uploads\/2019\/03\/14-talleres-culturales-3.jpg\" src=\"https:\/\/www.hoymercedes.com.ar\/principal\/wp-content\/uploads\/2019\/03\/14-talleres-culturales-3.jpg\" alt=\"\" class=\"wp-image-89485\" srcset=\"https:\/\/www.hoymercedes.com.ar\/principal\/wp-content\/uploads\/2019\/03\/14-talleres-culturales-3.jpg 750w, https:\/\/www.hoymercedes.com.ar\/principal\/wp-content\/uploads\/2019\/03\/14-talleres-culturales-3-150x100.jpg 150w, https:\/\/www.hoymercedes.com.ar\/principal\/wp-content\/uploads\/2019\/03\/14-talleres-culturales-3-630x420.jpg 630w, https:\/\/www.hoymercedes.com.ar\/principal\/wp-content\/uploads\/2019\/03\/14-talleres-culturales-3-720x480.jpg 720w, https:\/\/www.hoymercedes.com.ar\/principal\/wp-content\/uploads\/2019\/03\/14-talleres-culturales-3-360x240.jpg 360w\" sizes=\"auto, (max-width: 750px) 100vw, 750px\" \/><\/figure>\n\n\n\n<p>A trav\u00e9s de\nun encuentro con los medios, la Directora de Cultura Luc\u00eda Capaccio y el Coordinador\nde Talleres Culturales Lucas Riselli anunciaron la apertura de la inscripci\u00f3n\npara los talleres que el \u00e1rea llevar\u00e1 adelante a lo largo del a\u00f1o. <\/p>\n\n\n\n<p>\u201cEste a\u00f1o\nmantenemos los talleres que ten\u00edamos del a\u00f1o pasado y agregamos algunos m\u00e1s. Son\nm\u00e1s de treinta talleres que se dar\u00e1n en distintos espacios y con la\ncoordinaci\u00f3n de otras \u00e1reas. Porque la idea es llegar con estos talleres a distintos\npuntos de la ciudad. Con propuestas para ni\u00f1os, para j\u00f3venes, para adultos mayores\u201d,\nexpres\u00f3 la funcionaria del \u00e1rea de Cultura. <\/p>\n\n\n\n<p>\u201cLa\ninscripci\u00f3n comienza el lunes 18 en el Centro Cultural La Trocha. El lunes solo\ntelar y bordado. Desde el martes 19 y hasta el viernes 22 estaremos\ninscribiendo el resto de los talleres. De 9 a 13 y de 14:30 a 17:30 horas. Este\na\u00f1o pusimos dos horarios para la gente que trabaja a la ma\u00f1ana\u201d, agreg\u00f3\nCapaccio. A su lado, Riselli destac\u00f3 que \u201cla inscripci\u00f3n no es personal\u201d y pero\ns\u00ed se piden los datos de la persona a inscribir. \u201cLo que s\u00ed, pusimos un cupo\npara inscripci\u00f3n son m\u00e1ximo dos talleres por persona\u201d, agreg\u00f3 el coordinador de\nTalleres Culturales. <\/p>\n\n\n\n<p>Los\nespacios donde se dar\u00e1n los talleres son el C.C. La Trocha, el MAMM, Museo\nM\u00edguez, CIC, Instituto Unzu\u00e9, Museo Ameghino, y en sedes barriales como\nGowland, San Jos\u00e9, San Mart\u00edn, Marchetti, Am\u00e9rica, Ravello, Blandengues, y\nSanta Teresita. <\/p>\n\n\n\n<figure class=\"wp-block-image\"><img loading=\"lazy\" decoding=\"async\" width=\"723\" height=\"1024\" data-attachment-id=\"89484\" data-permalink=\"https:\/\/www.hoymercedes.com.ar\/principal\/2019\/03\/14\/el-lunes-18-inician-inscripcion-para-talleres-culturales-municipales\/14-talleres-culturales-1\/#main\" data-orig-file=\"https:\/\/www.hoymercedes.com.ar\/principal\/wp-content\/uploads\/2019\/03\/14-talleres-culturales-1.jpg\" data-orig-size=\"904,1280\" data-comments-opened=\"0\" data-image-meta=\"{&quot;aperture&quot;:&quot;0&quot;,&quot;credit&quot;:&quot;&quot;,&quot;camera&quot;:&quot;&quot;,&quot;caption&quot;:&quot;&quot;,&quot;created_timestamp&quot;:&quot;0&quot;,&quot;copyright&quot;:&quot;&quot;,&quot;focal_length&quot;:&quot;0&quot;,&quot;iso&quot;:&quot;0&quot;,&quot;shutter_speed&quot;:&quot;0&quot;,&quot;title&quot;:&quot;&quot;,&quot;orientation&quot;:&quot;0&quot;}\" data-image-title=\"14 talleres culturales (1)\" data-image-description=\"\" data-image-caption=\"\" data-large-file=\"https:\/\/www.hoymercedes.com.ar\/principal\/wp-content\/uploads\/2019\/03\/14-talleres-culturales-1-723x1024.jpg\" src=\"https:\/\/www.hoymercedes.com.ar\/principal\/wp-content\/uploads\/2019\/03\/14-talleres-culturales-1-723x1024.jpg\" alt=\"\" class=\"wp-image-89484\" srcset=\"https:\/\/www.hoymercedes.com.ar\/principal\/wp-content\/uploads\/2019\/03\/14-talleres-culturales-1-723x1024.jpg 723w, https:\/\/www.hoymercedes.com.ar\/principal\/wp-content\/uploads\/2019\/03\/14-talleres-culturales-1-106x150.jpg 106w, https:\/\/www.hoymercedes.com.ar\/principal\/wp-content\/uploads\/2019\/03\/14-talleres-culturales-1-438x620.jpg 438w, https:\/\/www.hoymercedes.com.ar\/principal\/wp-content\/uploads\/2019\/03\/14-talleres-culturales-1.jpg 904w\" sizes=\"auto, (max-width: 723px) 100vw, 723px\" \/><\/figure>\n","protected":false},"excerpt":{"rendered":"<p>El lunes 18 inscribir\u00e1n para los Talleres de Bordado y Telar. Desde el martes 19 y hasta el viernes 22 &#8230; <a title=\"El lunes 18 inician inscripci\u00f3n para talleres culturales municipales\" class=\"read-more\" href=\"https:\/\/www.hoymercedes.com.ar\/principal\/2019\/03\/14\/el-lunes-18-inician-inscripcion-para-talleres-culturales-municipales\/\" aria-label=\"Leer m\u00e1s sobre El lunes 18 inician inscripci\u00f3n para talleres culturales municipales\">Leer m\u00e1s<\/a><\/p>\n","protected":false},"author":1,"featured_media":89485,"comment_status":"closed","ping_status":"open","sticky":false,"template":"","format":"standard","meta":{"_monsterinsights_skip_tracking":false,"_monsterinsights_sitenote_active":false,"_monsterinsights_sitenote_note":"","_monsterinsights_sitenote_category":0,"jetpack_post_was_ever_published":false,"_jetpack_newsletter_access":"","_jetpack_dont_email_post_to_subs":false,"_jetpack_newsletter_tier_id":0,"_jetpack_memberships_contains_paywalled_content":false,"_jetpack_memberships_contains_paid_content":false,"footnotes":"","jetpack_publicize_message":"","jetpack_publicize_feature_enabled":true,"jetpack_social_post_already_shared":true,"jetpack_social_options":{"image_generator_settings":{"template":"highway","default_image_id":0,"font":"","enabled":false},"version":2},"_wpas_customize_per_network":false},"categories":[104],"tags":[7805,8668,226],"class_list":["post-89483","post","type-post","status-publish","format-standard","has-post-thumbnail","hentry","category-cultura","tag-cultura","tag-inscripcion","tag-talleres-culturales","generate-columns","tablet-grid-50","mobile-grid-100","grid-parent","grid-50"],"jetpack_publicize_connections":[],"jetpack_featured_media_url":"https:\/\/www.hoymercedes.com.ar\/principal\/wp-content\/uploads\/2019\/03\/14-talleres-culturales-3.jpg","wps_subtitle":"Ciclo 2019","jetpack_sharing_enabled":true,"_links":{"self":[{"href":"https:\/\/www.hoymercedes.com.ar\/principal\/wp-json\/wp\/v2\/posts\/89483","targetHints":{"allow":["GET"]}}],"collection":[{"href":"https:\/\/www.hoymercedes.com.ar\/principal\/wp-json\/wp\/v2\/posts"}],"about":[{"href":"https:\/\/www.hoymercedes.com.ar\/principal\/wp-json\/wp\/v2\/types\/post"}],"author":[{"embeddable":true,"href":"https:\/\/www.hoymercedes.com.ar\/principal\/wp-json\/wp\/v2\/users\/1"}],"replies":[{"embeddable":true,"href":"https:\/\/www.hoymercedes.com.ar\/principal\/wp-json\/wp\/v2\/comments?post=89483"}],"version-history":[{"count":0,"href":"https:\/\/www.hoymercedes.com.ar\/principal\/wp-json\/wp\/v2\/posts\/89483\/revisions"}],"wp:featuredmedia":[{"embeddable":true,"href":"https:\/\/www.hoymercedes.com.ar\/principal\/wp-json\/wp\/v2\/media\/89485"}],"wp:attachment":[{"href":"https:\/\/www.hoymercedes.com.ar\/principal\/wp-json\/wp\/v2\/media?parent=89483"}],"wp:term":[{"taxonomy":"category","embeddable":true,"href":"https:\/\/www.hoymercedes.com.ar\/principal\/wp-json\/wp\/v2\/categories?post=89483"},{"taxonomy":"post_tag","embeddable":true,"href":"https:\/\/www.hoymercedes.com.ar\/principal\/wp-json\/wp\/v2\/tags?post=89483"}],"curies":[{"name":"wp","href":"https:\/\/api.w.org\/{rel}","templated":true}]}}