{"id":89488,"date":"2019-03-14T17:00:31","date_gmt":"2019-03-14T20:00:31","guid":{"rendered":"http:\/\/www.hoymercedes.com.ar\/principal\/?p=89488"},"modified":"2019-03-14T16:00:10","modified_gmt":"2019-03-14T19:00:10","slug":"la-sapec-del-hospital-llevo-adelante-un-taller-de-uso-de-insulinas","status":"publish","type":"post","link":"https:\/\/www.hoymercedes.com.ar\/principal\/2019\/03\/14\/la-sapec-del-hospital-llevo-adelante-un-taller-de-uso-de-insulinas\/","title":{"rendered":"La SAPEC del Hospital llev\u00f3 adelante un taller de uso de insulinas"},"content":{"rendered":"\n<p>En la ma\u00f1ana del\njueves 14 se realiz\u00f3 en la Sala de Atenci\u00f3n a Personas con Enfermedades\nCr\u00f3nicas (SAPEC) del Hospital Blas L. Dubarry un taller de Uso de Insulinas\norientados a personas con diabetes insulino dependientes y a sus familiares y\nal p\u00fablico general que se interes\u00f3 en el tema. <\/p>\n\n\n\n<figure class=\"wp-block-image\"><img loading=\"lazy\" decoding=\"async\" width=\"1024\" height=\"768\" data-attachment-id=\"89489\" data-permalink=\"https:\/\/www.hoymercedes.com.ar\/principal\/2019\/03\/14\/la-sapec-del-hospital-llevo-adelante-un-taller-de-uso-de-insulinas\/14-charla-hospital-1\/#main\" data-orig-file=\"https:\/\/www.hoymercedes.com.ar\/principal\/wp-content\/uploads\/2019\/03\/14-charla-hospital-1.jpg\" data-orig-size=\"1280,960\" data-comments-opened=\"0\" data-image-meta=\"{&quot;aperture&quot;:&quot;0&quot;,&quot;credit&quot;:&quot;&quot;,&quot;camera&quot;:&quot;&quot;,&quot;caption&quot;:&quot;&quot;,&quot;created_timestamp&quot;:&quot;0&quot;,&quot;copyright&quot;:&quot;&quot;,&quot;focal_length&quot;:&quot;0&quot;,&quot;iso&quot;:&quot;0&quot;,&quot;shutter_speed&quot;:&quot;0&quot;,&quot;title&quot;:&quot;&quot;,&quot;orientation&quot;:&quot;0&quot;}\" data-image-title=\"14 charla hospital 1\" data-image-description=\"\" data-image-caption=\"\" data-large-file=\"https:\/\/www.hoymercedes.com.ar\/principal\/wp-content\/uploads\/2019\/03\/14-charla-hospital-1-1024x768.jpg\" src=\"https:\/\/www.hoymercedes.com.ar\/principal\/wp-content\/uploads\/2019\/03\/14-charla-hospital-1-1024x768.jpg\" alt=\"\" class=\"wp-image-89489\" srcset=\"https:\/\/www.hoymercedes.com.ar\/principal\/wp-content\/uploads\/2019\/03\/14-charla-hospital-1-1024x768.jpg 1024w, https:\/\/www.hoymercedes.com.ar\/principal\/wp-content\/uploads\/2019\/03\/14-charla-hospital-1-150x113.jpg 150w, https:\/\/www.hoymercedes.com.ar\/principal\/wp-content\/uploads\/2019\/03\/14-charla-hospital-1-630x473.jpg 630w, https:\/\/www.hoymercedes.com.ar\/principal\/wp-content\/uploads\/2019\/03\/14-charla-hospital-1-320x240.jpg 320w, https:\/\/www.hoymercedes.com.ar\/principal\/wp-content\/uploads\/2019\/03\/14-charla-hospital-1-100x75.jpg 100w, https:\/\/www.hoymercedes.com.ar\/principal\/wp-content\/uploads\/2019\/03\/14-charla-hospital-1.jpg 1280w\" sizes=\"auto, (max-width: 1024px) 100vw, 1024px\" \/><\/figure>\n\n\n\n<p>La Dra. Romina Russo,\ndiabet\u00f3loga, explic\u00f3 que el taller busc\u00f3 educar sobre el uso de las insulinas,\nhaciendo hincapi\u00e9 en la aplicaci\u00f3n de insulinas y los tipos de insulinas\nexistentes de acuerdo a la gravedad de la enfermedad y su conservaci\u00f3n. \u201cLa\ncorrecta aplicaci\u00f3n de la insulina influye en el buen control de los pacientes\ncon diabetes que la utilizan\u201d, explic\u00f3 la profesional de la salud. <\/p>\n\n\n\n<p>La charla rond\u00f3 en varios temas relacionados con la diabetes\ny la aplicaci\u00f3n de la medicaci\u00f3n. Adem\u00e1s de evacuar todas las dudas que fueron\nplanteadas por los presentes en el SAPEC muchos de ellos pacientes de la sala y\nsus familiares. <\/p>\n","protected":false},"excerpt":{"rendered":"<p>En la ma\u00f1ana del jueves 14 se realiz\u00f3 en la Sala de Atenci\u00f3n a Personas con Enfermedades Cr\u00f3nicas (SAPEC) del &#8230; <a title=\"La SAPEC del Hospital llev\u00f3 adelante un taller de uso de insulinas\" class=\"read-more\" href=\"https:\/\/www.hoymercedes.com.ar\/principal\/2019\/03\/14\/la-sapec-del-hospital-llevo-adelante-un-taller-de-uso-de-insulinas\/\" aria-label=\"Leer m\u00e1s sobre La SAPEC del Hospital llev\u00f3 adelante un taller de uso de insulinas\">Leer m\u00e1s<\/a><\/p>\n","protected":false},"author":1,"featured_media":89489,"comment_status":"closed","ping_status":"open","sticky":false,"template":"","format":"standard","meta":{"_monsterinsights_skip_tracking":false,"_monsterinsights_sitenote_active":false,"_monsterinsights_sitenote_note":"","_monsterinsights_sitenote_category":0,"jetpack_post_was_ever_published":false,"_jetpack_newsletter_access":"","_jetpack_dont_email_post_to_subs":false,"_jetpack_newsletter_tier_id":0,"_jetpack_memberships_contains_paywalled_content":false,"_jetpack_memberships_contains_paid_content":false,"footnotes":"","jetpack_publicize_message":"","jetpack_publicize_feature_enabled":true,"jetpack_social_post_already_shared":true,"jetpack_social_options":{"image_generator_settings":{"template":"highway","default_image_id":0,"font":"","enabled":false},"version":2},"_wpas_customize_per_network":false},"categories":[9791],"tags":[140,134],"class_list":["post-89488","post","type-post","status-publish","format-standard","has-post-thumbnail","hentry","category-salud","tag-hospital-dubarry","tag-salud","generate-columns","tablet-grid-50","mobile-grid-100","grid-parent","grid-50"],"jetpack_publicize_connections":[],"jetpack_featured_media_url":"https:\/\/www.hoymercedes.com.ar\/principal\/wp-content\/uploads\/2019\/03\/14-charla-hospital-1.jpg","wps_subtitle":"Durante la ma\u00f1ana del jueves","jetpack_sharing_enabled":true,"_links":{"self":[{"href":"https:\/\/www.hoymercedes.com.ar\/principal\/wp-json\/wp\/v2\/posts\/89488","targetHints":{"allow":["GET"]}}],"collection":[{"href":"https:\/\/www.hoymercedes.com.ar\/principal\/wp-json\/wp\/v2\/posts"}],"about":[{"href":"https:\/\/www.hoymercedes.com.ar\/principal\/wp-json\/wp\/v2\/types\/post"}],"author":[{"embeddable":true,"href":"https:\/\/www.hoymercedes.com.ar\/principal\/wp-json\/wp\/v2\/users\/1"}],"replies":[{"embeddable":true,"href":"https:\/\/www.hoymercedes.com.ar\/principal\/wp-json\/wp\/v2\/comments?post=89488"}],"version-history":[{"count":0,"href":"https:\/\/www.hoymercedes.com.ar\/principal\/wp-json\/wp\/v2\/posts\/89488\/revisions"}],"wp:featuredmedia":[{"embeddable":true,"href":"https:\/\/www.hoymercedes.com.ar\/principal\/wp-json\/wp\/v2\/media\/89489"}],"wp:attachment":[{"href":"https:\/\/www.hoymercedes.com.ar\/principal\/wp-json\/wp\/v2\/media?parent=89488"}],"wp:term":[{"taxonomy":"category","embeddable":true,"href":"https:\/\/www.hoymercedes.com.ar\/principal\/wp-json\/wp\/v2\/categories?post=89488"},{"taxonomy":"post_tag","embeddable":true,"href":"https:\/\/www.hoymercedes.com.ar\/principal\/wp-json\/wp\/v2\/tags?post=89488"}],"curies":[{"name":"wp","href":"https:\/\/api.w.org\/{rel}","templated":true}]}}