{"id":89492,"date":"2019-03-14T18:11:18","date_gmt":"2019-03-14T21:11:18","guid":{"rendered":"http:\/\/www.hoymercedes.com.ar\/principal\/?p=89492"},"modified":"2019-03-14T16:45:01","modified_gmt":"2019-03-14T19:45:01","slug":"realizan-concurso-de-fotografia-de-aves-de-mercedes","status":"publish","type":"post","link":"https:\/\/www.hoymercedes.com.ar\/principal\/2019\/03\/14\/realizan-concurso-de-fotografia-de-aves-de-mercedes\/","title":{"rendered":"Realizan concurso de Fotograf\u00eda de Aves de Mercedes"},"content":{"rendered":"\n<p>Desde el Departamento\nde Ambiente del Municipio de Mercedes anunciaron el Primer Concurso de\nFotograf\u00eda de Aves de Mercedes en el marco del mes de las golondrinas pardas.\nEl certamen est\u00e1 destinado a las personas aficionadas a la observaci\u00f3n de aves y\nfot\u00f3grafos profesionales y aficionados. <\/p>\n\n\n\n<figure class=\"wp-block-image\"><img loading=\"lazy\" decoding=\"async\" width=\"750\" height=\"500\" data-attachment-id=\"89493\" data-permalink=\"https:\/\/www.hoymercedes.com.ar\/principal\/2019\/03\/14\/realizan-concurso-de-fotografia-de-aves-de-mercedes\/14-sustentable-1\/#main\" data-orig-file=\"https:\/\/www.hoymercedes.com.ar\/principal\/wp-content\/uploads\/2019\/03\/14-sustentable-1.jpg\" data-orig-size=\"750,500\" data-comments-opened=\"0\" data-image-meta=\"{&quot;aperture&quot;:&quot;0&quot;,&quot;credit&quot;:&quot;&quot;,&quot;camera&quot;:&quot;&quot;,&quot;caption&quot;:&quot;&quot;,&quot;created_timestamp&quot;:&quot;0&quot;,&quot;copyright&quot;:&quot;&quot;,&quot;focal_length&quot;:&quot;0&quot;,&quot;iso&quot;:&quot;0&quot;,&quot;shutter_speed&quot;:&quot;0&quot;,&quot;title&quot;:&quot;&quot;,&quot;orientation&quot;:&quot;0&quot;}\" data-image-title=\"14 sustentable 1\" data-image-description=\"\" data-image-caption=\"\" data-large-file=\"https:\/\/www.hoymercedes.com.ar\/principal\/wp-content\/uploads\/2019\/03\/14-sustentable-1.jpg\" src=\"https:\/\/www.hoymercedes.com.ar\/principal\/wp-content\/uploads\/2019\/03\/14-sustentable-1.jpg\" alt=\"\" class=\"wp-image-89493\" srcset=\"https:\/\/www.hoymercedes.com.ar\/principal\/wp-content\/uploads\/2019\/03\/14-sustentable-1.jpg 750w, https:\/\/www.hoymercedes.com.ar\/principal\/wp-content\/uploads\/2019\/03\/14-sustentable-1-150x100.jpg 150w, https:\/\/www.hoymercedes.com.ar\/principal\/wp-content\/uploads\/2019\/03\/14-sustentable-1-630x420.jpg 630w, https:\/\/www.hoymercedes.com.ar\/principal\/wp-content\/uploads\/2019\/03\/14-sustentable-1-720x480.jpg 720w, https:\/\/www.hoymercedes.com.ar\/principal\/wp-content\/uploads\/2019\/03\/14-sustentable-1-360x240.jpg 360w\" sizes=\"auto, (max-width: 750px) 100vw, 750px\" \/><\/figure>\n\n\n\n<p>La propuesta es que participen los autores de las im\u00e1genes de las distintas especies de aves de la regi\u00f3n como Golondrina Parda, Carancho, Hornero, Gorri\u00f3n, Golondrina Ceja Blanca, Jilgero Dorado, Bigu\u00e1, Garza Blanca, entre otros. <\/p>\n\n\n\n<p>El concurso premiar\u00e1 las\ndos mejores fotograf\u00edas. El primer premio son binoculares marca Cannon Co. Y el\nsegundo otros binoculares marca Shilba. Los restantes ocho distinguidos recibir\u00e1n\nun ejemplar del libro \u201cAves de Mercedes. Manual para el Observador\u201d de Gustavo\nBojorge editado por la Comisi\u00f3n CUNA.<\/p>\n\n\n\n<p>Las fotograf\u00edas se\nentregan en formato jpg. No se admitir\u00e1n fotograf\u00edas manipuladas digitalmente,\nni virajes de color, clonaci\u00f3n o montajes fotogr\u00e1ficos. Las im\u00e1genes deben ser\ntomadas en su contexto y describir la ubicaci\u00f3n donde se realiz\u00f3 captura puesto\nque deber\u00e1n ser dentro del partido de Mercedes. <\/p>\n\n\n\n<p>Se recibir\u00e1 una\nfotograf\u00eda por persona hasta el 6 de mayo de 2019. Deber\u00e1n enviarse por correo\nelectr\u00f3nico a <a href=\"mailto:ambiente@mercedes.gob.ar\">ambiente@mercedes.gob.ar<\/a>\nindicando el &nbsp;t\u00edtulo de la fotograf\u00eda,\nnombre, apellido y corro electr\u00f3nico del autor. <\/p>\n\n\n\n<p>El jurado estar\u00e1\ncompuesto por Juan Cruz Mend\u00eda (Coordinador del Departamento de Ambiente),\nGustavo Bojorge (fot\u00f3grafo de aves) y Victoria Odell (Directora de Adultos\nMayores). <\/p>\n\n\n\n<p>Las fotograf\u00edas ser\u00e1n\nexpuestas el venidero 5 de junio en el marco del D\u00eda del Ambiente. <\/p>\n","protected":false},"excerpt":{"rendered":"<p>Desde el Departamento de Ambiente del Municipio de Mercedes anunciaron el Primer Concurso de Fotograf\u00eda de Aves de Mercedes en &#8230; <a title=\"Realizan concurso de Fotograf\u00eda de Aves de Mercedes\" class=\"read-more\" href=\"https:\/\/www.hoymercedes.com.ar\/principal\/2019\/03\/14\/realizan-concurso-de-fotografia-de-aves-de-mercedes\/\" aria-label=\"Leer m\u00e1s sobre Realizan concurso de Fotograf\u00eda de Aves de Mercedes\">Leer m\u00e1s<\/a><\/p>\n","protected":false},"author":1,"featured_media":89494,"comment_status":"closed","ping_status":"open","sticky":false,"template":"","format":"standard","meta":{"_monsterinsights_skip_tracking":false,"_monsterinsights_sitenote_active":false,"_monsterinsights_sitenote_note":"","_monsterinsights_sitenote_category":0,"jetpack_post_was_ever_published":false,"_jetpack_newsletter_access":"","_jetpack_dont_email_post_to_subs":false,"_jetpack_newsletter_tier_id":0,"_jetpack_memberships_contains_paywalled_content":false,"_jetpack_memberships_contains_paid_content":false,"footnotes":"","jetpack_publicize_message":"","jetpack_publicize_feature_enabled":true,"jetpack_social_post_already_shared":true,"jetpack_social_options":{"image_generator_settings":{"template":"highway","default_image_id":0,"font":"","enabled":false},"version":2},"_wpas_customize_per_network":false},"categories":[30],"tags":[9001,14629,244],"class_list":["post-89492","post","type-post","status-publish","format-standard","has-post-thumbnail","hentry","category-municipio","tag-ambiente","tag-concurso-fotografia","tag-municipio-2","generate-columns","tablet-grid-50","mobile-grid-100","grid-parent","grid-50"],"jetpack_publicize_connections":[],"jetpack_featured_media_url":"https:\/\/www.hoymercedes.com.ar\/principal\/wp-content\/uploads\/2019\/03\/14-sustentable-2.jpg","wps_subtitle":"Desde el \u00e1rea de Ambiente","jetpack_sharing_enabled":true,"_links":{"self":[{"href":"https:\/\/www.hoymercedes.com.ar\/principal\/wp-json\/wp\/v2\/posts\/89492","targetHints":{"allow":["GET"]}}],"collection":[{"href":"https:\/\/www.hoymercedes.com.ar\/principal\/wp-json\/wp\/v2\/posts"}],"about":[{"href":"https:\/\/www.hoymercedes.com.ar\/principal\/wp-json\/wp\/v2\/types\/post"}],"author":[{"embeddable":true,"href":"https:\/\/www.hoymercedes.com.ar\/principal\/wp-json\/wp\/v2\/users\/1"}],"replies":[{"embeddable":true,"href":"https:\/\/www.hoymercedes.com.ar\/principal\/wp-json\/wp\/v2\/comments?post=89492"}],"version-history":[{"count":0,"href":"https:\/\/www.hoymercedes.com.ar\/principal\/wp-json\/wp\/v2\/posts\/89492\/revisions"}],"wp:featuredmedia":[{"embeddable":true,"href":"https:\/\/www.hoymercedes.com.ar\/principal\/wp-json\/wp\/v2\/media\/89494"}],"wp:attachment":[{"href":"https:\/\/www.hoymercedes.com.ar\/principal\/wp-json\/wp\/v2\/media?parent=89492"}],"wp:term":[{"taxonomy":"category","embeddable":true,"href":"https:\/\/www.hoymercedes.com.ar\/principal\/wp-json\/wp\/v2\/categories?post=89492"},{"taxonomy":"post_tag","embeddable":true,"href":"https:\/\/www.hoymercedes.com.ar\/principal\/wp-json\/wp\/v2\/tags?post=89492"}],"curies":[{"name":"wp","href":"https:\/\/api.w.org\/{rel}","templated":true}]}}