{"id":89505,"date":"2019-03-15T07:25:26","date_gmt":"2019-03-15T10:25:26","guid":{"rendered":"http:\/\/www.hoymercedes.com.ar\/principal\/?p=89505"},"modified":"2019-03-14T20:57:51","modified_gmt":"2019-03-14T23:57:51","slug":"se-pone-en-marcha-el-torneo-de-primera-y-de-reserva-de-la-liga-mercedina","status":"publish","type":"post","link":"https:\/\/www.hoymercedes.com.ar\/principal\/2019\/03\/15\/se-pone-en-marcha-el-torneo-de-primera-y-de-reserva-de-la-liga-mercedina\/","title":{"rendered":"Se pone en marcha el torneo de Primera y de Reserva de la Liga Mercedina"},"content":{"rendered":"\n<p>Luego de postergarse una semana para que algunos clubes se pongan al d\u00eda con el apto m\u00e9dico solicitado por el Consejo Federal para poder salir a la cancha, este fin de semana se dar\u00e1 rienda suelta a la emoci\u00f3n del f\u00fatbol local que buscar\u00e1 al campe\u00f3n 92 en los 91 a\u00f1os que tiene la Liga Mercedina.<\/p>\n\n\n\n<p>Ser\u00e1n 21 los equipos participantes y dos las canchas en la ciudad disponibles para jugar, como son la de la Liga y la de V\u00e9lez, mientras se espera que durante el 2019 se pueda habilitar alguna otra m\u00e1s para jugar con Primera Divisi\u00f3n. <\/p>\n\n\n\n<blockquote class=\"wp-block-quote is-layout-flow wp-block-quote-is-layout-flow\"><p><strong>PRIMERA DIVISION<\/strong><\/p><\/blockquote>\n\n\n\n<p><em><strong>S\u00e1bado 16 de marzo, cancha Liga Mercedina<\/strong><\/em><br>13:00 hs. Quilmes Vs. Talleres Payr\u00f3<br>15:00 hs. Palometas FC Vs. Costa Brava<br>17:00 hs. Defensores Juniors Vs. Comunicaciones<\/p>\n\n\n\n<p><em><strong>S\u00e1bado 16 de marzo, cancha V\u00e9lez Sarsfield<\/strong><\/em><br>13:00 hs. Uni\u00f3n Vs. La Diego Armando<br>15:00 hs. El Tim\u00f3n Vs. V\u00e9lez S\u00e1rsfield<br>17:00 hs. Ateneo Vs. Atl\u00e9tico Marcos Paz<\/p>\n\n\n\n<p><em><strong>Domingo 17 de marzo, cancha Juventud<\/strong><\/em><br>16:00 hs. Juventud Vs. AMEFIP<\/p>\n\n\n\n<p><strong>POSTERGADOS<\/strong><br>Mercedes \u2013 Col\u00f3n (se jugar\u00eda mi\u00e9rcoles 20)<br>Pabell\u00f3n Argentino \u2013 Holanda<\/p>\n\n\n\n<blockquote class=\"wp-block-quote is-layout-flow wp-block-quote-is-layout-flow\"><p><strong>RESERVA<\/strong><\/p><\/blockquote>\n\n\n\n<p><em><strong>S\u00e1bado 16 de marzo, cancha Quilmes<\/strong><\/em><br>14:00 hs. Defensores Juniors Vs. Comunicaciones<br>16:00 hs. Quilmes Vs. Talleres Payr\u00f3<\/p>\n\n\n\n<p><em><strong>S\u00e1bado 16 de marzo, cancha Ateneo<\/strong><\/em><br>14:00 hs. Ateneo Vs. Atl\u00e9tico Marcos Paz<br>16:00 hs. Uni\u00f3n Vs. La Diego Armando<\/p>\n\n\n\n<p><em><strong>S\u00e1bado 16 de marzo, cancha Mercedes<\/strong><\/em><br>17:00 hs. Mercedes Vs. Col\u00f3n<\/p>\n\n\n\n<p><em><strong>S\u00e1bado 16 de marzo, cancha Liga Mercedina<\/strong><\/em><br>19:00 hs. Palometas FC Vs. Costa Brava<\/p>\n\n\n\n<p>Domingo 17 de marzo, cancha El Tim\u00f3n<br>15:00 hs. El Tim\u00f3n Vs. V\u00e9lez Sarsfield<\/p>\n\n\n\n<p><em><strong>Domingo 17 de marzo, cancha Juventud<\/strong><\/em><br>14:00 hs. Juventud Vs. AMEFIP<\/p>\n\n\n\n<p><strong>POSTERGADO<\/strong><br>Pabell\u00f3n Argentino Vs. Holanda<\/p>\n\n\n\n<div class=\"wp-block-image\"><figure class=\"aligncenter\"><img loading=\"lazy\" decoding=\"async\" width=\"529\" height=\"687\" data-attachment-id=\"89506\" data-permalink=\"https:\/\/www.hoymercedes.com.ar\/principal\/2019\/03\/15\/se-pone-en-marcha-el-torneo-de-primera-y-de-reserva-de-la-liga-mercedina\/primera-liga-pos\/#main\" data-orig-file=\"https:\/\/www.hoymercedes.com.ar\/principal\/wp-content\/uploads\/2019\/03\/PRIMERA-LIGA-POS.png\" data-orig-size=\"529,687\" data-comments-opened=\"0\" data-image-meta=\"{&quot;aperture&quot;:&quot;0&quot;,&quot;credit&quot;:&quot;&quot;,&quot;camera&quot;:&quot;&quot;,&quot;caption&quot;:&quot;&quot;,&quot;created_timestamp&quot;:&quot;0&quot;,&quot;copyright&quot;:&quot;&quot;,&quot;focal_length&quot;:&quot;0&quot;,&quot;iso&quot;:&quot;0&quot;,&quot;shutter_speed&quot;:&quot;0&quot;,&quot;title&quot;:&quot;&quot;,&quot;orientation&quot;:&quot;0&quot;}\" data-image-title=\"PRIMERA LIGA POS\" data-image-description=\"\" data-image-caption=\"\" data-large-file=\"https:\/\/www.hoymercedes.com.ar\/principal\/wp-content\/uploads\/2019\/03\/PRIMERA-LIGA-POS.png\" src=\"https:\/\/www.hoymercedes.com.ar\/principal\/wp-content\/uploads\/2019\/03\/PRIMERA-LIGA-POS.png\" alt=\"\" class=\"wp-image-89506\" srcset=\"https:\/\/www.hoymercedes.com.ar\/principal\/wp-content\/uploads\/2019\/03\/PRIMERA-LIGA-POS.png 529w, https:\/\/www.hoymercedes.com.ar\/principal\/wp-content\/uploads\/2019\/03\/PRIMERA-LIGA-POS-116x150.png 116w, https:\/\/www.hoymercedes.com.ar\/principal\/wp-content\/uploads\/2019\/03\/PRIMERA-LIGA-POS-477x620.png 477w\" sizes=\"auto, (max-width: 529px) 100vw, 529px\" \/><\/figure><\/div>\n","protected":false},"excerpt":{"rendered":"<p>Luego de postergarse una semana para que algunos clubes se pongan al d\u00eda con el apto m\u00e9dico solicitado por el &#8230; <a title=\"Se pone en marcha el torneo de Primera y de Reserva de la Liga Mercedina\" class=\"read-more\" href=\"https:\/\/www.hoymercedes.com.ar\/principal\/2019\/03\/15\/se-pone-en-marcha-el-torneo-de-primera-y-de-reserva-de-la-liga-mercedina\/\" aria-label=\"Leer m\u00e1s sobre Se pone en marcha el torneo de Primera y de Reserva de la Liga Mercedina\">Leer m\u00e1s<\/a><\/p>\n","protected":false},"author":1,"featured_media":89506,"comment_status":"closed","ping_status":"open","sticky":false,"template":"","format":"standard","meta":{"_monsterinsights_skip_tracking":false,"_monsterinsights_sitenote_active":false,"_monsterinsights_sitenote_note":"","_monsterinsights_sitenote_category":0,"jetpack_post_was_ever_published":false,"_jetpack_newsletter_access":"","_jetpack_dont_email_post_to_subs":false,"_jetpack_newsletter_tier_id":0,"_jetpack_memberships_contains_paywalled_content":false,"_jetpack_memberships_contains_paid_content":false,"footnotes":"","jetpack_publicize_message":"","jetpack_publicize_feature_enabled":true,"jetpack_social_post_already_shared":true,"jetpack_social_options":{"image_generator_settings":{"template":"highway","default_image_id":0,"font":"","enabled":false},"version":2},"_wpas_customize_per_network":false},"categories":[21],"tags":[14633,413,14632],"class_list":["post-89505","post","type-post","status-publish","format-standard","has-post-thumbnail","hentry","category-deportes","tag-fecha-1","tag-liga-mercedina-de-futbol","tag-primera-division-2","generate-columns","tablet-grid-50","mobile-grid-100","grid-parent","grid-50"],"jetpack_publicize_connections":[],"jetpack_featured_media_url":"https:\/\/www.hoymercedes.com.ar\/principal\/wp-content\/uploads\/2019\/03\/PRIMERA-LIGA-POS.png","wps_subtitle":"","jetpack_sharing_enabled":true,"_links":{"self":[{"href":"https:\/\/www.hoymercedes.com.ar\/principal\/wp-json\/wp\/v2\/posts\/89505","targetHints":{"allow":["GET"]}}],"collection":[{"href":"https:\/\/www.hoymercedes.com.ar\/principal\/wp-json\/wp\/v2\/posts"}],"about":[{"href":"https:\/\/www.hoymercedes.com.ar\/principal\/wp-json\/wp\/v2\/types\/post"}],"author":[{"embeddable":true,"href":"https:\/\/www.hoymercedes.com.ar\/principal\/wp-json\/wp\/v2\/users\/1"}],"replies":[{"embeddable":true,"href":"https:\/\/www.hoymercedes.com.ar\/principal\/wp-json\/wp\/v2\/comments?post=89505"}],"version-history":[{"count":0,"href":"https:\/\/www.hoymercedes.com.ar\/principal\/wp-json\/wp\/v2\/posts\/89505\/revisions"}],"wp:featuredmedia":[{"embeddable":true,"href":"https:\/\/www.hoymercedes.com.ar\/principal\/wp-json\/wp\/v2\/media\/89506"}],"wp:attachment":[{"href":"https:\/\/www.hoymercedes.com.ar\/principal\/wp-json\/wp\/v2\/media?parent=89505"}],"wp:term":[{"taxonomy":"category","embeddable":true,"href":"https:\/\/www.hoymercedes.com.ar\/principal\/wp-json\/wp\/v2\/categories?post=89505"},{"taxonomy":"post_tag","embeddable":true,"href":"https:\/\/www.hoymercedes.com.ar\/principal\/wp-json\/wp\/v2\/tags?post=89505"}],"curies":[{"name":"wp","href":"https:\/\/api.w.org\/{rel}","templated":true}]}}