{"id":89508,"date":"2019-03-15T18:27:06","date_gmt":"2019-03-15T21:27:06","guid":{"rendered":"http:\/\/www.hoymercedes.com.ar\/principal\/?p=89508"},"modified":"2019-03-15T18:31:34","modified_gmt":"2019-03-15T21:31:34","slug":"todo-confirmado-para-club-mercedes-y-el-fronton","status":"publish","type":"post","link":"https:\/\/www.hoymercedes.com.ar\/principal\/2019\/03\/15\/todo-confirmado-para-club-mercedes-y-el-fronton\/","title":{"rendered":"Todo confirmado para Club Mercedes y El Front\u00f3n"},"content":{"rendered":"\n<p>Con Trocha libre, los cuatro equipos con chances de clasificar en la Zona 1 de la Regi\u00f3n Pampeana Norte del Torneo Regional Amateur tendr\u00e1n una octava fecha trascendental para sus aspiraciones, cuando luego queden dos partidos por disputar.<\/p>\n\n\n\n<figure class=\"wp-block-image\"><img loading=\"lazy\" decoding=\"async\" width=\"960\" height=\"782\" data-attachment-id=\"89538\" data-permalink=\"https:\/\/www.hoymercedes.com.ar\/principal\/2019\/03\/15\/todo-confirmado-para-club-mercedes-y-el-fronton\/sportsman-mercedes\/#main\" data-orig-file=\"https:\/\/www.hoymercedes.com.ar\/principal\/wp-content\/uploads\/2019\/03\/Sportsman-Mercedes.jpg\" data-orig-size=\"960,782\" data-comments-opened=\"0\" data-image-meta=\"{&quot;aperture&quot;:&quot;0&quot;,&quot;credit&quot;:&quot;&quot;,&quot;camera&quot;:&quot;&quot;,&quot;caption&quot;:&quot;&quot;,&quot;created_timestamp&quot;:&quot;0&quot;,&quot;copyright&quot;:&quot;&quot;,&quot;focal_length&quot;:&quot;0&quot;,&quot;iso&quot;:&quot;0&quot;,&quot;shutter_speed&quot;:&quot;0&quot;,&quot;title&quot;:&quot;&quot;,&quot;orientation&quot;:&quot;0&quot;}\" data-image-title=\"Sportsman Mercedes\" data-image-description=\"\" data-image-caption=\"\" data-large-file=\"https:\/\/www.hoymercedes.com.ar\/principal\/wp-content\/uploads\/2019\/03\/Sportsman-Mercedes.jpg\" src=\"https:\/\/www.hoymercedes.com.ar\/principal\/wp-content\/uploads\/2019\/03\/Sportsman-Mercedes.jpg\" alt=\"\" class=\"wp-image-89538\" srcset=\"https:\/\/www.hoymercedes.com.ar\/principal\/wp-content\/uploads\/2019\/03\/Sportsman-Mercedes.jpg 960w, https:\/\/www.hoymercedes.com.ar\/principal\/wp-content\/uploads\/2019\/03\/Sportsman-Mercedes-150x122.jpg 150w, https:\/\/www.hoymercedes.com.ar\/principal\/wp-content\/uploads\/2019\/03\/Sportsman-Mercedes-630x513.jpg 630w\" sizes=\"auto, (max-width: 960px) 100vw, 960px\" \/><\/figure>\n\n\n\n<p>En cancha de la Liga Mercedina, Club Mercedes buscar\u00e1 volver a la punta ante Sportsman de Carmen de Areco, que tras el empate en la jornada pasada, qued\u00f3 algo alejado del objetivo, pero con posibilidades matem\u00e1ticas todav\u00eda.<\/p>\n\n\n\n<p>En San Andr\u00e9s de Giles, El Front\u00f3n buscar\u00e1 seguir con la racha de victorias como local recibiendo a Bragado Club, el \u00fanico invicto que tiene la zona y al que le cost\u00f3 vencer a Trocha en la fecha pasada.<\/p>\n\n\n\n<div class=\"wp-block-image\"><figure class=\"aligncenter\"><img loading=\"lazy\" decoding=\"async\" width=\"527\" height=\"154\" data-attachment-id=\"89541\" data-permalink=\"https:\/\/www.hoymercedes.com.ar\/principal\/2019\/03\/15\/todo-confirmado-para-club-mercedes-y-el-fronton\/sin-titulo-14\/#main\" data-orig-file=\"https:\/\/www.hoymercedes.com.ar\/principal\/wp-content\/uploads\/2019\/03\/Sin-t\u00edtulo-3.png\" data-orig-size=\"527,154\" data-comments-opened=\"0\" data-image-meta=\"{&quot;aperture&quot;:&quot;0&quot;,&quot;credit&quot;:&quot;&quot;,&quot;camera&quot;:&quot;&quot;,&quot;caption&quot;:&quot;&quot;,&quot;created_timestamp&quot;:&quot;0&quot;,&quot;copyright&quot;:&quot;&quot;,&quot;focal_length&quot;:&quot;0&quot;,&quot;iso&quot;:&quot;0&quot;,&quot;shutter_speed&quot;:&quot;0&quot;,&quot;title&quot;:&quot;&quot;,&quot;orientation&quot;:&quot;0&quot;}\" data-image-title=\"Sin t\u00edtulo\" data-image-description=\"\" data-image-caption=\"\" data-large-file=\"https:\/\/www.hoymercedes.com.ar\/principal\/wp-content\/uploads\/2019\/03\/Sin-t\u00edtulo-3.png\" src=\"https:\/\/www.hoymercedes.com.ar\/principal\/wp-content\/uploads\/2019\/03\/Sin-t\u00edtulo-3.png\" alt=\"\" class=\"wp-image-89541\" srcset=\"https:\/\/www.hoymercedes.com.ar\/principal\/wp-content\/uploads\/2019\/03\/Sin-t\u00edtulo-3.png 527w, https:\/\/www.hoymercedes.com.ar\/principal\/wp-content\/uploads\/2019\/03\/Sin-t\u00edtulo-3-150x44.png 150w\" sizes=\"auto, (max-width: 527px) 100vw, 527px\" \/><\/figure><\/div>\n\n\n\n<p>Domingo 17<br>Cancha: Liga Mercedina.<br>A las 17.16 Club Mercedes vs. Sportsman.<br>Arbitro: Sergio Ariel M\u00e9ndez (Luj\u00e1n).<br>Asistentes: Juan Francisco S\u00e1nchez y Gerardo Rom\u00e1n Grande (Luj\u00e1n),<\/p>\n\n\n\n<p>Cancha: \u201cTito\u201d Crosetti.<br>A las 16 El Front\u00f3n vs. Bragado Club.<br>Arbitro: Bruno Amiconi (Salto).<br>Asistentes: Mart\u00edn Bonomi y Gonzalo An\u00edbal Roldan (Salto).<\/p>\n","protected":false},"excerpt":{"rendered":"<p>Con Trocha libre, los cuatro equipos con chances de clasificar en la Zona 1 de la Regi\u00f3n Pampeana Norte del &#8230; <a title=\"Todo confirmado para Club Mercedes y El Front\u00f3n\" class=\"read-more\" href=\"https:\/\/www.hoymercedes.com.ar\/principal\/2019\/03\/15\/todo-confirmado-para-club-mercedes-y-el-fronton\/\" aria-label=\"Leer m\u00e1s sobre Todo confirmado para Club Mercedes y El Front\u00f3n\">Leer m\u00e1s<\/a><\/p>\n","protected":false},"author":1,"featured_media":89538,"comment_status":"closed","ping_status":"open","sticky":false,"template":"","format":"standard","meta":{"_monsterinsights_skip_tracking":false,"_monsterinsights_sitenote_active":false,"_monsterinsights_sitenote_note":"","_monsterinsights_sitenote_category":0,"jetpack_post_was_ever_published":false,"_jetpack_newsletter_access":"","_jetpack_dont_email_post_to_subs":false,"_jetpack_newsletter_tier_id":0,"_jetpack_memberships_contains_paywalled_content":false,"_jetpack_memberships_contains_paid_content":false,"footnotes":"","jetpack_publicize_message":"","jetpack_publicize_feature_enabled":true,"jetpack_social_post_already_shared":true,"jetpack_social_options":{"image_generator_settings":{"template":"highway","default_image_id":0,"font":"","enabled":false},"version":2},"_wpas_customize_per_network":false},"categories":[21],"tags":[122,1003],"class_list":["post-89508","post","type-post","status-publish","format-standard","has-post-thumbnail","hentry","category-deportes","tag-club-mercedes","tag-futbol","generate-columns","tablet-grid-50","mobile-grid-100","grid-parent","grid-50"],"jetpack_publicize_connections":[],"jetpack_featured_media_url":"https:\/\/www.hoymercedes.com.ar\/principal\/wp-content\/uploads\/2019\/03\/Sportsman-Mercedes.jpg","wps_subtitle":"Regional Amateur","jetpack_sharing_enabled":true,"_links":{"self":[{"href":"https:\/\/www.hoymercedes.com.ar\/principal\/wp-json\/wp\/v2\/posts\/89508","targetHints":{"allow":["GET"]}}],"collection":[{"href":"https:\/\/www.hoymercedes.com.ar\/principal\/wp-json\/wp\/v2\/posts"}],"about":[{"href":"https:\/\/www.hoymercedes.com.ar\/principal\/wp-json\/wp\/v2\/types\/post"}],"author":[{"embeddable":true,"href":"https:\/\/www.hoymercedes.com.ar\/principal\/wp-json\/wp\/v2\/users\/1"}],"replies":[{"embeddable":true,"href":"https:\/\/www.hoymercedes.com.ar\/principal\/wp-json\/wp\/v2\/comments?post=89508"}],"version-history":[{"count":0,"href":"https:\/\/www.hoymercedes.com.ar\/principal\/wp-json\/wp\/v2\/posts\/89508\/revisions"}],"wp:featuredmedia":[{"embeddable":true,"href":"https:\/\/www.hoymercedes.com.ar\/principal\/wp-json\/wp\/v2\/media\/89538"}],"wp:attachment":[{"href":"https:\/\/www.hoymercedes.com.ar\/principal\/wp-json\/wp\/v2\/media?parent=89508"}],"wp:term":[{"taxonomy":"category","embeddable":true,"href":"https:\/\/www.hoymercedes.com.ar\/principal\/wp-json\/wp\/v2\/categories?post=89508"},{"taxonomy":"post_tag","embeddable":true,"href":"https:\/\/www.hoymercedes.com.ar\/principal\/wp-json\/wp\/v2\/tags?post=89508"}],"curies":[{"name":"wp","href":"https:\/\/api.w.org\/{rel}","templated":true}]}}