{"id":89517,"date":"2019-03-15T10:10:40","date_gmt":"2019-03-15T13:10:40","guid":{"rendered":"http:\/\/www.hoymercedes.com.ar\/principal\/?p=89517"},"modified":"2019-03-15T09:39:44","modified_gmt":"2019-03-15T12:39:44","slug":"sergio-denis-en-mercedes","status":"publish","type":"post","link":"https:\/\/www.hoymercedes.com.ar\/principal\/2019\/03\/15\/sergio-denis-en-mercedes\/","title":{"rendered":"Sergio Denis en Mercedes"},"content":{"rendered":"\n<p>Por Fabi\u00e1n Morales* &#8211; La ca\u00edda de Sergio Denis se podr\u00eda haber evitado. En Mercedes podr\u00eda ocurrir en cualquier momento algo similar, es m\u00e1s, ya ha pasado.<\/p>\n\n\n\n<p>Que nadie se ofenda, porque enseguida aparece el club de los ofendidos. No es contra nadie es a favor de todas las personas y en segundo lugar del erario municipal.<\/p>\n\n\n\n<p>El Teatro de Tucum\u00e1n Mercedes Sosa pertenece al estado provincial, que adem\u00e1s cuenta con m\u00e1s de 10 teatros. No nos olvidemos que ese teatro en su proscenio ten\u00eda candilejas y la concha del apuntador y debemos recordar tambi\u00e9n que los actores y cantantes de \u00f3peras trabajaban en todo momento de frente. Con las modificaciones se perdieron alrededor de 30 cm. antes de llegar al foso al que los artista ve\u00edan de frente, era imposible llegar a \u00e9l.<\/p>\n\n\n\n<p>La primera pregunta que deber\u00edan hacerse es: \u00bfQui\u00e9n habilit\u00f3 la pasarela por la que transitaba el cantante antes de caerse? La respuesta que van a encontrar es: \u00a1Nadie!. Puro entusiasmo y negligencia.<\/p>\n\n\n\n<p>Si hubiesen hecho caso del Art. 92\u00ba \u2013 Queda prohibido colocar decoraciones ni objeto alguno pr\u00f3ximo a los establecimientos de incendios, como asimismo depositarlos ni aun transitoriamente en los puentes de maniobra<strong><em>, fosos,<\/em><\/strong>&nbsp;corredores de salida para los artistas, cuartos de electricidad, y todo otro sitio donde a juicio del inspector de teatros, pueda constituir un peligro etc. De la ordenanza ORDENANZA 09\/12\/910 \u2013 (CD 476.2)<\/p>\n\n\n\n<p>El Estado debe hacer lo que la ley dice no lo que la ley no dice. El Estado debe regirse por las leyes de habilitaci\u00f3n de la provincia.<\/p>\n\n\n\n<p>Les van a realizar un juicio al estado, con todo derecho, lo van a perder y la gente toda lo pagar\u00e1.\u00a0 Porque esa pasarela sobre el foso es ilegal.<\/p>\n\n\n\n<p>En Mercedes recordemos un par de casos. Una mujer habr\u00eda iniciado juicio a la Municipalidad de Mercedes por haberse aprisionado un dedo con las vallas en una fiesta de los tantos mega eventos que se realizan. \u00bfC\u00f3mo habr\u00eda terminado?. El Estado Municipal deber\u00eda pagar por el 5% de discapacidad que le habr\u00eda dejado ese \u201caccidente\u201d, alrededor de $100.000. Y cuando digo el Estado digo nosotros.<\/p>\n\n\n\n<p>Otro caso: El derrumbe de la mitad del cielo raso de la sala B del teatro (la mayor) fue un domingo no hab\u00eda nadie, m\u00e1s de 100 butacas destrozadas. Preg\u00fantense que habr\u00eda pasado si suced\u00eda durante un espect\u00e1culo. M\u00e1s de cien v\u00edctimas, un \u201cCroma\u00f1\u00f3n\u201d. \u00a0\u00a0Todo el p\u00fablico de adelante quedar\u00eda encerrado porque no tiene salida de emergencia.<\/p>\n\n\n\n<p>Hace muy poco se desplom\u00f3 una torre de luces, 5 minutos despu\u00e9s que las alumnas de danza bajaran del escenario. No habr\u00eda tenido puesta las trabas de seguridad.<\/p>\n\n\n\n<p>Como los casos de dos empleados que cayeron de grandes alturas subidos a escaleras sin ning\u00fan tipo de seguridad recibiendo da\u00f1os considerables. O el peligro de derrumbe de la sala A. O de tener que hacer una evacuaci\u00f3n de p\u00fablico solo abre una sola de todas las puertas de cristal. Recordemos el accidente del periodista Oscar Pozzi.<\/p>\n\n\n\n<p>Sugerimos por nuestra experiencia en el teatro de la provincia de Buenos Aires hacer una auditoria de seguridad. Tomemos de ejemplo el Teatro Municipal de Bah\u00eda Blanca que permanecer\u00e1 cerrado hasta que termine de auditarse.<\/p>\n\n\n\n<p>Pueden evitarse muertes y accidentes si se cumplen bien con las funciones que se ejerce.<\/p>\n\n\n\n<p>O tambi\u00e9n como ocurri\u00f3 en otros municipios el intendente con su firma se hizo cargo de las salas si algo suced\u00eda, mientras se tramitaba la habilitaci\u00f3n o se hiciera la auditoria por la seguridad del Teatro Municipal. \u00bfQui\u00e9n nos asegura que la otra mitad del techo no se va a desplomar?<\/p>\n\n\n\n<p>Quiero que quede bien claro esto es a favor de todos, evitemos muertes y heridos. Lo de Sergio Denis debe despertar conciencia.<\/p>\n\n\n\n<p>Dentro de poco el gobierno de la provincia de Buenos aires a trav\u00e9s del ministerio de Cultura realizar\u00e1 un encuentro de teatro (del que hablaremos en otro momento) Las preguntas que deber\u00edan hacerse son: \u00bfTienen la seguridad necesaria? \u00bfseguro de espectadores? \u00bfseguro de sala? \u00bfExiste alg\u00fan estudio de seguridad en los teatros del Estado por parte de la provincia de Buenos Aires?<\/p>\n\n\n\n<p>Tambi\u00e9n acontecer\u00e1 en salas independientes, pero eso seguramente estar\u00e1 contemplado en la ordenanza de habilitaci\u00f3n que presentamos en 2011 y que habr\u00eda sido aprobada por unanimidad por el Honorable Concejo Deliberante de Mercedes.<\/p>\n\n\n\n<p>Ordenanza N\u00ba 6922 Salas y Espacios Teatrales Independientes de mi autor\u00eda. Porque sino tambi\u00e9n ser\u00e1 responsabilidad del Estado tanto del ejecutivo como del legislativo por no haber solicitado ning\u00fan tipo de informe sobre la situaci\u00f3n de los mismos.<\/p>\n\n\n\n<p>Nos sorprende para mal que no se haga en el Teatro Tal\u00eda ya que desde el estado provincial desde el 2010 a 2015 le hemos dado las herramientas para su acondicionamiento y cumpla con la ordenanza correspondiente. Ya que pensamos que el Estado debe ser responsable de contribuir con los materiales y trabajo para lograr la correspondiente habilitaci\u00f3n.<\/p>\n\n\n\n<p>Ojala no tengamos un Croma\u00f1\u00f3n ni un Sergio Denis en Mercedes. Ya que como vimos en solo algunos ejemplos solo hemos tenido suerte<\/p>\n\n\n\n<p>Despu\u00e9s no digan que no les avisamos. Est\u00e1n todos enterados de la situaci\u00f3n.<br><\/p>\n\n\n\n<p>*Ex Secretario del Consejo Provincial de Teatro Independiente de la provincia de Buenos Aires. Ex Consejero provincial del CPTI. Ex Director de Cultura Municipalidad de Mercedes.Ex Director de Juventud Municipalidad de Mercedes. Ex Director de la Comedia Municipal de Teatro \u201cRa\u00fal Bustos Berrondo\u201d Mercedes. Miembro de MOTIBA Movimiento de Teatro Independiente BA. Director de la Organizaci\u00f3n \u201cEl Negro Olmedo <\/p>\n\n\n\n<p><\/p>\n\n\n\n<p>NdR: La foto enviada por el autor de la nota no fue publicada puesto que puede herir la susceptibilidad de los lectores.<\/p>\n","protected":false},"excerpt":{"rendered":"<p>Por Fabi\u00e1n Morales* &#8211; La ca\u00edda de Sergio Denis se podr\u00eda haber evitado. En Mercedes podr\u00eda ocurrir en cualquier momento &#8230; <a title=\"Sergio Denis en Mercedes\" class=\"read-more\" href=\"https:\/\/www.hoymercedes.com.ar\/principal\/2019\/03\/15\/sergio-denis-en-mercedes\/\" aria-label=\"Leer m\u00e1s sobre Sergio Denis en Mercedes\">Leer m\u00e1s<\/a><\/p>\n","protected":false},"author":1,"featured_media":89518,"comment_status":"closed","ping_status":"open","sticky":false,"template":"","format":"standard","meta":{"_monsterinsights_skip_tracking":false,"_monsterinsights_sitenote_active":false,"_monsterinsights_sitenote_note":"","_monsterinsights_sitenote_category":0,"jetpack_post_was_ever_published":false,"_jetpack_newsletter_access":"","_jetpack_dont_email_post_to_subs":false,"_jetpack_newsletter_tier_id":0,"_jetpack_memberships_contains_paywalled_content":false,"_jetpack_memberships_contains_paid_content":false,"footnotes":"","jetpack_publicize_message":"","jetpack_publicize_feature_enabled":true,"jetpack_social_post_already_shared":true,"jetpack_social_options":{"image_generator_settings":{"template":"highway","default_image_id":0,"font":"","enabled":false},"version":2},"_wpas_customize_per_network":false},"categories":[104],"tags":[7805,479,8748],"class_list":["post-89517","post","type-post","status-publish","format-standard","has-post-thumbnail","hentry","category-cultura","tag-cultura","tag-fabian-morales","tag-opinion","generate-columns","tablet-grid-50","mobile-grid-100","grid-parent","grid-50"],"jetpack_publicize_connections":[],"jetpack_featured_media_url":"https:\/\/www.hoymercedes.com.ar\/principal\/wp-content\/uploads\/2019\/03\/15-sergio-denis.jpg","wps_subtitle":"Opini\u00f3n","jetpack_sharing_enabled":true,"_links":{"self":[{"href":"https:\/\/www.hoymercedes.com.ar\/principal\/wp-json\/wp\/v2\/posts\/89517","targetHints":{"allow":["GET"]}}],"collection":[{"href":"https:\/\/www.hoymercedes.com.ar\/principal\/wp-json\/wp\/v2\/posts"}],"about":[{"href":"https:\/\/www.hoymercedes.com.ar\/principal\/wp-json\/wp\/v2\/types\/post"}],"author":[{"embeddable":true,"href":"https:\/\/www.hoymercedes.com.ar\/principal\/wp-json\/wp\/v2\/users\/1"}],"replies":[{"embeddable":true,"href":"https:\/\/www.hoymercedes.com.ar\/principal\/wp-json\/wp\/v2\/comments?post=89517"}],"version-history":[{"count":0,"href":"https:\/\/www.hoymercedes.com.ar\/principal\/wp-json\/wp\/v2\/posts\/89517\/revisions"}],"wp:featuredmedia":[{"embeddable":true,"href":"https:\/\/www.hoymercedes.com.ar\/principal\/wp-json\/wp\/v2\/media\/89518"}],"wp:attachment":[{"href":"https:\/\/www.hoymercedes.com.ar\/principal\/wp-json\/wp\/v2\/media?parent=89517"}],"wp:term":[{"taxonomy":"category","embeddable":true,"href":"https:\/\/www.hoymercedes.com.ar\/principal\/wp-json\/wp\/v2\/categories?post=89517"},{"taxonomy":"post_tag","embeddable":true,"href":"https:\/\/www.hoymercedes.com.ar\/principal\/wp-json\/wp\/v2\/tags?post=89517"}],"curies":[{"name":"wp","href":"https:\/\/api.w.org\/{rel}","templated":true}]}}