{"id":89528,"date":"2019-03-15T17:02:26","date_gmt":"2019-03-15T20:02:26","guid":{"rendered":"http:\/\/www.hoymercedes.com.ar\/principal\/?p=89528"},"modified":"2019-03-15T17:28:02","modified_gmt":"2019-03-15T20:28:02","slug":"confirman-artistas-que-participaran-del-mammusic","status":"publish","type":"post","link":"https:\/\/www.hoymercedes.com.ar\/principal\/2019\/03\/15\/confirman-artistas-que-participaran-del-mammusic\/","title":{"rendered":"Confirman artistas que participar\u00e1n del MAMMusic"},"content":{"rendered":"\n<p>El Museo de Arte \u00abMunicipalidad de Mercedes\u00bb anunci\u00f3 la n\u00f3mina de m\u00fasicos y cantantes que participar\u00e1n de la edici\u00f3n 2019 del MAMMusic. El ciclo arranca el 24 de marzo, en el marco del D\u00eda de la Memoria, con la actuaci\u00f3n de Mart\u00edn Boffi y Josefina Marcel. <\/p>\n\n\n\n<p>De acuerdo a la informaci\u00f3n recibida por el Museo de Artes, fueron 25 las propuestas recibidas en la inscripci\u00f3n iniciada en febrero para el ciclo que promueve los conciertos ac\u00fasticos o desenchufados. Los inscriptos ten\u00edan que cumplir como principal requisito que en el espect\u00e1culo sera una cantidad reducida de m\u00fasicos en escena (d\u00faos\/tr\u00edos). <\/p>\n\n\n\n<p>Aun falta confirmar las fechas de cada uno de quienes fueron seleccionados y actuar\u00e1n a lo largo del a\u00f1o. Sin embargo, la n\u00f3mina de los artistas y m\u00fasicos que participar\u00e1n son: <\/p>\n\n\n\n<ul class=\"wp-block-list\"><li>Mart\u00edn Boffi y Josefina Marcel \u2013 \u201cM\u00fasica por la Memoria\u201d \u2013 Guitarra y voz (Fecha confirmada: 24 de marzo)<\/li><li>Las Malvones (Mar\u00eda Eva Regueiro, Amarilis D\u00edaz y Celina Di Paolo) Voz, percusi\u00f3n y guitarra<\/li><li>Chori Perruolo y Maximiliano Rodr\u00edguez  &#8211; Voz, percusi\u00f3n y guitarra<\/li><li>D\u00fao Quimera (Agustina y Cacho Pavoni) M\u00fasica popular argentina<\/li><li>Schenone y Da Silva Martins -Viol\u00edn y viola <\/li><li>SIMAU\u00c9 (Nicol\u00e1s Pavone y Genaro Cabuccio) &#8211; Voz, percusi\u00f3n y guitarra<\/li><li>VAMOS P`AL NORTE (Virginia Altube, Marilina Erramuspe y Mariel Solari) &#8211; M\u00fasica originaria andina<\/li><li>Pablo Stasiuk y Claudio Zermoglio &#8211; Proyecto po\u00e9tico-musical<\/li><li>Luciana L\u00f3pez L\u00e1strico y Nicol\u00e1s Rigano &#8211; Canciones reversionadas con cambios en sus ritmos y armon\u00edas <\/li><li>TREN MISTERIOSO (Victoria Mariella, Miguel Schafrik y Tano Giorgione)<\/li><\/ul>\n","protected":false},"excerpt":{"rendered":"<p>El Museo de Arte \u00abMunicipalidad de Mercedes\u00bb anunci\u00f3 la n\u00f3mina de m\u00fasicos y cantantes que participar\u00e1n de la edici\u00f3n 2019 &#8230; <a title=\"Confirman artistas que participar\u00e1n del MAMMusic\" class=\"read-more\" href=\"https:\/\/www.hoymercedes.com.ar\/principal\/2019\/03\/15\/confirman-artistas-que-participaran-del-mammusic\/\" aria-label=\"Leer m\u00e1s sobre Confirman artistas que participar\u00e1n del MAMMusic\">Leer m\u00e1s<\/a><\/p>\n","protected":false},"author":1,"featured_media":89529,"comment_status":"closed","ping_status":"open","sticky":false,"template":"","format":"standard","meta":{"_monsterinsights_skip_tracking":false,"_monsterinsights_sitenote_active":false,"_monsterinsights_sitenote_note":"","_monsterinsights_sitenote_category":0,"jetpack_post_was_ever_published":false,"_jetpack_newsletter_access":"","_jetpack_dont_email_post_to_subs":false,"_jetpack_newsletter_tier_id":0,"_jetpack_memberships_contains_paywalled_content":false,"_jetpack_memberships_contains_paid_content":false,"footnotes":"","jetpack_publicize_message":"","jetpack_publicize_feature_enabled":true,"jetpack_social_post_already_shared":true,"jetpack_social_options":{"image_generator_settings":{"template":"highway","default_image_id":0,"font":"","enabled":false},"version":2},"_wpas_customize_per_network":false},"categories":[104],"tags":[7805,8674,13478,8539],"class_list":["post-89528","post","type-post","status-publish","format-standard","has-post-thumbnail","hentry","category-cultura","tag-cultura","tag-mamm","tag-mammusic","tag-musica","generate-columns","tablet-grid-50","mobile-grid-100","grid-parent","grid-50"],"jetpack_publicize_connections":[],"jetpack_featured_media_url":"https:\/\/www.hoymercedes.com.ar\/principal\/wp-content\/uploads\/2019\/03\/15-MAMMusic.jpg","wps_subtitle":"Artistas seleccionados","jetpack_sharing_enabled":true,"_links":{"self":[{"href":"https:\/\/www.hoymercedes.com.ar\/principal\/wp-json\/wp\/v2\/posts\/89528","targetHints":{"allow":["GET"]}}],"collection":[{"href":"https:\/\/www.hoymercedes.com.ar\/principal\/wp-json\/wp\/v2\/posts"}],"about":[{"href":"https:\/\/www.hoymercedes.com.ar\/principal\/wp-json\/wp\/v2\/types\/post"}],"author":[{"embeddable":true,"href":"https:\/\/www.hoymercedes.com.ar\/principal\/wp-json\/wp\/v2\/users\/1"}],"replies":[{"embeddable":true,"href":"https:\/\/www.hoymercedes.com.ar\/principal\/wp-json\/wp\/v2\/comments?post=89528"}],"version-history":[{"count":0,"href":"https:\/\/www.hoymercedes.com.ar\/principal\/wp-json\/wp\/v2\/posts\/89528\/revisions"}],"wp:featuredmedia":[{"embeddable":true,"href":"https:\/\/www.hoymercedes.com.ar\/principal\/wp-json\/wp\/v2\/media\/89529"}],"wp:attachment":[{"href":"https:\/\/www.hoymercedes.com.ar\/principal\/wp-json\/wp\/v2\/media?parent=89528"}],"wp:term":[{"taxonomy":"category","embeddable":true,"href":"https:\/\/www.hoymercedes.com.ar\/principal\/wp-json\/wp\/v2\/categories?post=89528"},{"taxonomy":"post_tag","embeddable":true,"href":"https:\/\/www.hoymercedes.com.ar\/principal\/wp-json\/wp\/v2\/tags?post=89528"}],"curies":[{"name":"wp","href":"https:\/\/api.w.org\/{rel}","templated":true}]}}