{"id":89605,"date":"2019-03-18T09:28:17","date_gmt":"2019-03-18T12:28:17","guid":{"rendered":"http:\/\/www.hoymercedes.com.ar\/principal\/?p=89605"},"modified":"2019-03-18T14:14:48","modified_gmt":"2019-03-18T17:14:48","slug":"realizaron-capacitacion-en-primera-infancia","status":"publish","type":"post","link":"https:\/\/www.hoymercedes.com.ar\/principal\/2019\/03\/18\/realizaron-capacitacion-en-primera-infancia\/","title":{"rendered":"Realizaron capacitaci\u00f3n en primera infancia"},"content":{"rendered":"\n<p>En el marco de las pol\u00edticas de cuidado de la ni\u00f1ez se llev\u00f3 a cabo una nutrida primera jornada de capacitaci\u00f3n en primera infancia. Desplegada desde Desarrollo Social con epicentro en la capacitaci\u00f3n de personal, docentes y profesionales de los Jardines Espacios Primera Infancia. Fue, tambi\u00e9n, abierto a toda la comunidad. Se denomin\u00f3 \u201cJuegos, cuentos y t\u00edteres en primera infancia\u201d. Se realiz\u00f3 en el MAMM con la exposici\u00f3n y coordinaci\u00f3n de Alejandra Marroqu\u00edn, psicopedagoga, psicoanalista, narradora de cuentos y titiritera.<\/p>\n\n\n\n<figure class=\"wp-block-image\"><img loading=\"lazy\" decoding=\"async\" width=\"721\" height=\"481\" data-attachment-id=\"89606\" data-permalink=\"https:\/\/www.hoymercedes.com.ar\/principal\/2019\/03\/18\/realizaron-capacitacion-en-primera-infancia\/18-primera-infancia\/#main\" data-orig-file=\"https:\/\/www.hoymercedes.com.ar\/principal\/wp-content\/uploads\/2019\/03\/18-primera-infancia.jpg\" data-orig-size=\"721,481\" data-comments-opened=\"0\" data-image-meta=\"{&quot;aperture&quot;:&quot;0&quot;,&quot;credit&quot;:&quot;&quot;,&quot;camera&quot;:&quot;&quot;,&quot;caption&quot;:&quot;&quot;,&quot;created_timestamp&quot;:&quot;0&quot;,&quot;copyright&quot;:&quot;&quot;,&quot;focal_length&quot;:&quot;0&quot;,&quot;iso&quot;:&quot;0&quot;,&quot;shutter_speed&quot;:&quot;0&quot;,&quot;title&quot;:&quot;&quot;,&quot;orientation&quot;:&quot;0&quot;}\" data-image-title=\"18 primera infancia\" data-image-description=\"\" data-image-caption=\"\" data-large-file=\"https:\/\/www.hoymercedes.com.ar\/principal\/wp-content\/uploads\/2019\/03\/18-primera-infancia.jpg\" src=\"https:\/\/www.hoymercedes.com.ar\/principal\/wp-content\/uploads\/2019\/03\/18-primera-infancia.jpg\" alt=\"\" class=\"wp-image-89606\" srcset=\"https:\/\/www.hoymercedes.com.ar\/principal\/wp-content\/uploads\/2019\/03\/18-primera-infancia.jpg 721w, https:\/\/www.hoymercedes.com.ar\/principal\/wp-content\/uploads\/2019\/03\/18-primera-infancia-150x100.jpg 150w, https:\/\/www.hoymercedes.com.ar\/principal\/wp-content\/uploads\/2019\/03\/18-primera-infancia-630x420.jpg 630w, https:\/\/www.hoymercedes.com.ar\/principal\/wp-content\/uploads\/2019\/03\/18-primera-infancia-720x480.jpg 720w, https:\/\/www.hoymercedes.com.ar\/principal\/wp-content\/uploads\/2019\/03\/18-primera-infancia-360x240.jpg 360w\" sizes=\"auto, (max-width: 721px) 100vw, 721px\" \/><\/figure>\n\n\n\n<p>Denominado como \u201cprimer encuentro\u201d para \u201cacompa\u00f1ar y acobijar la ni\u00f1ez\u201d en el marco de las distintas acciones desplegadas por la Municipalidad de Mercedes, donde la capacitaci\u00f3n constante es una \u201cacci\u00f3n que forma parte importante de las pol\u00edticas de cuidado de la ni\u00f1ez, porque el constante cruce de saberes, fomentando la actualizaci\u00f3n de contenidos y miradas es algo que impulsa siempre nuestro intendente. Hay inversi\u00f3n, hay construcci\u00f3n de nuevos espacios, hay m\u00e1s profesionales, pero tambi\u00e9n hay educaci\u00f3n para a dichas estructuras darle siempre contenidos frescos y creativos\u201d, coment\u00f3 Grabriela Olivella, directora de ni\u00f1ez y adolescencia.<\/p>\n\n\n\n<p>La capacitaci\u00f3n impulsada por la Direcci\u00f3n de Ni\u00f1ez y Adolescencia a cargo de a Lic. Alejandra Marroqu\u00edn junto a la coordinaci\u00f3n de los Jardines Espacios Primera Infancia convoc\u00f3 a gran cantidad de interesados, destac\u00f3 Bel\u00e9n Cirillo, quien tambi\u00e9n agradeci\u00f3 a Silvia De C\u00e9ssare, conocida narradora mercedina.<\/p>\n\n\n\n<p>Se trabaj\u00f3 y convoc\u00f3 a referentes y miembros de los mencionados EPIS, pero tambi\u00e9n El Honguito, Casa del Ni\u00f1o, Hogar Abrigo, Jardines Maternales, es decir, quienes a diario act\u00faan en el cuidado de la ni\u00f1ez.<\/p>\n\n\n\n<p>\u201cPara nosotros este tipo de encuentros, como cada uno de los espacios que tenemos en la ciudad en torno a la ni\u00f1ez, son un verdadero orgullo\u201d coment\u00f3 el jefe comunal Juan Ignacio Ustarroz, sin olvidar que \u201csin duda los docentes, trabajadores, profesionales, son fundamentales en cada espacio, siendo verdaderos forjadores de un futuro mejor\u201d.<\/p>\n\n\n\n<p>.<\/p>\n","protected":false},"excerpt":{"rendered":"<p>En el marco de las pol\u00edticas de cuidado de la ni\u00f1ez se llev\u00f3 a cabo una nutrida primera jornada de &#8230; <a title=\"Realizaron capacitaci\u00f3n en primera infancia\" class=\"read-more\" href=\"https:\/\/www.hoymercedes.com.ar\/principal\/2019\/03\/18\/realizaron-capacitacion-en-primera-infancia\/\" aria-label=\"Leer m\u00e1s sobre Realizaron capacitaci\u00f3n en primera infancia\">Leer m\u00e1s<\/a><\/p>\n","protected":false},"author":1,"featured_media":89606,"comment_status":"closed","ping_status":"open","sticky":false,"template":"","format":"standard","meta":{"_monsterinsights_skip_tracking":false,"_monsterinsights_sitenote_active":false,"_monsterinsights_sitenote_note":"","_monsterinsights_sitenote_category":0,"jetpack_post_was_ever_published":false,"_jetpack_newsletter_access":"","_jetpack_dont_email_post_to_subs":false,"_jetpack_newsletter_tier_id":0,"_jetpack_memberships_contains_paywalled_content":false,"_jetpack_memberships_contains_paid_content":false,"footnotes":"","jetpack_publicize_message":"","jetpack_publicize_feature_enabled":true,"jetpack_social_post_already_shared":true,"jetpack_social_options":{"image_generator_settings":{"template":"highway","default_image_id":0,"font":"","enabled":false},"version":2},"_wpas_customize_per_network":false},"categories":[30],"tags":[8656,870,244,9197,134],"class_list":["post-89605","post","type-post","status-publish","format-standard","has-post-thumbnail","hentry","category-municipio","tag-capacitacion","tag-desarrollo-social","tag-municipio-2","tag-primera-infancia","tag-salud","generate-columns","tablet-grid-50","mobile-grid-100","grid-parent","grid-50"],"jetpack_publicize_connections":[],"jetpack_featured_media_url":"https:\/\/www.hoymercedes.com.ar\/principal\/wp-content\/uploads\/2019\/03\/18-primera-infancia.jpg","wps_subtitle":"","jetpack_sharing_enabled":true,"_links":{"self":[{"href":"https:\/\/www.hoymercedes.com.ar\/principal\/wp-json\/wp\/v2\/posts\/89605","targetHints":{"allow":["GET"]}}],"collection":[{"href":"https:\/\/www.hoymercedes.com.ar\/principal\/wp-json\/wp\/v2\/posts"}],"about":[{"href":"https:\/\/www.hoymercedes.com.ar\/principal\/wp-json\/wp\/v2\/types\/post"}],"author":[{"embeddable":true,"href":"https:\/\/www.hoymercedes.com.ar\/principal\/wp-json\/wp\/v2\/users\/1"}],"replies":[{"embeddable":true,"href":"https:\/\/www.hoymercedes.com.ar\/principal\/wp-json\/wp\/v2\/comments?post=89605"}],"version-history":[{"count":0,"href":"https:\/\/www.hoymercedes.com.ar\/principal\/wp-json\/wp\/v2\/posts\/89605\/revisions"}],"wp:featuredmedia":[{"embeddable":true,"href":"https:\/\/www.hoymercedes.com.ar\/principal\/wp-json\/wp\/v2\/media\/89606"}],"wp:attachment":[{"href":"https:\/\/www.hoymercedes.com.ar\/principal\/wp-json\/wp\/v2\/media?parent=89605"}],"wp:term":[{"taxonomy":"category","embeddable":true,"href":"https:\/\/www.hoymercedes.com.ar\/principal\/wp-json\/wp\/v2\/categories?post=89605"},{"taxonomy":"post_tag","embeddable":true,"href":"https:\/\/www.hoymercedes.com.ar\/principal\/wp-json\/wp\/v2\/tags?post=89605"}],"curies":[{"name":"wp","href":"https:\/\/api.w.org\/{rel}","templated":true}]}}