{"id":89608,"date":"2019-03-18T12:05:59","date_gmt":"2019-03-18T15:05:59","guid":{"rendered":"http:\/\/www.hoymercedes.com.ar\/principal\/?p=89608"},"modified":"2019-03-18T15:16:30","modified_gmt":"2019-03-18T18:16:30","slug":"teatro-regional-tres-obras-pasaron-al-provincial","status":"publish","type":"post","link":"https:\/\/www.hoymercedes.com.ar\/principal\/2019\/03\/18\/teatro-regional-tres-obras-pasaron-al-provincial\/","title":{"rendered":"Teatro regional: tres obras pasaron al provincial"},"content":{"rendered":"\n<p>Del viernes al domingo se realiz\u00f3 en Mercedes una nueva fiesta regional de teatro independiente se desarroll\u00f3 en Mercedes. Doce obras de teatro se presentaron en distintos espacios culturales de la ciudad. Las ganadoras fueron \u201cTic tac, el h\u00e9roe del tiempo\u201d, una obra t\u00edteres de la Compa\u00f1\u00eda Omar \u00c1lvares T\u00edteres de General San Mart\u00edn: \u201cDe vuelta\u201d del grupo de Teatro Carretero de Tres de Febrero y \u201cA todas las bestias con nombre\u201d del Grupo Las Bestias de General San Mart\u00edn. Participar\u00e1n del 4 al 7 de abril en el provincial a realizarse en la localidad de Pergamino. <\/p>\n\n\n\n<figure class=\"wp-block-image\"><img loading=\"lazy\" decoding=\"async\" width=\"750\" height=\"500\" data-attachment-id=\"89611\" data-permalink=\"https:\/\/www.hoymercedes.com.ar\/principal\/2019\/03\/18\/teatro-regional-tres-obras-pasaron-al-provincial\/18-teatro-regional-3\/#main\" data-orig-file=\"https:\/\/www.hoymercedes.com.ar\/principal\/wp-content\/uploads\/2019\/03\/18-teatro-regional-3.jpg\" data-orig-size=\"750,500\" data-comments-opened=\"0\" data-image-meta=\"{&quot;aperture&quot;:&quot;0&quot;,&quot;credit&quot;:&quot;&quot;,&quot;camera&quot;:&quot;&quot;,&quot;caption&quot;:&quot;&quot;,&quot;created_timestamp&quot;:&quot;0&quot;,&quot;copyright&quot;:&quot;&quot;,&quot;focal_length&quot;:&quot;0&quot;,&quot;iso&quot;:&quot;0&quot;,&quot;shutter_speed&quot;:&quot;0&quot;,&quot;title&quot;:&quot;&quot;,&quot;orientation&quot;:&quot;0&quot;}\" data-image-title=\"18 teatro regional 3\" data-image-description=\"\" data-image-caption=\"\" data-large-file=\"https:\/\/www.hoymercedes.com.ar\/principal\/wp-content\/uploads\/2019\/03\/18-teatro-regional-3.jpg\" src=\"https:\/\/www.hoymercedes.com.ar\/principal\/wp-content\/uploads\/2019\/03\/18-teatro-regional-3.jpg\" alt=\"\" class=\"wp-image-89611\" srcset=\"https:\/\/www.hoymercedes.com.ar\/principal\/wp-content\/uploads\/2019\/03\/18-teatro-regional-3.jpg 750w, https:\/\/www.hoymercedes.com.ar\/principal\/wp-content\/uploads\/2019\/03\/18-teatro-regional-3-150x100.jpg 150w, https:\/\/www.hoymercedes.com.ar\/principal\/wp-content\/uploads\/2019\/03\/18-teatro-regional-3-630x420.jpg 630w, https:\/\/www.hoymercedes.com.ar\/principal\/wp-content\/uploads\/2019\/03\/18-teatro-regional-3-720x480.jpg 720w, https:\/\/www.hoymercedes.com.ar\/principal\/wp-content\/uploads\/2019\/03\/18-teatro-regional-3-360x240.jpg 360w\" sizes=\"auto, (max-width: 750px) 100vw, 750px\" \/><figcaption>\u00abTic Tac, el h\u00e9roe del tiempo\u00bb fue seleccionada para representar la regi\u00f3n en el encuentro provincial<\/figcaption><\/figure>\n\n\n\n<p>Organizado\na mil\u00edmetro del tiempo, las obras presentadas permit\u00edan que el p\u00fablico\nintercalara entre los espacios culturales que serv\u00edan de escenario. Entre La\nCultural Dumer, el Teatro Argentino, el Centro Cultural La Trocha y La Gotera,\nel festival reuni\u00f3 elencos de Vicente L\u00f3pez, General San Mart\u00edn, Luj\u00e1n,\nMalvinas Argentinas, Tres de Febrero, Mor\u00f3n y San Miguel. <\/p>\n\n\n\n<p>En la noche\ndel domingo, cuando todas las obras se hab\u00edan dado, el \u201cLucho\u201d Bordegaray hizo\nla \u00faltimas de sus cr\u00edticas en La Trocha ante el p\u00fablico que reci\u00e9n terminaba de\nver La Malasagre. Al t\u00e9rmino, el jurado junto a las autoridades del Consejo\nProvincial de Teatro Independiente anunciaron a los ganadores y sus suplentes,\nque representar\u00e1n a la regi\u00f3n 1 en el provincial del mes de abril. <\/p>\n\n\n\n<p>El jurado integrado por Gustavo Armas, Jorge Naipauer y Daniel Valenzuela determin\u00f3 que las tres obras que representar\u00e1n a la regi\u00f3n en la localidad de Pergamino son: \u201cTic tac, el h\u00e9roe del tiempo\u201d, una obra t\u00edteres de la Compa\u00f1\u00eda Omar \u00c1lvarez T\u00edteres de General San Mart\u00edn: \u201cDe vuelta\u201d del grupo de Teatro Carretero de Tres de Febrero y \u201cA todas las bestias con nombre\u201d del Grupo Las Bestias de General San Mart\u00edn.<\/p>\n\n\n\n<figure class=\"wp-block-image\"><img loading=\"lazy\" decoding=\"async\" width=\"750\" height=\"500\" data-attachment-id=\"89610\" data-permalink=\"https:\/\/www.hoymercedes.com.ar\/principal\/2019\/03\/18\/teatro-regional-tres-obras-pasaron-al-provincial\/18-teatro-regional-2\/#main\" data-orig-file=\"https:\/\/www.hoymercedes.com.ar\/principal\/wp-content\/uploads\/2019\/03\/18-teatro-regional-2.jpg\" data-orig-size=\"750,500\" data-comments-opened=\"0\" data-image-meta=\"{&quot;aperture&quot;:&quot;2&quot;,&quot;credit&quot;:&quot;&quot;,&quot;camera&quot;:&quot;Moto G (5S) Plus&quot;,&quot;caption&quot;:&quot;&quot;,&quot;created_timestamp&quot;:&quot;1552834280&quot;,&quot;copyright&quot;:&quot;&quot;,&quot;focal_length&quot;:&quot;3.59&quot;,&quot;iso&quot;:&quot;108&quot;,&quot;shutter_speed&quot;:&quot;0.058823529411765&quot;,&quot;title&quot;:&quot;&quot;,&quot;orientation&quot;:&quot;1&quot;}\" data-image-title=\"18 teatro regional 2\" data-image-description=\"\" data-image-caption=\"&lt;p&gt;\u00abEl Pan de la Locura\u00bb de Luj\u00e1n, qued\u00f3 entre las obras suplentes&lt;\/p&gt;\n\" data-large-file=\"https:\/\/www.hoymercedes.com.ar\/principal\/wp-content\/uploads\/2019\/03\/18-teatro-regional-2.jpg\" src=\"https:\/\/www.hoymercedes.com.ar\/principal\/wp-content\/uploads\/2019\/03\/18-teatro-regional-2.jpg\" alt=\"\" class=\"wp-image-89610\" srcset=\"https:\/\/www.hoymercedes.com.ar\/principal\/wp-content\/uploads\/2019\/03\/18-teatro-regional-2.jpg 750w, https:\/\/www.hoymercedes.com.ar\/principal\/wp-content\/uploads\/2019\/03\/18-teatro-regional-2-150x100.jpg 150w, https:\/\/www.hoymercedes.com.ar\/principal\/wp-content\/uploads\/2019\/03\/18-teatro-regional-2-630x420.jpg 630w, https:\/\/www.hoymercedes.com.ar\/principal\/wp-content\/uploads\/2019\/03\/18-teatro-regional-2-720x480.jpg 720w, https:\/\/www.hoymercedes.com.ar\/principal\/wp-content\/uploads\/2019\/03\/18-teatro-regional-2-360x240.jpg 360w\" sizes=\"auto, (max-width: 750px) 100vw, 750px\" \/><figcaption>\u00abEl Pan de la Locura\u00bb de Luj\u00e1n, qued\u00f3 entre las obras suplentes<\/figcaption><\/figure>\n\n\n\n<p>Las tres obras\nsuplentes son: \u201cEl Pan de la Locura\u201d del Club de Teatro de Luj\u00e1n (NdR: en el\nelenco se encuentra el mercedino Alberto Brunetti), \u201cDiez Noches en el Cuadrado\u201d\ndel Grupo Tawa Teatro de General San Mart\u00edn y \u201cAnomia\u201d de Org\u00eda Teatro de\nVicente L\u00f3pez. <\/p>\n\n\n\n<p>Tambi\u00e9n se\ndistingui\u00f3 a Ver\u00f3nica Calder\u00f3n (de la obra \u201cCositas M\u00edas\u201d del elenco Grupo Puro\nTeatro de Vicente L\u00f3pez) y a Violeta Gros (de la obra \u201cA todas las bestias con\nnombre\u201d del Grupo Las Bestias de General San Mart\u00edn) como las dos mejores\nactrices. En tanto, la distinci\u00f3n a Mejor Actor se lo llev\u00f3 Cadi Chiva (de la\nobra \u201cEl Pan de la Locura\u201d del Club de Teatro de Luj\u00e1n). <\/p>\n\n\n\n<p>Asimismo,\nla Mejor Puesta en Escena y Realizaci\u00f3n fue para \u201cTic tac, el h\u00e9roe del tiempo\u201d\ny el premio a la Mejor Direcci\u00f3n fue para Roxana Bernaule y Eugenio J\u00e9rez\nFerrante de \u201cA todas las bestias con nombre\u201d. <\/p>\n\n\n\n<p>Las tres obras ganadoras participar\u00e1n del Festival Provincial de Teatro Independiente a desarrollarse entre los d\u00edas 4 y 7 de abril en la localidad de Pergamino. All\u00ed se seleccionar\u00e1n las obras que representen a la provincia de Buenos Aires en el festival nacional. <\/p>\n\n\n\n<figure class=\"wp-block-image\"><img loading=\"lazy\" decoding=\"async\" width=\"750\" height=\"500\" data-attachment-id=\"89609\" data-permalink=\"https:\/\/www.hoymercedes.com.ar\/principal\/2019\/03\/18\/teatro-regional-tres-obras-pasaron-al-provincial\/18-teatro-regional-1\/#main\" data-orig-file=\"https:\/\/www.hoymercedes.com.ar\/principal\/wp-content\/uploads\/2019\/03\/18-teatro-regional-1.jpg\" data-orig-size=\"750,500\" data-comments-opened=\"0\" data-image-meta=\"{&quot;aperture&quot;:&quot;5.6&quot;,&quot;credit&quot;:&quot;&quot;,&quot;camera&quot;:&quot;Canon EOS REBEL T3i&quot;,&quot;caption&quot;:&quot;&quot;,&quot;created_timestamp&quot;:&quot;1364065781&quot;,&quot;copyright&quot;:&quot;&quot;,&quot;focal_length&quot;:&quot;42&quot;,&quot;iso&quot;:&quot;3200&quot;,&quot;shutter_speed&quot;:&quot;0.008&quot;,&quot;title&quot;:&quot;&quot;,&quot;orientation&quot;:&quot;1&quot;}\" data-image-title=\"18 teatro regional 1\" data-image-description=\"\" data-image-caption=\"&lt;p&gt;\u00abDe Vuelta\u00bb del elenco de Tres de Febrero asegur\u00f3 que volver\u00e1n a presentarse en Mercedes&lt;\/p&gt;\n\" data-large-file=\"https:\/\/www.hoymercedes.com.ar\/principal\/wp-content\/uploads\/2019\/03\/18-teatro-regional-1.jpg\" src=\"https:\/\/www.hoymercedes.com.ar\/principal\/wp-content\/uploads\/2019\/03\/18-teatro-regional-1.jpg\" alt=\"\" class=\"wp-image-89609\" srcset=\"https:\/\/www.hoymercedes.com.ar\/principal\/wp-content\/uploads\/2019\/03\/18-teatro-regional-1.jpg 750w, https:\/\/www.hoymercedes.com.ar\/principal\/wp-content\/uploads\/2019\/03\/18-teatro-regional-1-150x100.jpg 150w, https:\/\/www.hoymercedes.com.ar\/principal\/wp-content\/uploads\/2019\/03\/18-teatro-regional-1-630x420.jpg 630w, https:\/\/www.hoymercedes.com.ar\/principal\/wp-content\/uploads\/2019\/03\/18-teatro-regional-1-720x480.jpg 720w, https:\/\/www.hoymercedes.com.ar\/principal\/wp-content\/uploads\/2019\/03\/18-teatro-regional-1-360x240.jpg 360w\" sizes=\"auto, (max-width: 750px) 100vw, 750px\" \/><figcaption>\u00abDe Vuelta\u00bb del elenco de Tres de Febrero asegur\u00f3 que volver\u00e1n a presentarse en Mercedes<\/figcaption><\/figure>\n","protected":false},"excerpt":{"rendered":"<p>Del viernes al domingo se realiz\u00f3 en Mercedes una nueva fiesta regional de teatro independiente se desarroll\u00f3 en Mercedes. Doce &#8230; <a title=\"Teatro regional: tres obras pasaron al provincial\" class=\"read-more\" href=\"https:\/\/www.hoymercedes.com.ar\/principal\/2019\/03\/18\/teatro-regional-tres-obras-pasaron-al-provincial\/\" aria-label=\"Leer m\u00e1s sobre Teatro regional: tres obras pasaron al provincial\">Leer m\u00e1s<\/a><\/p>\n","protected":false},"author":1,"featured_media":89609,"comment_status":"closed","ping_status":"open","sticky":false,"template":"","format":"standard","meta":{"_monsterinsights_skip_tracking":false,"_monsterinsights_sitenote_active":false,"_monsterinsights_sitenote_note":"","_monsterinsights_sitenote_category":0,"jetpack_post_was_ever_published":false,"_jetpack_newsletter_access":"","_jetpack_dont_email_post_to_subs":false,"_jetpack_newsletter_tier_id":0,"_jetpack_memberships_contains_paywalled_content":false,"_jetpack_memberships_contains_paid_content":false,"footnotes":"","jetpack_publicize_message":"","jetpack_publicize_feature_enabled":true,"jetpack_social_post_already_shared":true,"jetpack_social_options":{"image_generator_settings":{"template":"highway","default_image_id":0,"font":"","enabled":false},"version":2},"_wpas_customize_per_network":false},"categories":[104],"tags":[477],"class_list":["post-89608","post","type-post","status-publish","format-standard","has-post-thumbnail","hentry","category-cultura","tag-teatro-independiente","generate-columns","tablet-grid-50","mobile-grid-100","grid-parent","grid-50"],"jetpack_publicize_connections":[],"jetpack_featured_media_url":"https:\/\/www.hoymercedes.com.ar\/principal\/wp-content\/uploads\/2019\/03\/18-teatro-regional-1.jpg","wps_subtitle":"Fin de semana de teatro independiente","jetpack_sharing_enabled":true,"_links":{"self":[{"href":"https:\/\/www.hoymercedes.com.ar\/principal\/wp-json\/wp\/v2\/posts\/89608","targetHints":{"allow":["GET"]}}],"collection":[{"href":"https:\/\/www.hoymercedes.com.ar\/principal\/wp-json\/wp\/v2\/posts"}],"about":[{"href":"https:\/\/www.hoymercedes.com.ar\/principal\/wp-json\/wp\/v2\/types\/post"}],"author":[{"embeddable":true,"href":"https:\/\/www.hoymercedes.com.ar\/principal\/wp-json\/wp\/v2\/users\/1"}],"replies":[{"embeddable":true,"href":"https:\/\/www.hoymercedes.com.ar\/principal\/wp-json\/wp\/v2\/comments?post=89608"}],"version-history":[{"count":0,"href":"https:\/\/www.hoymercedes.com.ar\/principal\/wp-json\/wp\/v2\/posts\/89608\/revisions"}],"wp:featuredmedia":[{"embeddable":true,"href":"https:\/\/www.hoymercedes.com.ar\/principal\/wp-json\/wp\/v2\/media\/89609"}],"wp:attachment":[{"href":"https:\/\/www.hoymercedes.com.ar\/principal\/wp-json\/wp\/v2\/media?parent=89608"}],"wp:term":[{"taxonomy":"category","embeddable":true,"href":"https:\/\/www.hoymercedes.com.ar\/principal\/wp-json\/wp\/v2\/categories?post=89608"},{"taxonomy":"post_tag","embeddable":true,"href":"https:\/\/www.hoymercedes.com.ar\/principal\/wp-json\/wp\/v2\/tags?post=89608"}],"curies":[{"name":"wp","href":"https:\/\/api.w.org\/{rel}","templated":true}]}}