{"id":8961,"date":"2011-11-09T11:21:00","date_gmt":"2011-11-09T11:21:00","guid":{"rendered":"http:\/\/www.hoymercedes.com.ar\/principal\/?p=8961"},"modified":"2011-11-09T11:21:00","modified_gmt":"2011-11-09T11:21:00","slug":"carta-abierta-consejera-monica-brown-en-relacion-al-sr-lapolla","status":"publish","type":"post","link":"https:\/\/www.hoymercedes.com.ar\/principal\/2011\/11\/09\/carta-abierta-consejera-monica-brown-en-relacion-al-sr-lapolla\/","title":{"rendered":"Carta Abierta Consejera M\u00f3nica Brown en relaci\u00f3n al Sr Lapolla"},"content":{"rendered":"<p>Carta Abierta:<\/p>\n<p>\u201cCUANDO UN CUERPO SE ENFERMA\u201d<\/p>\n<p>Prof. Mar\u00eda M\u00f3nica Brown, Consejera Escolar<\/p>\n<p>DNI 17.144.561<\/p>\n<p>ETICA (del latin: ethicus): conjunto de normas morales que rigen la conducta humana: \u00c9tica Profesional.<\/p>\n<p>CONVICCI\u00d3N (del latin: convictio): idea pol\u00edtica, \u00e9tica o religiosa a la que se est\u00e1 fuertemente adherido: Convicci\u00f3n de Trabajo.<\/p>\n<p>Visto lo expuesto por el Consejero Escolar, Lucas Lapolla, recientemente asumido, resulta evidente que no ha entendido a\u00fan -y es l\u00f3gico- el funcionamiento de un cuerpo org\u00e1nico como es el Consejo Escolar, d\u00f3nde no importan las minucias partidarias cuando est\u00e1 en juego la educaci\u00f3n de los mercedinos o de cualquier argentino.<\/p>\n<p>Es relevante destacar de la actitud del Sr. Lapolla que ha conseguido alianza con medios de comunicaci\u00f3n en lugar de tener la comunicaci\u00f3n como un medio.<\/p>\n<p>La Escuela Normal, prestigiosa instituci\u00f3n de nuestra ciudad, puede tener problemas de infraestructura l\u00f3gicos por la cantidad de a\u00f1os de vida dedicados a mercedinos con ansias de cultivarse y formarse para esta sociedad; pero no es fiel al esp\u00edritu de nadie que se precie de pol\u00edtico utilizar y ensuciar el buen nombre y honor de las personas que dirigen a las nobles instituciones de nuestro pueblo para generar una reyerta propia de la chusma en lugar de encontrar una soluci\u00f3n en conjunto para el bien social de, reitero, una honorable instituci\u00f3n.<\/p>\n","protected":false},"excerpt":{"rendered":"<p>Carta Abierta: \u201cCUANDO UN CUERPO SE ENFERMA\u201d Prof. Mar\u00eda M\u00f3nica Brown, Consejera Escolar DNI 17.144.561 ETICA (del latin: ethicus): conjunto &#8230; <a title=\"Carta Abierta Consejera M\u00f3nica Brown en relaci\u00f3n al Sr Lapolla\" class=\"read-more\" href=\"https:\/\/www.hoymercedes.com.ar\/principal\/2011\/11\/09\/carta-abierta-consejera-monica-brown-en-relacion-al-sr-lapolla\/\" aria-label=\"Leer m\u00e1s sobre Carta Abierta Consejera M\u00f3nica Brown en relaci\u00f3n al Sr Lapolla\">Leer m\u00e1s<\/a><\/p>\n","protected":false},"author":1,"featured_media":0,"comment_status":"open","ping_status":"open","sticky":false,"template":"","format":"standard","meta":{"_monsterinsights_skip_tracking":false,"_monsterinsights_sitenote_active":false,"_monsterinsights_sitenote_note":"","_monsterinsights_sitenote_category":0,"jetpack_post_was_ever_published":false,"_jetpack_newsletter_access":"","_jetpack_dont_email_post_to_subs":false,"_jetpack_newsletter_tier_id":0,"_jetpack_memberships_contains_paywalled_content":false,"_jetpack_memberships_contains_paid_content":false,"footnotes":"","jetpack_publicize_message":"","jetpack_publicize_feature_enabled":true,"jetpack_social_post_already_shared":false,"jetpack_social_options":{"image_generator_settings":{"template":"highway","default_image_id":0,"font":"","enabled":false},"version":2},"_wpas_customize_per_network":false},"categories":[1],"tags":[],"class_list":["post-8961","post","type-post","status-publish","format-standard","hentry","category-opinion","generate-columns","tablet-grid-50","mobile-grid-100","grid-parent","grid-50"],"jetpack_publicize_connections":[],"jetpack_featured_media_url":"","wps_subtitle":"","jetpack_sharing_enabled":true,"_links":{"self":[{"href":"https:\/\/www.hoymercedes.com.ar\/principal\/wp-json\/wp\/v2\/posts\/8961","targetHints":{"allow":["GET"]}}],"collection":[{"href":"https:\/\/www.hoymercedes.com.ar\/principal\/wp-json\/wp\/v2\/posts"}],"about":[{"href":"https:\/\/www.hoymercedes.com.ar\/principal\/wp-json\/wp\/v2\/types\/post"}],"author":[{"embeddable":true,"href":"https:\/\/www.hoymercedes.com.ar\/principal\/wp-json\/wp\/v2\/users\/1"}],"replies":[{"embeddable":true,"href":"https:\/\/www.hoymercedes.com.ar\/principal\/wp-json\/wp\/v2\/comments?post=8961"}],"version-history":[{"count":0,"href":"https:\/\/www.hoymercedes.com.ar\/principal\/wp-json\/wp\/v2\/posts\/8961\/revisions"}],"wp:attachment":[{"href":"https:\/\/www.hoymercedes.com.ar\/principal\/wp-json\/wp\/v2\/media?parent=8961"}],"wp:term":[{"taxonomy":"category","embeddable":true,"href":"https:\/\/www.hoymercedes.com.ar\/principal\/wp-json\/wp\/v2\/categories?post=8961"},{"taxonomy":"post_tag","embeddable":true,"href":"https:\/\/www.hoymercedes.com.ar\/principal\/wp-json\/wp\/v2\/tags?post=8961"}],"curies":[{"name":"wp","href":"https:\/\/api.w.org\/{rel}","templated":true}]}}