{"id":89614,"date":"2019-03-18T15:25:53","date_gmt":"2019-03-18T18:25:53","guid":{"rendered":"http:\/\/www.hoymercedes.com.ar\/principal\/?p=89614"},"modified":"2019-03-18T15:43:35","modified_gmt":"2019-03-18T18:43:35","slug":"el-viernes-22-se-hara-el-sorteo-de-mi-terreno","status":"publish","type":"post","link":"https:\/\/www.hoymercedes.com.ar\/principal\/2019\/03\/18\/el-viernes-22-se-hara-el-sorteo-de-mi-terreno\/","title":{"rendered":"El viernes 22 se har\u00e1 el sorteo de \u00abMi Terreno\u00bb"},"content":{"rendered":"\n<p>El pr\u00f3ximo viernes 22 de marzo, a la hora 10, en el Centro Cultural Teatro Argentino \u00abJulio Cesar Gioscio\u00bb se realizar\u00e1 el primer sorteo del programa \u00abMi Terreno\u00bb. El sorteo se har\u00e1 con la presencia del escribano Juan Pablo Giannini <\/p>\n\n\n\n<p>En este caso se sortear\u00e1n terrenos de 68 terrenos dos sectores propiedad del municipio de Mercedes y entre martes y mi\u00e9rcoles se publicar\u00e1 el listado de inscriptos definitivos luego del per\u00edodo de oposiciones que se inici\u00f3 al dar a conocer el listado de inscriptos provisorios.<\/p>\n\n\n\n<p>Vale destacar que todos aquellos que no salgan sorteados este viernes, seguir\u00e1n participando de los pr\u00f3ximos sorteos a realizarse entre mayo y julio del corriente a\u00f1o.<\/p>\n\n\n\n<p>Seg\u00fan se informo una vez que se conozca el nombre de los vecinos que integren el listado de beneficiarios titulares y suplentes (se sortear\u00e1n tantos titulares como suplentes) se abrir\u00e1 un plazo de oposici\u00f3n para que cualquier vecino pueda objetar a los beneficiarios.<\/p>\n\n\n\n<p>\u201cHemos tenido muy pocas objeciones durante el primer per\u00edodo, pero en nuestra experiencia de lo que sucedi\u00f3 en el sorteo de las dos viviendas del barrio Favaloro, las objeciones se multiplican exponencialmente cuando se conoce las identidades de los pre seleccionados\u201d, explic\u00f3 Javier Guevara director de tierras de la municipalidad quien destac\u00f3 que \u201ccada una de las oposiciones \u2013que son con reserva de identidad- son notificadas y analizadas, sin perjuicio que desde la administraci\u00f3n pondremos la lupa tambi\u00e9n para verificar que los pre seleccionados cumplan los requisitos\u201d.<\/p>\n\n\n\n<p>Una vez pasado el plazo de pre adjudicaci\u00f3n, se realizar\u00e1n las entrevistas personalizadas donde se le explicar\u00e1 a los vecinos los plazos de entrega de posesi\u00f3n, de inicio de obra y de conclusi\u00f3n de obra.<\/p>\n\n\n\n<p>\u201cLa posesi\u00f3n efectiva se concretar\u00e1 en unos 4 meses, pero ese el plazo que entendemos requerimos para poder cumplir todos los plazos de oposiciones y que el vecino sepa los gastos que debe afrontar. El intendente Ustarroz nos ha pedido especialmente que los vecinos puedan ir previendo todo para que se concrete el sue\u00f1o de la casa propia y es que en momentos en que no hay casi cr\u00e9ditos para este tipo de emprendimientos, se requerir\u00e1 un gran esfuerzo por parte de los vecinos para poder concretar los plazos del programa\u201d, agreg\u00f3.<\/p>\n\n\n\n<p>Es importante destacar que no es requisito estar presente, es m\u00e1s: desde la comuna espera que no est\u00e9n todos los inscriptos presentes porque son m\u00e1s de dos mil los inscriptos la mayor\u00eda de los cuales son parejas. \u201cUna vez conocida la identidad de los pre seleccionados, se les informar\u00e1 por tel\u00e9fono y se les remitir\u00e1 una c\u00e9dula a los domicilios denunciados para ponerlos en conocimiento oficial y comenzar a realizar la tarea administrativa tendiente a la otorgaci\u00f3n definitiva de la posesi\u00f3n del terreno\u201d, concluy\u00f3.<\/p>\n","protected":false},"excerpt":{"rendered":"<p>El pr\u00f3ximo viernes 22 de marzo, a la hora 10, en el Centro Cultural Teatro Argentino \u00abJulio Cesar Gioscio\u00bb se &#8230; <a title=\"El viernes 22 se har\u00e1 el sorteo de \u00abMi Terreno\u00bb\" class=\"read-more\" href=\"https:\/\/www.hoymercedes.com.ar\/principal\/2019\/03\/18\/el-viernes-22-se-hara-el-sorteo-de-mi-terreno\/\" aria-label=\"Leer m\u00e1s sobre El viernes 22 se har\u00e1 el sorteo de \u00abMi Terreno\u00bb\">Leer m\u00e1s<\/a><\/p>\n","protected":false},"author":1,"featured_media":89615,"comment_status":"closed","ping_status":"open","sticky":false,"template":"","format":"standard","meta":{"_monsterinsights_skip_tracking":false,"_monsterinsights_sitenote_active":false,"_monsterinsights_sitenote_note":"","_monsterinsights_sitenote_category":0,"jetpack_post_was_ever_published":false,"_jetpack_newsletter_access":"","_jetpack_dont_email_post_to_subs":false,"_jetpack_newsletter_tier_id":0,"_jetpack_memberships_contains_paywalled_content":false,"_jetpack_memberships_contains_paid_content":false,"footnotes":"","jetpack_publicize_message":"","jetpack_publicize_feature_enabled":true,"jetpack_social_post_already_shared":true,"jetpack_social_options":{"image_generator_settings":{"template":"highway","default_image_id":0,"font":"","enabled":false},"version":2},"_wpas_customize_per_network":false},"categories":[30],"tags":[14241,244,9097],"class_list":["post-89614","post","type-post","status-publish","format-standard","has-post-thumbnail","hentry","category-municipio","tag-mi-terreno","tag-municipio-2","tag-sorteo","generate-columns","tablet-grid-50","mobile-grid-100","grid-parent","grid-50"],"jetpack_publicize_connections":[],"jetpack_featured_media_url":"https:\/\/www.hoymercedes.com.ar\/principal\/wp-content\/uploads\/2019\/03\/18-miterreno.jpg","wps_subtitle":"Para la preadjudicaci\u00f3n","jetpack_sharing_enabled":true,"_links":{"self":[{"href":"https:\/\/www.hoymercedes.com.ar\/principal\/wp-json\/wp\/v2\/posts\/89614","targetHints":{"allow":["GET"]}}],"collection":[{"href":"https:\/\/www.hoymercedes.com.ar\/principal\/wp-json\/wp\/v2\/posts"}],"about":[{"href":"https:\/\/www.hoymercedes.com.ar\/principal\/wp-json\/wp\/v2\/types\/post"}],"author":[{"embeddable":true,"href":"https:\/\/www.hoymercedes.com.ar\/principal\/wp-json\/wp\/v2\/users\/1"}],"replies":[{"embeddable":true,"href":"https:\/\/www.hoymercedes.com.ar\/principal\/wp-json\/wp\/v2\/comments?post=89614"}],"version-history":[{"count":0,"href":"https:\/\/www.hoymercedes.com.ar\/principal\/wp-json\/wp\/v2\/posts\/89614\/revisions"}],"wp:featuredmedia":[{"embeddable":true,"href":"https:\/\/www.hoymercedes.com.ar\/principal\/wp-json\/wp\/v2\/media\/89615"}],"wp:attachment":[{"href":"https:\/\/www.hoymercedes.com.ar\/principal\/wp-json\/wp\/v2\/media?parent=89614"}],"wp:term":[{"taxonomy":"category","embeddable":true,"href":"https:\/\/www.hoymercedes.com.ar\/principal\/wp-json\/wp\/v2\/categories?post=89614"},{"taxonomy":"post_tag","embeddable":true,"href":"https:\/\/www.hoymercedes.com.ar\/principal\/wp-json\/wp\/v2\/tags?post=89614"}],"curies":[{"name":"wp","href":"https:\/\/api.w.org\/{rel}","templated":true}]}}