{"id":89629,"date":"2019-03-18T20:28:21","date_gmt":"2019-03-18T23:28:21","guid":{"rendered":"http:\/\/www.hoymercedes.com.ar\/principal\/?p=89629"},"modified":"2019-03-18T20:28:29","modified_gmt":"2019-03-18T23:28:29","slug":"mercedes-culmino-septimo-en-las-olimpiadas-de-la-cuenca-del-salado-galeria-de-fotos-y-medallero-completo","status":"publish","type":"post","link":"https:\/\/www.hoymercedes.com.ar\/principal\/2019\/03\/18\/mercedes-culmino-septimo-en-las-olimpiadas-de-la-cuenca-del-salado-galeria-de-fotos-y-medallero-completo\/","title":{"rendered":"Mercedes culmin\u00f3 s\u00e9ptimo en las Olimp\u00edadas de la Cuenca del Salado (Galer\u00eda de Fotos y medallero completo)"},"content":{"rendered":"\n<p>En el \u00faltimo fin de semana de la edici\u00f3n XVII de las Olimpiadas de la Cuenca del Salado, la delegaci\u00f3n mercedina parti\u00f3 para comenzar la jornada del s\u00e1bado con los chicos de nataci\u00f3n que no tuvieron suerte en la b\u00fasqueda de puntos pero lograron las siguientes posicione: Mariposa &#8211; Thomas Costa, 2\u00b0 en su serie; Abril Alterino 3\u00b0 en su serie y Joaqu\u00edn Fink 2\u00b0 en su serie en estilo libre.<\/p>\n\n\n\n<figure class=\"wp-block-image\"><img loading=\"lazy\" decoding=\"async\" width=\"1024\" height=\"683\" data-attachment-id=\"89634\" data-permalink=\"https:\/\/www.hoymercedes.com.ar\/principal\/2019\/03\/18\/mercedes-culmino-septimo-en-las-olimpiadas-de-la-cuenca-del-salado-galeria-de-fotos-y-medallero-completo\/whatsapp-image-2019-03-17-at-19-37-26\/#main\" data-orig-file=\"https:\/\/www.hoymercedes.com.ar\/principal\/wp-content\/uploads\/2019\/03\/WhatsApp-Image-2019-03-17-at-19.37.26.jpeg\" data-orig-size=\"1200,800\" data-comments-opened=\"0\" data-image-meta=\"{&quot;aperture&quot;:&quot;0&quot;,&quot;credit&quot;:&quot;&quot;,&quot;camera&quot;:&quot;&quot;,&quot;caption&quot;:&quot;&quot;,&quot;created_timestamp&quot;:&quot;0&quot;,&quot;copyright&quot;:&quot;&quot;,&quot;focal_length&quot;:&quot;0&quot;,&quot;iso&quot;:&quot;0&quot;,&quot;shutter_speed&quot;:&quot;0&quot;,&quot;title&quot;:&quot;&quot;,&quot;orientation&quot;:&quot;0&quot;}\" data-image-title=\"WhatsApp Image 2019-03-17 at 19.37.26\" data-image-description=\"\" data-image-caption=\"\" data-large-file=\"https:\/\/www.hoymercedes.com.ar\/principal\/wp-content\/uploads\/2019\/03\/WhatsApp-Image-2019-03-17-at-19.37.26-1024x683.jpeg\" src=\"https:\/\/www.hoymercedes.com.ar\/principal\/wp-content\/uploads\/2019\/03\/WhatsApp-Image-2019-03-17-at-19.37.26-1024x683.jpeg\" alt=\"\" class=\"wp-image-89634\" srcset=\"https:\/\/www.hoymercedes.com.ar\/principal\/wp-content\/uploads\/2019\/03\/WhatsApp-Image-2019-03-17-at-19.37.26-1024x683.jpeg 1024w, https:\/\/www.hoymercedes.com.ar\/principal\/wp-content\/uploads\/2019\/03\/WhatsApp-Image-2019-03-17-at-19.37.26-150x100.jpeg 150w, https:\/\/www.hoymercedes.com.ar\/principal\/wp-content\/uploads\/2019\/03\/WhatsApp-Image-2019-03-17-at-19.37.26-630x420.jpeg 630w, https:\/\/www.hoymercedes.com.ar\/principal\/wp-content\/uploads\/2019\/03\/WhatsApp-Image-2019-03-17-at-19.37.26-720x480.jpeg 720w, https:\/\/www.hoymercedes.com.ar\/principal\/wp-content\/uploads\/2019\/03\/WhatsApp-Image-2019-03-17-at-19.37.26-360x240.jpeg 360w, https:\/\/www.hoymercedes.com.ar\/principal\/wp-content\/uploads\/2019\/03\/WhatsApp-Image-2019-03-17-at-19.37.26.jpeg 1200w\" sizes=\"auto, (max-width: 1024px) 100vw, 1024px\" \/><\/figure>\n\n\n\n<p>Mariano Lima, 4to en su serie de espalda. Tadeo Bugar\u00edn fue 4\u00b0 en su serie de estilo Pecho y Ariana Del Canto tambi\u00e9n en estilo Pecho fue 3\u00b0 en su serie. En lo que fue la Posta masculina, obtuvieron un 3er puesto en la Serie.<\/p>\n\n\n\n<figure class=\"wp-block-image\"><img loading=\"lazy\" decoding=\"async\" width=\"1024\" height=\"683\" data-attachment-id=\"89638\" data-permalink=\"https:\/\/www.hoymercedes.com.ar\/principal\/2019\/03\/18\/mercedes-culmino-septimo-en-las-olimpiadas-de-la-cuenca-del-salado-galeria-de-fotos-y-medallero-completo\/whatsapp-image-2019-03-17-at-19-37-21\/#main\" data-orig-file=\"https:\/\/www.hoymercedes.com.ar\/principal\/wp-content\/uploads\/2019\/03\/WhatsApp-Image-2019-03-17-at-19.37.21.jpeg\" data-orig-size=\"1200,800\" data-comments-opened=\"0\" data-image-meta=\"{&quot;aperture&quot;:&quot;0&quot;,&quot;credit&quot;:&quot;&quot;,&quot;camera&quot;:&quot;&quot;,&quot;caption&quot;:&quot;&quot;,&quot;created_timestamp&quot;:&quot;0&quot;,&quot;copyright&quot;:&quot;&quot;,&quot;focal_length&quot;:&quot;0&quot;,&quot;iso&quot;:&quot;0&quot;,&quot;shutter_speed&quot;:&quot;0&quot;,&quot;title&quot;:&quot;&quot;,&quot;orientation&quot;:&quot;0&quot;}\" data-image-title=\"WhatsApp Image 2019-03-17 at 19.37.21\" data-image-description=\"\" data-image-caption=\"\" data-large-file=\"https:\/\/www.hoymercedes.com.ar\/principal\/wp-content\/uploads\/2019\/03\/WhatsApp-Image-2019-03-17-at-19.37.21-1024x683.jpeg\" src=\"https:\/\/www.hoymercedes.com.ar\/principal\/wp-content\/uploads\/2019\/03\/WhatsApp-Image-2019-03-17-at-19.37.21-1024x683.jpeg\" alt=\"\" class=\"wp-image-89638\" srcset=\"https:\/\/www.hoymercedes.com.ar\/principal\/wp-content\/uploads\/2019\/03\/WhatsApp-Image-2019-03-17-at-19.37.21-1024x683.jpeg 1024w, https:\/\/www.hoymercedes.com.ar\/principal\/wp-content\/uploads\/2019\/03\/WhatsApp-Image-2019-03-17-at-19.37.21-150x100.jpeg 150w, https:\/\/www.hoymercedes.com.ar\/principal\/wp-content\/uploads\/2019\/03\/WhatsApp-Image-2019-03-17-at-19.37.21-630x420.jpeg 630w, https:\/\/www.hoymercedes.com.ar\/principal\/wp-content\/uploads\/2019\/03\/WhatsApp-Image-2019-03-17-at-19.37.21-720x480.jpeg 720w, https:\/\/www.hoymercedes.com.ar\/principal\/wp-content\/uploads\/2019\/03\/WhatsApp-Image-2019-03-17-at-19.37.21-360x240.jpeg 360w, https:\/\/www.hoymercedes.com.ar\/principal\/wp-content\/uploads\/2019\/03\/WhatsApp-Image-2019-03-17-at-19.37.21.jpeg 1200w\" sizes=\"auto, (max-width: 1024px) 100vw, 1024px\" \/><\/figure>\n\n\n\n<p>El s\u00e1bado continu\u00f3 con las chicas del hockey femenino, que con algunas bajas por el horario de juego cayeron ante 25 de Mayo por 3a 2 en un partido duro.<\/p>\n\n\n\n<figure class=\"wp-block-image\"><img loading=\"lazy\" decoding=\"async\" width=\"1024\" height=\"717\" data-attachment-id=\"89636\" data-permalink=\"https:\/\/www.hoymercedes.com.ar\/principal\/2019\/03\/18\/mercedes-culmino-septimo-en-las-olimpiadas-de-la-cuenca-del-salado-galeria-de-fotos-y-medallero-completo\/whatsapp-image-2019-03-17-at-19-37-24\/#main\" data-orig-file=\"https:\/\/www.hoymercedes.com.ar\/principal\/wp-content\/uploads\/2019\/03\/WhatsApp-Image-2019-03-17-at-19.37.24.jpeg\" data-orig-size=\"1200,840\" data-comments-opened=\"0\" data-image-meta=\"{&quot;aperture&quot;:&quot;0&quot;,&quot;credit&quot;:&quot;&quot;,&quot;camera&quot;:&quot;&quot;,&quot;caption&quot;:&quot;&quot;,&quot;created_timestamp&quot;:&quot;0&quot;,&quot;copyright&quot;:&quot;&quot;,&quot;focal_length&quot;:&quot;0&quot;,&quot;iso&quot;:&quot;0&quot;,&quot;shutter_speed&quot;:&quot;0&quot;,&quot;title&quot;:&quot;&quot;,&quot;orientation&quot;:&quot;0&quot;}\" data-image-title=\"WhatsApp Image 2019-03-17 at 19.37.24\" data-image-description=\"\" data-image-caption=\"\" data-large-file=\"https:\/\/www.hoymercedes.com.ar\/principal\/wp-content\/uploads\/2019\/03\/WhatsApp-Image-2019-03-17-at-19.37.24-1024x717.jpeg\" src=\"https:\/\/www.hoymercedes.com.ar\/principal\/wp-content\/uploads\/2019\/03\/WhatsApp-Image-2019-03-17-at-19.37.24-1024x717.jpeg\" alt=\"\" class=\"wp-image-89636\" srcset=\"https:\/\/www.hoymercedes.com.ar\/principal\/wp-content\/uploads\/2019\/03\/WhatsApp-Image-2019-03-17-at-19.37.24-1024x717.jpeg 1024w, https:\/\/www.hoymercedes.com.ar\/principal\/wp-content\/uploads\/2019\/03\/WhatsApp-Image-2019-03-17-at-19.37.24-150x105.jpeg 150w, https:\/\/www.hoymercedes.com.ar\/principal\/wp-content\/uploads\/2019\/03\/WhatsApp-Image-2019-03-17-at-19.37.24-630x441.jpeg 630w, https:\/\/www.hoymercedes.com.ar\/principal\/wp-content\/uploads\/2019\/03\/WhatsApp-Image-2019-03-17-at-19.37.24.jpeg 1200w\" sizes=\"auto, (max-width: 1024px) 100vw, 1024px\" \/><\/figure>\n\n\n\n<p>En la rama femenina debut\u00f3 el Handball, otro con un equipo corto, con varias ausencias, pero sumaron minutos, aunque perdieron ante Ca\u00f1uelas\u00a0 por 12 a 2. <\/p>\n\n\n\n<figure class=\"wp-block-image\"><img loading=\"lazy\" decoding=\"async\" width=\"1024\" height=\"683\" data-attachment-id=\"89637\" data-permalink=\"https:\/\/www.hoymercedes.com.ar\/principal\/2019\/03\/18\/mercedes-culmino-septimo-en-las-olimpiadas-de-la-cuenca-del-salado-galeria-de-fotos-y-medallero-completo\/whatsapp-image-2019-03-17-at-19-37-22\/#main\" data-orig-file=\"https:\/\/www.hoymercedes.com.ar\/principal\/wp-content\/uploads\/2019\/03\/WhatsApp-Image-2019-03-17-at-19.37.22.jpeg\" data-orig-size=\"1200,800\" data-comments-opened=\"0\" data-image-meta=\"{&quot;aperture&quot;:&quot;0&quot;,&quot;credit&quot;:&quot;&quot;,&quot;camera&quot;:&quot;&quot;,&quot;caption&quot;:&quot;&quot;,&quot;created_timestamp&quot;:&quot;0&quot;,&quot;copyright&quot;:&quot;&quot;,&quot;focal_length&quot;:&quot;0&quot;,&quot;iso&quot;:&quot;0&quot;,&quot;shutter_speed&quot;:&quot;0&quot;,&quot;title&quot;:&quot;&quot;,&quot;orientation&quot;:&quot;0&quot;}\" data-image-title=\"WhatsApp Image 2019-03-17 at 19.37.22\" data-image-description=\"\" data-image-caption=\"\" data-large-file=\"https:\/\/www.hoymercedes.com.ar\/principal\/wp-content\/uploads\/2019\/03\/WhatsApp-Image-2019-03-17-at-19.37.22-1024x683.jpeg\" src=\"https:\/\/www.hoymercedes.com.ar\/principal\/wp-content\/uploads\/2019\/03\/WhatsApp-Image-2019-03-17-at-19.37.22-1024x683.jpeg\" alt=\"\" class=\"wp-image-89637\" srcset=\"https:\/\/www.hoymercedes.com.ar\/principal\/wp-content\/uploads\/2019\/03\/WhatsApp-Image-2019-03-17-at-19.37.22-1024x683.jpeg 1024w, https:\/\/www.hoymercedes.com.ar\/principal\/wp-content\/uploads\/2019\/03\/WhatsApp-Image-2019-03-17-at-19.37.22-150x100.jpeg 150w, https:\/\/www.hoymercedes.com.ar\/principal\/wp-content\/uploads\/2019\/03\/WhatsApp-Image-2019-03-17-at-19.37.22-630x420.jpeg 630w, https:\/\/www.hoymercedes.com.ar\/principal\/wp-content\/uploads\/2019\/03\/WhatsApp-Image-2019-03-17-at-19.37.22-720x480.jpeg 720w, https:\/\/www.hoymercedes.com.ar\/principal\/wp-content\/uploads\/2019\/03\/WhatsApp-Image-2019-03-17-at-19.37.22-360x240.jpeg 360w, https:\/\/www.hoymercedes.com.ar\/principal\/wp-content\/uploads\/2019\/03\/WhatsApp-Image-2019-03-17-at-19.37.22.jpeg 1200w\" sizes=\"auto, (max-width: 1024px) 100vw, 1024px\" \/><\/figure>\n\n\n\n<p>En Pelota paleta, los pelotaris mercedinos, Mat\u00edas Sheehan y Pablo Santorelli, lograron una victoria ante San Vicente y luego, ante el local por 2-1, que con mucho p\u00fablico hizo que el partido fuese m\u00e1s apasionante.\u00a0 Ya en la jornada del domingo, en el primer turno, lograron imponerse por 2 &#8211; 0 a Alberti, logrando el pase a la semi final donde se enfrentaron a Suipacha\u00a0 y ganando por 2 a 1 accedieron a\u00a0 la final contra Las Heras y por un resultado que fue ajustado y parejo los de la ciudad vecina lograron ganar, dejando a los de Mercedes subcampeones. <\/p>\n\n\n\n<figure class=\"wp-block-image\"><img loading=\"lazy\" decoding=\"async\" width=\"1024\" height=\"683\" data-attachment-id=\"89639\" data-permalink=\"https:\/\/www.hoymercedes.com.ar\/principal\/2019\/03\/18\/mercedes-culmino-septimo-en-las-olimpiadas-de-la-cuenca-del-salado-galeria-de-fotos-y-medallero-completo\/whatsapp-image-2019-03-17-at-19-37-20\/#main\" data-orig-file=\"https:\/\/www.hoymercedes.com.ar\/principal\/wp-content\/uploads\/2019\/03\/WhatsApp-Image-2019-03-17-at-19.37.20.jpeg\" data-orig-size=\"1200,800\" data-comments-opened=\"0\" data-image-meta=\"{&quot;aperture&quot;:&quot;0&quot;,&quot;credit&quot;:&quot;&quot;,&quot;camera&quot;:&quot;&quot;,&quot;caption&quot;:&quot;&quot;,&quot;created_timestamp&quot;:&quot;0&quot;,&quot;copyright&quot;:&quot;&quot;,&quot;focal_length&quot;:&quot;0&quot;,&quot;iso&quot;:&quot;0&quot;,&quot;shutter_speed&quot;:&quot;0&quot;,&quot;title&quot;:&quot;&quot;,&quot;orientation&quot;:&quot;0&quot;}\" data-image-title=\"WhatsApp Image 2019-03-17 at 19.37.20\" data-image-description=\"\" data-image-caption=\"\" data-large-file=\"https:\/\/www.hoymercedes.com.ar\/principal\/wp-content\/uploads\/2019\/03\/WhatsApp-Image-2019-03-17-at-19.37.20-1024x683.jpeg\" src=\"https:\/\/www.hoymercedes.com.ar\/principal\/wp-content\/uploads\/2019\/03\/WhatsApp-Image-2019-03-17-at-19.37.20-1024x683.jpeg\" alt=\"\" class=\"wp-image-89639\" srcset=\"https:\/\/www.hoymercedes.com.ar\/principal\/wp-content\/uploads\/2019\/03\/WhatsApp-Image-2019-03-17-at-19.37.20-1024x683.jpeg 1024w, https:\/\/www.hoymercedes.com.ar\/principal\/wp-content\/uploads\/2019\/03\/WhatsApp-Image-2019-03-17-at-19.37.20-150x100.jpeg 150w, https:\/\/www.hoymercedes.com.ar\/principal\/wp-content\/uploads\/2019\/03\/WhatsApp-Image-2019-03-17-at-19.37.20-630x420.jpeg 630w, https:\/\/www.hoymercedes.com.ar\/principal\/wp-content\/uploads\/2019\/03\/WhatsApp-Image-2019-03-17-at-19.37.20-720x480.jpeg 720w, https:\/\/www.hoymercedes.com.ar\/principal\/wp-content\/uploads\/2019\/03\/WhatsApp-Image-2019-03-17-at-19.37.20-360x240.jpeg 360w, https:\/\/www.hoymercedes.com.ar\/principal\/wp-content\/uploads\/2019\/03\/WhatsApp-Image-2019-03-17-at-19.37.20.jpeg 1200w\" sizes=\"auto, (max-width: 1024px) 100vw, 1024px\" \/><\/figure>\n\n\n\n<p>Tambien en la jornada de s\u00e1bado, en busca de semifinales se presentaban los chicos del voley masculino, que con pocas chances de partido, cayeron en 3 set consecutivos con el Ca\u00f1uelas. <\/p>\n\n\n\n<figure class=\"wp-block-image\"><img loading=\"lazy\" decoding=\"async\" width=\"1024\" height=\"683\" data-attachment-id=\"89640\" data-permalink=\"https:\/\/www.hoymercedes.com.ar\/principal\/2019\/03\/18\/mercedes-culmino-septimo-en-las-olimpiadas-de-la-cuenca-del-salado-galeria-de-fotos-y-medallero-completo\/whatsapp-image-2019-03-17-at-19-37-19-2\/#main\" data-orig-file=\"https:\/\/www.hoymercedes.com.ar\/principal\/wp-content\/uploads\/2019\/03\/WhatsApp-Image-2019-03-17-at-19.37.19-2.jpeg\" data-orig-size=\"1200,800\" data-comments-opened=\"0\" data-image-meta=\"{&quot;aperture&quot;:&quot;0&quot;,&quot;credit&quot;:&quot;&quot;,&quot;camera&quot;:&quot;&quot;,&quot;caption&quot;:&quot;&quot;,&quot;created_timestamp&quot;:&quot;0&quot;,&quot;copyright&quot;:&quot;&quot;,&quot;focal_length&quot;:&quot;0&quot;,&quot;iso&quot;:&quot;0&quot;,&quot;shutter_speed&quot;:&quot;0&quot;,&quot;title&quot;:&quot;&quot;,&quot;orientation&quot;:&quot;0&quot;}\" data-image-title=\"WhatsApp Image 2019-03-17 at 19.37.19 (2)\" data-image-description=\"\" data-image-caption=\"\" data-large-file=\"https:\/\/www.hoymercedes.com.ar\/principal\/wp-content\/uploads\/2019\/03\/WhatsApp-Image-2019-03-17-at-19.37.19-2-1024x683.jpeg\" src=\"https:\/\/www.hoymercedes.com.ar\/principal\/wp-content\/uploads\/2019\/03\/WhatsApp-Image-2019-03-17-at-19.37.19-2-1024x683.jpeg\" alt=\"\" class=\"wp-image-89640\" srcset=\"https:\/\/www.hoymercedes.com.ar\/principal\/wp-content\/uploads\/2019\/03\/WhatsApp-Image-2019-03-17-at-19.37.19-2-1024x683.jpeg 1024w, https:\/\/www.hoymercedes.com.ar\/principal\/wp-content\/uploads\/2019\/03\/WhatsApp-Image-2019-03-17-at-19.37.19-2-150x100.jpeg 150w, https:\/\/www.hoymercedes.com.ar\/principal\/wp-content\/uploads\/2019\/03\/WhatsApp-Image-2019-03-17-at-19.37.19-2-630x420.jpeg 630w, https:\/\/www.hoymercedes.com.ar\/principal\/wp-content\/uploads\/2019\/03\/WhatsApp-Image-2019-03-17-at-19.37.19-2-720x480.jpeg 720w, https:\/\/www.hoymercedes.com.ar\/principal\/wp-content\/uploads\/2019\/03\/WhatsApp-Image-2019-03-17-at-19.37.19-2-360x240.jpeg 360w, https:\/\/www.hoymercedes.com.ar\/principal\/wp-content\/uploads\/2019\/03\/WhatsApp-Image-2019-03-17-at-19.37.19-2.jpeg 1200w\" sizes=\"auto, (max-width: 1024px) 100vw, 1024px\" \/><\/figure>\n\n\n\n<p>Por el lado del basquet, los chicos de Mercedes, lograron una victoria ajustada por 72 a 69 a Marcos Paz, logrando acceder a semifinales donde cayeron ante Ca\u00f1uelas, sumando de todas formas un importante punto para la ciudad en el medallero final. <\/p>\n\n\n\n<figure class=\"wp-block-image\"><img loading=\"lazy\" decoding=\"async\" width=\"1024\" height=\"717\" data-attachment-id=\"89641\" data-permalink=\"https:\/\/www.hoymercedes.com.ar\/principal\/2019\/03\/18\/mercedes-culmino-septimo-en-las-olimpiadas-de-la-cuenca-del-salado-galeria-de-fotos-y-medallero-completo\/whatsapp-image-2019-03-17-at-19-37-17\/#main\" data-orig-file=\"https:\/\/www.hoymercedes.com.ar\/principal\/wp-content\/uploads\/2019\/03\/WhatsApp-Image-2019-03-17-at-19.37.17.jpeg\" data-orig-size=\"1200,840\" data-comments-opened=\"0\" data-image-meta=\"{&quot;aperture&quot;:&quot;0&quot;,&quot;credit&quot;:&quot;&quot;,&quot;camera&quot;:&quot;&quot;,&quot;caption&quot;:&quot;&quot;,&quot;created_timestamp&quot;:&quot;0&quot;,&quot;copyright&quot;:&quot;&quot;,&quot;focal_length&quot;:&quot;0&quot;,&quot;iso&quot;:&quot;0&quot;,&quot;shutter_speed&quot;:&quot;0&quot;,&quot;title&quot;:&quot;&quot;,&quot;orientation&quot;:&quot;0&quot;}\" data-image-title=\"WhatsApp Image 2019-03-17 at 19.37.17\" data-image-description=\"\" data-image-caption=\"\" data-large-file=\"https:\/\/www.hoymercedes.com.ar\/principal\/wp-content\/uploads\/2019\/03\/WhatsApp-Image-2019-03-17-at-19.37.17-1024x717.jpeg\" src=\"https:\/\/www.hoymercedes.com.ar\/principal\/wp-content\/uploads\/2019\/03\/WhatsApp-Image-2019-03-17-at-19.37.17-1024x717.jpeg\" alt=\"\" class=\"wp-image-89641\" srcset=\"https:\/\/www.hoymercedes.com.ar\/principal\/wp-content\/uploads\/2019\/03\/WhatsApp-Image-2019-03-17-at-19.37.17-1024x717.jpeg 1024w, https:\/\/www.hoymercedes.com.ar\/principal\/wp-content\/uploads\/2019\/03\/WhatsApp-Image-2019-03-17-at-19.37.17-150x105.jpeg 150w, https:\/\/www.hoymercedes.com.ar\/principal\/wp-content\/uploads\/2019\/03\/WhatsApp-Image-2019-03-17-at-19.37.17-630x441.jpeg 630w, https:\/\/www.hoymercedes.com.ar\/principal\/wp-content\/uploads\/2019\/03\/WhatsApp-Image-2019-03-17-at-19.37.17.jpeg 1200w\" sizes=\"auto, (max-width: 1024px) 100vw, 1024px\" \/><\/figure>\n\n\n\n<p>Por el lado del tenis, que ven\u00eda en carrera desde el fin de semana anterior, el s\u00e1bado lograron ganar por 2-1, victoria en el single masculino y doble a San Vicente y el equipo de Poroto Pissoni, Hernan Ricaldoni, y los juveniles Thiago Pernas, Guido Rebagliatti y Brianna Becerro, se met\u00edan en semifinales el domingo, donde se enfrent\u00f3 a Marcos Paz, accediendo a la final, que por cuestiones clim\u00e1ticas no se pudo jugar, y se decidi\u00f3 desde la organizaci\u00f3n, otorgar 2 puntos a cada equipo para sus ciudades, coronandose ambos como campeones. <\/p>\n\n\n\n<figure class=\"wp-block-image\"><img loading=\"lazy\" decoding=\"async\" width=\"1024\" height=\"683\" data-attachment-id=\"89643\" data-permalink=\"https:\/\/www.hoymercedes.com.ar\/principal\/2019\/03\/18\/mercedes-culmino-septimo-en-las-olimpiadas-de-la-cuenca-del-salado-galeria-de-fotos-y-medallero-completo\/whatsapp-image-2019-03-17-at-19-37-16\/#main\" data-orig-file=\"https:\/\/www.hoymercedes.com.ar\/principal\/wp-content\/uploads\/2019\/03\/WhatsApp-Image-2019-03-17-at-19.37.16.jpeg\" data-orig-size=\"1200,800\" data-comments-opened=\"0\" data-image-meta=\"{&quot;aperture&quot;:&quot;0&quot;,&quot;credit&quot;:&quot;&quot;,&quot;camera&quot;:&quot;&quot;,&quot;caption&quot;:&quot;&quot;,&quot;created_timestamp&quot;:&quot;0&quot;,&quot;copyright&quot;:&quot;&quot;,&quot;focal_length&quot;:&quot;0&quot;,&quot;iso&quot;:&quot;0&quot;,&quot;shutter_speed&quot;:&quot;0&quot;,&quot;title&quot;:&quot;&quot;,&quot;orientation&quot;:&quot;0&quot;}\" data-image-title=\"WhatsApp Image 2019-03-17 at 19.37.16\" data-image-description=\"\" data-image-caption=\"\" data-large-file=\"https:\/\/www.hoymercedes.com.ar\/principal\/wp-content\/uploads\/2019\/03\/WhatsApp-Image-2019-03-17-at-19.37.16-1024x683.jpeg\" src=\"https:\/\/www.hoymercedes.com.ar\/principal\/wp-content\/uploads\/2019\/03\/WhatsApp-Image-2019-03-17-at-19.37.16-1024x683.jpeg\" alt=\"\" class=\"wp-image-89643\" srcset=\"https:\/\/www.hoymercedes.com.ar\/principal\/wp-content\/uploads\/2019\/03\/WhatsApp-Image-2019-03-17-at-19.37.16-1024x683.jpeg 1024w, https:\/\/www.hoymercedes.com.ar\/principal\/wp-content\/uploads\/2019\/03\/WhatsApp-Image-2019-03-17-at-19.37.16-150x100.jpeg 150w, https:\/\/www.hoymercedes.com.ar\/principal\/wp-content\/uploads\/2019\/03\/WhatsApp-Image-2019-03-17-at-19.37.16-630x420.jpeg 630w, https:\/\/www.hoymercedes.com.ar\/principal\/wp-content\/uploads\/2019\/03\/WhatsApp-Image-2019-03-17-at-19.37.16-720x480.jpeg 720w, https:\/\/www.hoymercedes.com.ar\/principal\/wp-content\/uploads\/2019\/03\/WhatsApp-Image-2019-03-17-at-19.37.16-360x240.jpeg 360w, https:\/\/www.hoymercedes.com.ar\/principal\/wp-content\/uploads\/2019\/03\/WhatsApp-Image-2019-03-17-at-19.37.16.jpeg 1200w\" sizes=\"auto, (max-width: 1024px) 100vw, 1024px\" \/><\/figure>\n\n\n\n<p>El. Domingo fue la esperada semi final de los chicos de gas pimienta handball, que se enfrentaron al local y en un partido que promet\u00eda un gran espect\u00e1culo los de Mercedes , obtuvieron la victoria x 17 &#8211; 13, y con ella el pase a la gran final, donde el rival.fue Chivilcoy,que\u00a0 por 25-15. se llev\u00f3 los 4 puntos para su ciudad quedando, Mercedes, subcampeon. <\/p>\n\n\n\n<p>El domingo siguieron las buenas noticias y fue el turno del Ajedrez que gan\u00f3 a Las Flores, Brandsen, perdi\u00f3 con Saladillo, le gan\u00f3 a Lobos, a San Vicente y por sumatoria de puntos y desempates logr\u00f3 el segundo puesto con 18,5 puntos. El equipo de ajedrez estuvo conformado por: Javier Morazzo, Alejandro Altieri, Patricio Ferreiro, Gioscio Mart\u00edn, Viola Francisco. <\/p>\n\n\n\n<figure class=\"wp-block-image\"><img loading=\"lazy\" decoding=\"async\" width=\"759\" height=\"481\" data-attachment-id=\"89663\" data-permalink=\"https:\/\/www.hoymercedes.com.ar\/principal\/2019\/03\/18\/mercedes-culmino-septimo-en-las-olimpiadas-de-la-cuenca-del-salado-galeria-de-fotos-y-medallero-completo\/captura-de-pantalla-2019-03-18-20-25-04\/#main\" data-orig-file=\"https:\/\/www.hoymercedes.com.ar\/principal\/wp-content\/uploads\/2019\/03\/Captura-de-pantalla-2019-03-18-20.25.04.png\" data-orig-size=\"759,481\" data-comments-opened=\"0\" data-image-meta=\"{&quot;aperture&quot;:&quot;0&quot;,&quot;credit&quot;:&quot;&quot;,&quot;camera&quot;:&quot;&quot;,&quot;caption&quot;:&quot;&quot;,&quot;created_timestamp&quot;:&quot;0&quot;,&quot;copyright&quot;:&quot;&quot;,&quot;focal_length&quot;:&quot;0&quot;,&quot;iso&quot;:&quot;0&quot;,&quot;shutter_speed&quot;:&quot;0&quot;,&quot;title&quot;:&quot;&quot;,&quot;orientation&quot;:&quot;0&quot;}\" data-image-title=\"Captura de pantalla 2019-03-18 20.25.04\" data-image-description=\"\" data-image-caption=\"\" data-large-file=\"https:\/\/www.hoymercedes.com.ar\/principal\/wp-content\/uploads\/2019\/03\/Captura-de-pantalla-2019-03-18-20.25.04.png\" src=\"https:\/\/www.hoymercedes.com.ar\/principal\/wp-content\/uploads\/2019\/03\/Captura-de-pantalla-2019-03-18-20.25.04.png\" alt=\"\" class=\"wp-image-89663\" srcset=\"https:\/\/www.hoymercedes.com.ar\/principal\/wp-content\/uploads\/2019\/03\/Captura-de-pantalla-2019-03-18-20.25.04.png 759w, https:\/\/www.hoymercedes.com.ar\/principal\/wp-content\/uploads\/2019\/03\/Captura-de-pantalla-2019-03-18-20.25.04-150x95.png 150w, https:\/\/www.hoymercedes.com.ar\/principal\/wp-content\/uploads\/2019\/03\/Captura-de-pantalla-2019-03-18-20.25.04-630x399.png 630w\" sizes=\"auto, (max-width: 759px) 100vw, 759px\" \/><\/figure>\n\n\n\n<p>En Pesca, por Mercedes finalizaron cuartos Sebasti\u00e1n Filipo y Rossi Ferrari, el ganador del certamen fue Lobos, segundo Monte y tercero Marcos Paz. En Pat\u00edn, el puntaje dej\u00f3 una patinadora mercedina entre las premiadas. Se trata de Martina Palacios (Estudiantes) con la medalla de plata. Oro para Monte, bronce Lobos y cuarto lugar de Chivilcoy. Del torneo tambi\u00e9n participaron Justina Bruschi (Estudiantes), Delfina Ricca y Malena Marcos (Club Mercedes). <\/p>\n\n\n\n<p>En Ciclismo, por\u00a0 Mercedes estuvieron Jorge Morales, Franco Prieto y Gino Tornese. La carrera fue obtenida por Chivilcoy, segundo San Andr\u00e9s de Giles, tercero Saladillo y cuarto San Miguel del Monte. <\/p>\n\n\n\n<p>En Rural Bike, por Mercedes tomaron parte Emiliano Aldecoa, Ignacio Colombo, Mauricio Mana y Jorge Morales. El podio fue de Chivilcoy como primero y segundo, tercero San Vicente y cuarto Roque P\u00e9rez.<\/p>\n\n\n\n<figure class=\"wp-block-image\"><img loading=\"lazy\" decoding=\"async\" width=\"747\" height=\"409\" data-attachment-id=\"89664\" data-permalink=\"https:\/\/www.hoymercedes.com.ar\/principal\/2019\/03\/18\/mercedes-culmino-septimo-en-las-olimpiadas-de-la-cuenca-del-salado-galeria-de-fotos-y-medallero-completo\/captura-de-pantalla-2019-03-18-20-25-12\/#main\" data-orig-file=\"https:\/\/www.hoymercedes.com.ar\/principal\/wp-content\/uploads\/2019\/03\/Captura-de-pantalla-2019-03-18-20.25.12.png\" data-orig-size=\"747,409\" data-comments-opened=\"0\" data-image-meta=\"{&quot;aperture&quot;:&quot;0&quot;,&quot;credit&quot;:&quot;&quot;,&quot;camera&quot;:&quot;&quot;,&quot;caption&quot;:&quot;&quot;,&quot;created_timestamp&quot;:&quot;0&quot;,&quot;copyright&quot;:&quot;&quot;,&quot;focal_length&quot;:&quot;0&quot;,&quot;iso&quot;:&quot;0&quot;,&quot;shutter_speed&quot;:&quot;0&quot;,&quot;title&quot;:&quot;&quot;,&quot;orientation&quot;:&quot;0&quot;}\" data-image-title=\"Captura de pantalla 2019-03-18 20.25.12\" data-image-description=\"\" data-image-caption=\"\" data-large-file=\"https:\/\/www.hoymercedes.com.ar\/principal\/wp-content\/uploads\/2019\/03\/Captura-de-pantalla-2019-03-18-20.25.12.png\" src=\"https:\/\/www.hoymercedes.com.ar\/principal\/wp-content\/uploads\/2019\/03\/Captura-de-pantalla-2019-03-18-20.25.12.png\" alt=\"\" class=\"wp-image-89664\" srcset=\"https:\/\/www.hoymercedes.com.ar\/principal\/wp-content\/uploads\/2019\/03\/Captura-de-pantalla-2019-03-18-20.25.12.png 747w, https:\/\/www.hoymercedes.com.ar\/principal\/wp-content\/uploads\/2019\/03\/Captura-de-pantalla-2019-03-18-20.25.12-150x82.png 150w, https:\/\/www.hoymercedes.com.ar\/principal\/wp-content\/uploads\/2019\/03\/Captura-de-pantalla-2019-03-18-20.25.12-630x345.png 630w\" sizes=\"auto, (max-width: 747px) 100vw, 747px\" \/><\/figure>\n\n\n\n<p>Por \u00faltimo, en los 10k, gan\u00f3 Luis Molina (Lobos) seguido de Alexis Pensa (25 de Mayo) y Ezequiel Bralier (Lobos). Los mercedino presentes fueron: Andrea Palleros, Dar\u00edo Gallo, Pedro Lescano, Facundo Robledo, Gast\u00f3n Vigo, Claudio Carrara, Diego Coria, Diego Aquino, Enrique Cano, Nicol\u00e1s Branchini, Lucas Morales, Cristian Morales, Lucas Herrera, Mat\u00edas Moreno y Alberto Quiroga.<\/p>\n\n\n\n<ul class=\"wp-block-gallery columns-3 is-cropped wp-block-gallery-1 is-layout-flex wp-block-gallery-is-layout-flex\"><li class=\"blocks-gallery-item\"><figure><img loading=\"lazy\" decoding=\"async\" width=\"1024\" height=\"683\" data-attachment-id=\"89644\" data-permalink=\"https:\/\/www.hoymercedes.com.ar\/principal\/2019\/03\/18\/mercedes-culmino-septimo-en-las-olimpiadas-de-la-cuenca-del-salado-galeria-de-fotos-y-medallero-completo\/whatsapp-image-2019-03-17-at-19-37-25-2\/#main\" data-orig-file=\"https:\/\/www.hoymercedes.com.ar\/principal\/wp-content\/uploads\/2019\/03\/WhatsApp-Image-2019-03-17-at-19.37.25-2.jpeg\" data-orig-size=\"1200,800\" data-comments-opened=\"0\" data-image-meta=\"{&quot;aperture&quot;:&quot;0&quot;,&quot;credit&quot;:&quot;&quot;,&quot;camera&quot;:&quot;&quot;,&quot;caption&quot;:&quot;&quot;,&quot;created_timestamp&quot;:&quot;0&quot;,&quot;copyright&quot;:&quot;&quot;,&quot;focal_length&quot;:&quot;0&quot;,&quot;iso&quot;:&quot;0&quot;,&quot;shutter_speed&quot;:&quot;0&quot;,&quot;title&quot;:&quot;&quot;,&quot;orientation&quot;:&quot;0&quot;}\" data-image-title=\"WhatsApp Image 2019-03-17 at 19.37.25 (2)\" data-image-description=\"\" data-image-caption=\"\" data-large-file=\"https:\/\/www.hoymercedes.com.ar\/principal\/wp-content\/uploads\/2019\/03\/WhatsApp-Image-2019-03-17-at-19.37.25-2-1024x683.jpeg\" src=\"https:\/\/www.hoymercedes.com.ar\/principal\/wp-content\/uploads\/2019\/03\/WhatsApp-Image-2019-03-17-at-19.37.25-2-1024x683.jpeg\" alt=\"\" data-id=\"89644\" data-link=\"https:\/\/www.hoymercedes.com.ar\/principal\/?attachment_id=89644\" class=\"wp-image-89644\" srcset=\"https:\/\/www.hoymercedes.com.ar\/principal\/wp-content\/uploads\/2019\/03\/WhatsApp-Image-2019-03-17-at-19.37.25-2-1024x683.jpeg 1024w, https:\/\/www.hoymercedes.com.ar\/principal\/wp-content\/uploads\/2019\/03\/WhatsApp-Image-2019-03-17-at-19.37.25-2-150x100.jpeg 150w, https:\/\/www.hoymercedes.com.ar\/principal\/wp-content\/uploads\/2019\/03\/WhatsApp-Image-2019-03-17-at-19.37.25-2-630x420.jpeg 630w, https:\/\/www.hoymercedes.com.ar\/principal\/wp-content\/uploads\/2019\/03\/WhatsApp-Image-2019-03-17-at-19.37.25-2-720x480.jpeg 720w, https:\/\/www.hoymercedes.com.ar\/principal\/wp-content\/uploads\/2019\/03\/WhatsApp-Image-2019-03-17-at-19.37.25-2-360x240.jpeg 360w, https:\/\/www.hoymercedes.com.ar\/principal\/wp-content\/uploads\/2019\/03\/WhatsApp-Image-2019-03-17-at-19.37.25-2.jpeg 1200w\" sizes=\"auto, (max-width: 1024px) 100vw, 1024px\" \/><\/figure><\/li><li class=\"blocks-gallery-item\"><figure><img loading=\"lazy\" decoding=\"async\" width=\"1024\" height=\"683\" data-attachment-id=\"89645\" data-permalink=\"https:\/\/www.hoymercedes.com.ar\/principal\/2019\/03\/18\/mercedes-culmino-septimo-en-las-olimpiadas-de-la-cuenca-del-salado-galeria-de-fotos-y-medallero-completo\/whatsapp-image-2019-03-17-at-19-37-25-1\/#main\" data-orig-file=\"https:\/\/www.hoymercedes.com.ar\/principal\/wp-content\/uploads\/2019\/03\/WhatsApp-Image-2019-03-17-at-19.37.25-1.jpeg\" data-orig-size=\"1200,800\" data-comments-opened=\"0\" data-image-meta=\"{&quot;aperture&quot;:&quot;0&quot;,&quot;credit&quot;:&quot;&quot;,&quot;camera&quot;:&quot;&quot;,&quot;caption&quot;:&quot;&quot;,&quot;created_timestamp&quot;:&quot;0&quot;,&quot;copyright&quot;:&quot;&quot;,&quot;focal_length&quot;:&quot;0&quot;,&quot;iso&quot;:&quot;0&quot;,&quot;shutter_speed&quot;:&quot;0&quot;,&quot;title&quot;:&quot;&quot;,&quot;orientation&quot;:&quot;0&quot;}\" data-image-title=\"WhatsApp Image 2019-03-17 at 19.37.25 (1)\" data-image-description=\"\" data-image-caption=\"\" data-large-file=\"https:\/\/www.hoymercedes.com.ar\/principal\/wp-content\/uploads\/2019\/03\/WhatsApp-Image-2019-03-17-at-19.37.25-1-1024x683.jpeg\" src=\"https:\/\/www.hoymercedes.com.ar\/principal\/wp-content\/uploads\/2019\/03\/WhatsApp-Image-2019-03-17-at-19.37.25-1-1024x683.jpeg\" alt=\"\" data-id=\"89645\" data-link=\"https:\/\/www.hoymercedes.com.ar\/principal\/?attachment_id=89645\" class=\"wp-image-89645\" srcset=\"https:\/\/www.hoymercedes.com.ar\/principal\/wp-content\/uploads\/2019\/03\/WhatsApp-Image-2019-03-17-at-19.37.25-1-1024x683.jpeg 1024w, https:\/\/www.hoymercedes.com.ar\/principal\/wp-content\/uploads\/2019\/03\/WhatsApp-Image-2019-03-17-at-19.37.25-1-150x100.jpeg 150w, https:\/\/www.hoymercedes.com.ar\/principal\/wp-content\/uploads\/2019\/03\/WhatsApp-Image-2019-03-17-at-19.37.25-1-630x420.jpeg 630w, https:\/\/www.hoymercedes.com.ar\/principal\/wp-content\/uploads\/2019\/03\/WhatsApp-Image-2019-03-17-at-19.37.25-1-720x480.jpeg 720w, https:\/\/www.hoymercedes.com.ar\/principal\/wp-content\/uploads\/2019\/03\/WhatsApp-Image-2019-03-17-at-19.37.25-1-360x240.jpeg 360w, https:\/\/www.hoymercedes.com.ar\/principal\/wp-content\/uploads\/2019\/03\/WhatsApp-Image-2019-03-17-at-19.37.25-1.jpeg 1200w\" sizes=\"auto, (max-width: 1024px) 100vw, 1024px\" \/><\/figure><\/li><li class=\"blocks-gallery-item\"><figure><img loading=\"lazy\" decoding=\"async\" width=\"1024\" height=\"717\" data-attachment-id=\"89646\" data-permalink=\"https:\/\/www.hoymercedes.com.ar\/principal\/2019\/03\/18\/mercedes-culmino-septimo-en-las-olimpiadas-de-la-cuenca-del-salado-galeria-de-fotos-y-medallero-completo\/whatsapp-image-2019-03-17-at-19-37-25\/#main\" data-orig-file=\"https:\/\/www.hoymercedes.com.ar\/principal\/wp-content\/uploads\/2019\/03\/WhatsApp-Image-2019-03-17-at-19.37.25.jpeg\" data-orig-size=\"1200,840\" data-comments-opened=\"0\" data-image-meta=\"{&quot;aperture&quot;:&quot;0&quot;,&quot;credit&quot;:&quot;&quot;,&quot;camera&quot;:&quot;&quot;,&quot;caption&quot;:&quot;&quot;,&quot;created_timestamp&quot;:&quot;0&quot;,&quot;copyright&quot;:&quot;&quot;,&quot;focal_length&quot;:&quot;0&quot;,&quot;iso&quot;:&quot;0&quot;,&quot;shutter_speed&quot;:&quot;0&quot;,&quot;title&quot;:&quot;&quot;,&quot;orientation&quot;:&quot;0&quot;}\" data-image-title=\"WhatsApp Image 2019-03-17 at 19.37.25\" data-image-description=\"\" data-image-caption=\"\" data-large-file=\"https:\/\/www.hoymercedes.com.ar\/principal\/wp-content\/uploads\/2019\/03\/WhatsApp-Image-2019-03-17-at-19.37.25-1024x717.jpeg\" src=\"https:\/\/www.hoymercedes.com.ar\/principal\/wp-content\/uploads\/2019\/03\/WhatsApp-Image-2019-03-17-at-19.37.25-1024x717.jpeg\" alt=\"\" data-id=\"89646\" data-link=\"https:\/\/www.hoymercedes.com.ar\/principal\/?attachment_id=89646\" class=\"wp-image-89646\" srcset=\"https:\/\/www.hoymercedes.com.ar\/principal\/wp-content\/uploads\/2019\/03\/WhatsApp-Image-2019-03-17-at-19.37.25-1024x717.jpeg 1024w, https:\/\/www.hoymercedes.com.ar\/principal\/wp-content\/uploads\/2019\/03\/WhatsApp-Image-2019-03-17-at-19.37.25-150x105.jpeg 150w, https:\/\/www.hoymercedes.com.ar\/principal\/wp-content\/uploads\/2019\/03\/WhatsApp-Image-2019-03-17-at-19.37.25-630x441.jpeg 630w, https:\/\/www.hoymercedes.com.ar\/principal\/wp-content\/uploads\/2019\/03\/WhatsApp-Image-2019-03-17-at-19.37.25.jpeg 1200w\" sizes=\"auto, (max-width: 1024px) 100vw, 1024px\" \/><\/figure><\/li><li class=\"blocks-gallery-item\"><figure><img loading=\"lazy\" decoding=\"async\" width=\"1024\" height=\"683\" data-attachment-id=\"89647\" data-permalink=\"https:\/\/www.hoymercedes.com.ar\/principal\/2019\/03\/18\/mercedes-culmino-septimo-en-las-olimpiadas-de-la-cuenca-del-salado-galeria-de-fotos-y-medallero-completo\/whatsapp-image-2019-03-17-at-19-37-24-2-2\/#main\" data-orig-file=\"https:\/\/www.hoymercedes.com.ar\/principal\/wp-content\/uploads\/2019\/03\/WhatsApp-Image-2019-03-17-at-19.37.24-2-1.jpeg\" data-orig-size=\"1200,800\" data-comments-opened=\"0\" data-image-meta=\"{&quot;aperture&quot;:&quot;0&quot;,&quot;credit&quot;:&quot;&quot;,&quot;camera&quot;:&quot;&quot;,&quot;caption&quot;:&quot;&quot;,&quot;created_timestamp&quot;:&quot;0&quot;,&quot;copyright&quot;:&quot;&quot;,&quot;focal_length&quot;:&quot;0&quot;,&quot;iso&quot;:&quot;0&quot;,&quot;shutter_speed&quot;:&quot;0&quot;,&quot;title&quot;:&quot;&quot;,&quot;orientation&quot;:&quot;0&quot;}\" data-image-title=\"WhatsApp Image 2019-03-17 at 19.37.24 (2)\" data-image-description=\"\" data-image-caption=\"\" data-large-file=\"https:\/\/www.hoymercedes.com.ar\/principal\/wp-content\/uploads\/2019\/03\/WhatsApp-Image-2019-03-17-at-19.37.24-2-1-1024x683.jpeg\" src=\"https:\/\/www.hoymercedes.com.ar\/principal\/wp-content\/uploads\/2019\/03\/WhatsApp-Image-2019-03-17-at-19.37.24-2-1-1024x683.jpeg\" alt=\"\" data-id=\"89647\" data-link=\"https:\/\/www.hoymercedes.com.ar\/principal\/?attachment_id=89647\" class=\"wp-image-89647\" srcset=\"https:\/\/www.hoymercedes.com.ar\/principal\/wp-content\/uploads\/2019\/03\/WhatsApp-Image-2019-03-17-at-19.37.24-2-1-1024x683.jpeg 1024w, https:\/\/www.hoymercedes.com.ar\/principal\/wp-content\/uploads\/2019\/03\/WhatsApp-Image-2019-03-17-at-19.37.24-2-1-150x100.jpeg 150w, https:\/\/www.hoymercedes.com.ar\/principal\/wp-content\/uploads\/2019\/03\/WhatsApp-Image-2019-03-17-at-19.37.24-2-1-630x420.jpeg 630w, https:\/\/www.hoymercedes.com.ar\/principal\/wp-content\/uploads\/2019\/03\/WhatsApp-Image-2019-03-17-at-19.37.24-2-1-720x480.jpeg 720w, https:\/\/www.hoymercedes.com.ar\/principal\/wp-content\/uploads\/2019\/03\/WhatsApp-Image-2019-03-17-at-19.37.24-2-1-360x240.jpeg 360w, https:\/\/www.hoymercedes.com.ar\/principal\/wp-content\/uploads\/2019\/03\/WhatsApp-Image-2019-03-17-at-19.37.24-2-1.jpeg 1200w\" sizes=\"auto, (max-width: 1024px) 100vw, 1024px\" \/><\/figure><\/li><li class=\"blocks-gallery-item\"><figure><img loading=\"lazy\" decoding=\"async\" width=\"1024\" height=\"683\" data-attachment-id=\"89648\" data-permalink=\"https:\/\/www.hoymercedes.com.ar\/principal\/2019\/03\/18\/mercedes-culmino-septimo-en-las-olimpiadas-de-la-cuenca-del-salado-galeria-de-fotos-y-medallero-completo\/whatsapp-image-2019-03-17-at-19-37-24-1\/#main\" data-orig-file=\"https:\/\/www.hoymercedes.com.ar\/principal\/wp-content\/uploads\/2019\/03\/WhatsApp-Image-2019-03-17-at-19.37.24-1.jpeg\" data-orig-size=\"1200,800\" data-comments-opened=\"0\" data-image-meta=\"{&quot;aperture&quot;:&quot;0&quot;,&quot;credit&quot;:&quot;&quot;,&quot;camera&quot;:&quot;&quot;,&quot;caption&quot;:&quot;&quot;,&quot;created_timestamp&quot;:&quot;0&quot;,&quot;copyright&quot;:&quot;&quot;,&quot;focal_length&quot;:&quot;0&quot;,&quot;iso&quot;:&quot;0&quot;,&quot;shutter_speed&quot;:&quot;0&quot;,&quot;title&quot;:&quot;&quot;,&quot;orientation&quot;:&quot;0&quot;}\" data-image-title=\"WhatsApp Image 2019-03-17 at 19.37.24 (1)\" data-image-description=\"\" data-image-caption=\"\" data-large-file=\"https:\/\/www.hoymercedes.com.ar\/principal\/wp-content\/uploads\/2019\/03\/WhatsApp-Image-2019-03-17-at-19.37.24-1-1024x683.jpeg\" src=\"https:\/\/www.hoymercedes.com.ar\/principal\/wp-content\/uploads\/2019\/03\/WhatsApp-Image-2019-03-17-at-19.37.24-1-1024x683.jpeg\" alt=\"\" data-id=\"89648\" data-link=\"https:\/\/www.hoymercedes.com.ar\/principal\/?attachment_id=89648\" class=\"wp-image-89648\" srcset=\"https:\/\/www.hoymercedes.com.ar\/principal\/wp-content\/uploads\/2019\/03\/WhatsApp-Image-2019-03-17-at-19.37.24-1-1024x683.jpeg 1024w, https:\/\/www.hoymercedes.com.ar\/principal\/wp-content\/uploads\/2019\/03\/WhatsApp-Image-2019-03-17-at-19.37.24-1-150x100.jpeg 150w, https:\/\/www.hoymercedes.com.ar\/principal\/wp-content\/uploads\/2019\/03\/WhatsApp-Image-2019-03-17-at-19.37.24-1-630x420.jpeg 630w, https:\/\/www.hoymercedes.com.ar\/principal\/wp-content\/uploads\/2019\/03\/WhatsApp-Image-2019-03-17-at-19.37.24-1-720x480.jpeg 720w, https:\/\/www.hoymercedes.com.ar\/principal\/wp-content\/uploads\/2019\/03\/WhatsApp-Image-2019-03-17-at-19.37.24-1-360x240.jpeg 360w, https:\/\/www.hoymercedes.com.ar\/principal\/wp-content\/uploads\/2019\/03\/WhatsApp-Image-2019-03-17-at-19.37.24-1.jpeg 1200w\" sizes=\"auto, (max-width: 1024px) 100vw, 1024px\" \/><\/figure><\/li><li class=\"blocks-gallery-item\"><figure><img loading=\"lazy\" decoding=\"async\" width=\"1024\" height=\"683\" data-attachment-id=\"89649\" data-permalink=\"https:\/\/www.hoymercedes.com.ar\/principal\/2019\/03\/18\/mercedes-culmino-septimo-en-las-olimpiadas-de-la-cuenca-del-salado-galeria-de-fotos-y-medallero-completo\/whatsapp-image-2019-03-17-at-19-37-23-2\/#main\" data-orig-file=\"https:\/\/www.hoymercedes.com.ar\/principal\/wp-content\/uploads\/2019\/03\/WhatsApp-Image-2019-03-17-at-19.37.23-2.jpeg\" data-orig-size=\"1200,800\" data-comments-opened=\"0\" data-image-meta=\"{&quot;aperture&quot;:&quot;0&quot;,&quot;credit&quot;:&quot;&quot;,&quot;camera&quot;:&quot;&quot;,&quot;caption&quot;:&quot;&quot;,&quot;created_timestamp&quot;:&quot;0&quot;,&quot;copyright&quot;:&quot;&quot;,&quot;focal_length&quot;:&quot;0&quot;,&quot;iso&quot;:&quot;0&quot;,&quot;shutter_speed&quot;:&quot;0&quot;,&quot;title&quot;:&quot;&quot;,&quot;orientation&quot;:&quot;0&quot;}\" data-image-title=\"WhatsApp Image 2019-03-17 at 19.37.23 (2)\" data-image-description=\"\" data-image-caption=\"\" data-large-file=\"https:\/\/www.hoymercedes.com.ar\/principal\/wp-content\/uploads\/2019\/03\/WhatsApp-Image-2019-03-17-at-19.37.23-2-1024x683.jpeg\" src=\"https:\/\/www.hoymercedes.com.ar\/principal\/wp-content\/uploads\/2019\/03\/WhatsApp-Image-2019-03-17-at-19.37.23-2-1024x683.jpeg\" alt=\"\" data-id=\"89649\" data-link=\"https:\/\/www.hoymercedes.com.ar\/principal\/?attachment_id=89649\" class=\"wp-image-89649\" srcset=\"https:\/\/www.hoymercedes.com.ar\/principal\/wp-content\/uploads\/2019\/03\/WhatsApp-Image-2019-03-17-at-19.37.23-2-1024x683.jpeg 1024w, https:\/\/www.hoymercedes.com.ar\/principal\/wp-content\/uploads\/2019\/03\/WhatsApp-Image-2019-03-17-at-19.37.23-2-150x100.jpeg 150w, https:\/\/www.hoymercedes.com.ar\/principal\/wp-content\/uploads\/2019\/03\/WhatsApp-Image-2019-03-17-at-19.37.23-2-630x420.jpeg 630w, https:\/\/www.hoymercedes.com.ar\/principal\/wp-content\/uploads\/2019\/03\/WhatsApp-Image-2019-03-17-at-19.37.23-2-720x480.jpeg 720w, https:\/\/www.hoymercedes.com.ar\/principal\/wp-content\/uploads\/2019\/03\/WhatsApp-Image-2019-03-17-at-19.37.23-2-360x240.jpeg 360w, https:\/\/www.hoymercedes.com.ar\/principal\/wp-content\/uploads\/2019\/03\/WhatsApp-Image-2019-03-17-at-19.37.23-2.jpeg 1200w\" sizes=\"auto, (max-width: 1024px) 100vw, 1024px\" \/><\/figure><\/li><li class=\"blocks-gallery-item\"><figure><img loading=\"lazy\" decoding=\"async\" width=\"1024\" height=\"717\" data-attachment-id=\"89650\" data-permalink=\"https:\/\/www.hoymercedes.com.ar\/principal\/2019\/03\/18\/mercedes-culmino-septimo-en-las-olimpiadas-de-la-cuenca-del-salado-galeria-de-fotos-y-medallero-completo\/whatsapp-image-2019-03-17-at-19-37-23-1\/#main\" data-orig-file=\"https:\/\/www.hoymercedes.com.ar\/principal\/wp-content\/uploads\/2019\/03\/WhatsApp-Image-2019-03-17-at-19.37.23-1.jpeg\" data-orig-size=\"1200,840\" data-comments-opened=\"0\" data-image-meta=\"{&quot;aperture&quot;:&quot;0&quot;,&quot;credit&quot;:&quot;&quot;,&quot;camera&quot;:&quot;&quot;,&quot;caption&quot;:&quot;&quot;,&quot;created_timestamp&quot;:&quot;0&quot;,&quot;copyright&quot;:&quot;&quot;,&quot;focal_length&quot;:&quot;0&quot;,&quot;iso&quot;:&quot;0&quot;,&quot;shutter_speed&quot;:&quot;0&quot;,&quot;title&quot;:&quot;&quot;,&quot;orientation&quot;:&quot;0&quot;}\" data-image-title=\"WhatsApp Image 2019-03-17 at 19.37.23 (1)\" data-image-description=\"\" data-image-caption=\"\" data-large-file=\"https:\/\/www.hoymercedes.com.ar\/principal\/wp-content\/uploads\/2019\/03\/WhatsApp-Image-2019-03-17-at-19.37.23-1-1024x717.jpeg\" src=\"https:\/\/www.hoymercedes.com.ar\/principal\/wp-content\/uploads\/2019\/03\/WhatsApp-Image-2019-03-17-at-19.37.23-1-1024x717.jpeg\" alt=\"\" data-id=\"89650\" data-link=\"https:\/\/www.hoymercedes.com.ar\/principal\/?attachment_id=89650\" class=\"wp-image-89650\" srcset=\"https:\/\/www.hoymercedes.com.ar\/principal\/wp-content\/uploads\/2019\/03\/WhatsApp-Image-2019-03-17-at-19.37.23-1-1024x717.jpeg 1024w, https:\/\/www.hoymercedes.com.ar\/principal\/wp-content\/uploads\/2019\/03\/WhatsApp-Image-2019-03-17-at-19.37.23-1-150x105.jpeg 150w, https:\/\/www.hoymercedes.com.ar\/principal\/wp-content\/uploads\/2019\/03\/WhatsApp-Image-2019-03-17-at-19.37.23-1-630x441.jpeg 630w, https:\/\/www.hoymercedes.com.ar\/principal\/wp-content\/uploads\/2019\/03\/WhatsApp-Image-2019-03-17-at-19.37.23-1.jpeg 1200w\" sizes=\"auto, (max-width: 1024px) 100vw, 1024px\" \/><\/figure><\/li><li class=\"blocks-gallery-item\"><figure><img loading=\"lazy\" decoding=\"async\" width=\"1024\" height=\"683\" data-attachment-id=\"89651\" data-permalink=\"https:\/\/www.hoymercedes.com.ar\/principal\/2019\/03\/18\/mercedes-culmino-septimo-en-las-olimpiadas-de-la-cuenca-del-salado-galeria-de-fotos-y-medallero-completo\/whatsapp-image-2019-03-17-at-19-37-23\/#main\" data-orig-file=\"https:\/\/www.hoymercedes.com.ar\/principal\/wp-content\/uploads\/2019\/03\/WhatsApp-Image-2019-03-17-at-19.37.23.jpeg\" data-orig-size=\"1200,800\" data-comments-opened=\"0\" data-image-meta=\"{&quot;aperture&quot;:&quot;0&quot;,&quot;credit&quot;:&quot;&quot;,&quot;camera&quot;:&quot;&quot;,&quot;caption&quot;:&quot;&quot;,&quot;created_timestamp&quot;:&quot;0&quot;,&quot;copyright&quot;:&quot;&quot;,&quot;focal_length&quot;:&quot;0&quot;,&quot;iso&quot;:&quot;0&quot;,&quot;shutter_speed&quot;:&quot;0&quot;,&quot;title&quot;:&quot;&quot;,&quot;orientation&quot;:&quot;0&quot;}\" data-image-title=\"WhatsApp Image 2019-03-17 at 19.37.23\" data-image-description=\"\" data-image-caption=\"\" data-large-file=\"https:\/\/www.hoymercedes.com.ar\/principal\/wp-content\/uploads\/2019\/03\/WhatsApp-Image-2019-03-17-at-19.37.23-1024x683.jpeg\" src=\"https:\/\/www.hoymercedes.com.ar\/principal\/wp-content\/uploads\/2019\/03\/WhatsApp-Image-2019-03-17-at-19.37.23-1024x683.jpeg\" alt=\"\" data-id=\"89651\" data-link=\"https:\/\/www.hoymercedes.com.ar\/principal\/?attachment_id=89651\" class=\"wp-image-89651\" srcset=\"https:\/\/www.hoymercedes.com.ar\/principal\/wp-content\/uploads\/2019\/03\/WhatsApp-Image-2019-03-17-at-19.37.23-1024x683.jpeg 1024w, https:\/\/www.hoymercedes.com.ar\/principal\/wp-content\/uploads\/2019\/03\/WhatsApp-Image-2019-03-17-at-19.37.23-150x100.jpeg 150w, https:\/\/www.hoymercedes.com.ar\/principal\/wp-content\/uploads\/2019\/03\/WhatsApp-Image-2019-03-17-at-19.37.23-630x420.jpeg 630w, https:\/\/www.hoymercedes.com.ar\/principal\/wp-content\/uploads\/2019\/03\/WhatsApp-Image-2019-03-17-at-19.37.23-720x480.jpeg 720w, https:\/\/www.hoymercedes.com.ar\/principal\/wp-content\/uploads\/2019\/03\/WhatsApp-Image-2019-03-17-at-19.37.23-360x240.jpeg 360w, https:\/\/www.hoymercedes.com.ar\/principal\/wp-content\/uploads\/2019\/03\/WhatsApp-Image-2019-03-17-at-19.37.23.jpeg 1200w\" sizes=\"auto, (max-width: 1024px) 100vw, 1024px\" \/><\/figure><\/li><li class=\"blocks-gallery-item\"><figure><img loading=\"lazy\" decoding=\"async\" width=\"1024\" height=\"683\" data-attachment-id=\"89652\" data-permalink=\"https:\/\/www.hoymercedes.com.ar\/principal\/2019\/03\/18\/mercedes-culmino-septimo-en-las-olimpiadas-de-la-cuenca-del-salado-galeria-de-fotos-y-medallero-completo\/whatsapp-image-2019-03-17-at-19-37-22-2\/#main\" data-orig-file=\"https:\/\/www.hoymercedes.com.ar\/principal\/wp-content\/uploads\/2019\/03\/WhatsApp-Image-2019-03-17-at-19.37.22-2.jpeg\" data-orig-size=\"1200,800\" data-comments-opened=\"0\" data-image-meta=\"{&quot;aperture&quot;:&quot;0&quot;,&quot;credit&quot;:&quot;&quot;,&quot;camera&quot;:&quot;&quot;,&quot;caption&quot;:&quot;&quot;,&quot;created_timestamp&quot;:&quot;0&quot;,&quot;copyright&quot;:&quot;&quot;,&quot;focal_length&quot;:&quot;0&quot;,&quot;iso&quot;:&quot;0&quot;,&quot;shutter_speed&quot;:&quot;0&quot;,&quot;title&quot;:&quot;&quot;,&quot;orientation&quot;:&quot;0&quot;}\" data-image-title=\"WhatsApp Image 2019-03-17 at 19.37.22 (2)\" data-image-description=\"\" data-image-caption=\"\" data-large-file=\"https:\/\/www.hoymercedes.com.ar\/principal\/wp-content\/uploads\/2019\/03\/WhatsApp-Image-2019-03-17-at-19.37.22-2-1024x683.jpeg\" src=\"https:\/\/www.hoymercedes.com.ar\/principal\/wp-content\/uploads\/2019\/03\/WhatsApp-Image-2019-03-17-at-19.37.22-2-1024x683.jpeg\" alt=\"\" data-id=\"89652\" data-link=\"https:\/\/www.hoymercedes.com.ar\/principal\/?attachment_id=89652\" class=\"wp-image-89652\" srcset=\"https:\/\/www.hoymercedes.com.ar\/principal\/wp-content\/uploads\/2019\/03\/WhatsApp-Image-2019-03-17-at-19.37.22-2-1024x683.jpeg 1024w, https:\/\/www.hoymercedes.com.ar\/principal\/wp-content\/uploads\/2019\/03\/WhatsApp-Image-2019-03-17-at-19.37.22-2-150x100.jpeg 150w, https:\/\/www.hoymercedes.com.ar\/principal\/wp-content\/uploads\/2019\/03\/WhatsApp-Image-2019-03-17-at-19.37.22-2-630x420.jpeg 630w, https:\/\/www.hoymercedes.com.ar\/principal\/wp-content\/uploads\/2019\/03\/WhatsApp-Image-2019-03-17-at-19.37.22-2-720x480.jpeg 720w, https:\/\/www.hoymercedes.com.ar\/principal\/wp-content\/uploads\/2019\/03\/WhatsApp-Image-2019-03-17-at-19.37.22-2-360x240.jpeg 360w, https:\/\/www.hoymercedes.com.ar\/principal\/wp-content\/uploads\/2019\/03\/WhatsApp-Image-2019-03-17-at-19.37.22-2.jpeg 1200w\" sizes=\"auto, (max-width: 1024px) 100vw, 1024px\" \/><\/figure><\/li><li class=\"blocks-gallery-item\"><figure><img loading=\"lazy\" decoding=\"async\" width=\"1024\" height=\"683\" data-attachment-id=\"89653\" data-permalink=\"https:\/\/www.hoymercedes.com.ar\/principal\/2019\/03\/18\/mercedes-culmino-septimo-en-las-olimpiadas-de-la-cuenca-del-salado-galeria-de-fotos-y-medallero-completo\/whatsapp-image-2019-03-17-at-19-37-22-1\/#main\" data-orig-file=\"https:\/\/www.hoymercedes.com.ar\/principal\/wp-content\/uploads\/2019\/03\/WhatsApp-Image-2019-03-17-at-19.37.22-1.jpeg\" data-orig-size=\"1200,800\" data-comments-opened=\"0\" data-image-meta=\"{&quot;aperture&quot;:&quot;0&quot;,&quot;credit&quot;:&quot;&quot;,&quot;camera&quot;:&quot;&quot;,&quot;caption&quot;:&quot;&quot;,&quot;created_timestamp&quot;:&quot;0&quot;,&quot;copyright&quot;:&quot;&quot;,&quot;focal_length&quot;:&quot;0&quot;,&quot;iso&quot;:&quot;0&quot;,&quot;shutter_speed&quot;:&quot;0&quot;,&quot;title&quot;:&quot;&quot;,&quot;orientation&quot;:&quot;0&quot;}\" data-image-title=\"WhatsApp Image 2019-03-17 at 19.37.22 (1)\" data-image-description=\"\" data-image-caption=\"\" data-large-file=\"https:\/\/www.hoymercedes.com.ar\/principal\/wp-content\/uploads\/2019\/03\/WhatsApp-Image-2019-03-17-at-19.37.22-1-1024x683.jpeg\" src=\"https:\/\/www.hoymercedes.com.ar\/principal\/wp-content\/uploads\/2019\/03\/WhatsApp-Image-2019-03-17-at-19.37.22-1-1024x683.jpeg\" alt=\"\" data-id=\"89653\" data-link=\"https:\/\/www.hoymercedes.com.ar\/principal\/?attachment_id=89653\" class=\"wp-image-89653\" srcset=\"https:\/\/www.hoymercedes.com.ar\/principal\/wp-content\/uploads\/2019\/03\/WhatsApp-Image-2019-03-17-at-19.37.22-1-1024x683.jpeg 1024w, https:\/\/www.hoymercedes.com.ar\/principal\/wp-content\/uploads\/2019\/03\/WhatsApp-Image-2019-03-17-at-19.37.22-1-150x100.jpeg 150w, https:\/\/www.hoymercedes.com.ar\/principal\/wp-content\/uploads\/2019\/03\/WhatsApp-Image-2019-03-17-at-19.37.22-1-630x420.jpeg 630w, https:\/\/www.hoymercedes.com.ar\/principal\/wp-content\/uploads\/2019\/03\/WhatsApp-Image-2019-03-17-at-19.37.22-1-720x480.jpeg 720w, https:\/\/www.hoymercedes.com.ar\/principal\/wp-content\/uploads\/2019\/03\/WhatsApp-Image-2019-03-17-at-19.37.22-1-360x240.jpeg 360w, https:\/\/www.hoymercedes.com.ar\/principal\/wp-content\/uploads\/2019\/03\/WhatsApp-Image-2019-03-17-at-19.37.22-1.jpeg 1200w\" sizes=\"auto, (max-width: 1024px) 100vw, 1024px\" \/><\/figure><\/li><li class=\"blocks-gallery-item\"><figure><img loading=\"lazy\" decoding=\"async\" width=\"1024\" height=\"683\" data-attachment-id=\"89654\" data-permalink=\"https:\/\/www.hoymercedes.com.ar\/principal\/2019\/03\/18\/mercedes-culmino-septimo-en-las-olimpiadas-de-la-cuenca-del-salado-galeria-de-fotos-y-medallero-completo\/whatsapp-image-2019-03-17-at-19-37-21-3\/#main\" data-orig-file=\"https:\/\/www.hoymercedes.com.ar\/principal\/wp-content\/uploads\/2019\/03\/WhatsApp-Image-2019-03-17-at-19.37.21-3.jpeg\" data-orig-size=\"1200,800\" data-comments-opened=\"0\" data-image-meta=\"{&quot;aperture&quot;:&quot;0&quot;,&quot;credit&quot;:&quot;&quot;,&quot;camera&quot;:&quot;&quot;,&quot;caption&quot;:&quot;&quot;,&quot;created_timestamp&quot;:&quot;0&quot;,&quot;copyright&quot;:&quot;&quot;,&quot;focal_length&quot;:&quot;0&quot;,&quot;iso&quot;:&quot;0&quot;,&quot;shutter_speed&quot;:&quot;0&quot;,&quot;title&quot;:&quot;&quot;,&quot;orientation&quot;:&quot;0&quot;}\" data-image-title=\"WhatsApp Image 2019-03-17 at 19.37.21 (3)\" data-image-description=\"\" data-image-caption=\"\" data-large-file=\"https:\/\/www.hoymercedes.com.ar\/principal\/wp-content\/uploads\/2019\/03\/WhatsApp-Image-2019-03-17-at-19.37.21-3-1024x683.jpeg\" src=\"https:\/\/www.hoymercedes.com.ar\/principal\/wp-content\/uploads\/2019\/03\/WhatsApp-Image-2019-03-17-at-19.37.21-3-1024x683.jpeg\" alt=\"\" data-id=\"89654\" data-link=\"https:\/\/www.hoymercedes.com.ar\/principal\/?attachment_id=89654\" class=\"wp-image-89654\" srcset=\"https:\/\/www.hoymercedes.com.ar\/principal\/wp-content\/uploads\/2019\/03\/WhatsApp-Image-2019-03-17-at-19.37.21-3-1024x683.jpeg 1024w, https:\/\/www.hoymercedes.com.ar\/principal\/wp-content\/uploads\/2019\/03\/WhatsApp-Image-2019-03-17-at-19.37.21-3-150x100.jpeg 150w, https:\/\/www.hoymercedes.com.ar\/principal\/wp-content\/uploads\/2019\/03\/WhatsApp-Image-2019-03-17-at-19.37.21-3-630x420.jpeg 630w, https:\/\/www.hoymercedes.com.ar\/principal\/wp-content\/uploads\/2019\/03\/WhatsApp-Image-2019-03-17-at-19.37.21-3-720x480.jpeg 720w, https:\/\/www.hoymercedes.com.ar\/principal\/wp-content\/uploads\/2019\/03\/WhatsApp-Image-2019-03-17-at-19.37.21-3-360x240.jpeg 360w, https:\/\/www.hoymercedes.com.ar\/principal\/wp-content\/uploads\/2019\/03\/WhatsApp-Image-2019-03-17-at-19.37.21-3.jpeg 1200w\" sizes=\"auto, (max-width: 1024px) 100vw, 1024px\" \/><\/figure><\/li><li class=\"blocks-gallery-item\"><figure><img loading=\"lazy\" decoding=\"async\" width=\"1024\" height=\"683\" data-attachment-id=\"89655\" data-permalink=\"https:\/\/www.hoymercedes.com.ar\/principal\/2019\/03\/18\/mercedes-culmino-septimo-en-las-olimpiadas-de-la-cuenca-del-salado-galeria-de-fotos-y-medallero-completo\/whatsapp-image-2019-03-17-at-19-37-21-1\/#main\" data-orig-file=\"https:\/\/www.hoymercedes.com.ar\/principal\/wp-content\/uploads\/2019\/03\/WhatsApp-Image-2019-03-17-at-19.37.21-1.jpeg\" data-orig-size=\"1200,800\" data-comments-opened=\"0\" data-image-meta=\"{&quot;aperture&quot;:&quot;0&quot;,&quot;credit&quot;:&quot;&quot;,&quot;camera&quot;:&quot;&quot;,&quot;caption&quot;:&quot;&quot;,&quot;created_timestamp&quot;:&quot;0&quot;,&quot;copyright&quot;:&quot;&quot;,&quot;focal_length&quot;:&quot;0&quot;,&quot;iso&quot;:&quot;0&quot;,&quot;shutter_speed&quot;:&quot;0&quot;,&quot;title&quot;:&quot;&quot;,&quot;orientation&quot;:&quot;0&quot;}\" data-image-title=\"WhatsApp Image 2019-03-17 at 19.37.21 (1)\" data-image-description=\"\" data-image-caption=\"\" data-large-file=\"https:\/\/www.hoymercedes.com.ar\/principal\/wp-content\/uploads\/2019\/03\/WhatsApp-Image-2019-03-17-at-19.37.21-1-1024x683.jpeg\" src=\"https:\/\/www.hoymercedes.com.ar\/principal\/wp-content\/uploads\/2019\/03\/WhatsApp-Image-2019-03-17-at-19.37.21-1-1024x683.jpeg\" alt=\"\" data-id=\"89655\" data-link=\"https:\/\/www.hoymercedes.com.ar\/principal\/?attachment_id=89655\" class=\"wp-image-89655\" srcset=\"https:\/\/www.hoymercedes.com.ar\/principal\/wp-content\/uploads\/2019\/03\/WhatsApp-Image-2019-03-17-at-19.37.21-1-1024x683.jpeg 1024w, https:\/\/www.hoymercedes.com.ar\/principal\/wp-content\/uploads\/2019\/03\/WhatsApp-Image-2019-03-17-at-19.37.21-1-150x100.jpeg 150w, https:\/\/www.hoymercedes.com.ar\/principal\/wp-content\/uploads\/2019\/03\/WhatsApp-Image-2019-03-17-at-19.37.21-1-630x420.jpeg 630w, https:\/\/www.hoymercedes.com.ar\/principal\/wp-content\/uploads\/2019\/03\/WhatsApp-Image-2019-03-17-at-19.37.21-1-720x480.jpeg 720w, https:\/\/www.hoymercedes.com.ar\/principal\/wp-content\/uploads\/2019\/03\/WhatsApp-Image-2019-03-17-at-19.37.21-1-360x240.jpeg 360w, https:\/\/www.hoymercedes.com.ar\/principal\/wp-content\/uploads\/2019\/03\/WhatsApp-Image-2019-03-17-at-19.37.21-1.jpeg 1200w\" sizes=\"auto, (max-width: 1024px) 100vw, 1024px\" \/><\/figure><\/li><li class=\"blocks-gallery-item\"><figure><img loading=\"lazy\" decoding=\"async\" width=\"1024\" height=\"717\" data-attachment-id=\"89656\" data-permalink=\"https:\/\/www.hoymercedes.com.ar\/principal\/2019\/03\/18\/mercedes-culmino-septimo-en-las-olimpiadas-de-la-cuenca-del-salado-galeria-de-fotos-y-medallero-completo\/whatsapp-image-2019-03-17-at-19-37-20-1\/#main\" data-orig-file=\"https:\/\/www.hoymercedes.com.ar\/principal\/wp-content\/uploads\/2019\/03\/WhatsApp-Image-2019-03-17-at-19.37.20-1.jpeg\" data-orig-size=\"1200,840\" data-comments-opened=\"0\" data-image-meta=\"{&quot;aperture&quot;:&quot;0&quot;,&quot;credit&quot;:&quot;&quot;,&quot;camera&quot;:&quot;&quot;,&quot;caption&quot;:&quot;&quot;,&quot;created_timestamp&quot;:&quot;0&quot;,&quot;copyright&quot;:&quot;&quot;,&quot;focal_length&quot;:&quot;0&quot;,&quot;iso&quot;:&quot;0&quot;,&quot;shutter_speed&quot;:&quot;0&quot;,&quot;title&quot;:&quot;&quot;,&quot;orientation&quot;:&quot;0&quot;}\" data-image-title=\"WhatsApp Image 2019-03-17 at 19.37.20 (1)\" data-image-description=\"\" data-image-caption=\"\" data-large-file=\"https:\/\/www.hoymercedes.com.ar\/principal\/wp-content\/uploads\/2019\/03\/WhatsApp-Image-2019-03-17-at-19.37.20-1-1024x717.jpeg\" src=\"https:\/\/www.hoymercedes.com.ar\/principal\/wp-content\/uploads\/2019\/03\/WhatsApp-Image-2019-03-17-at-19.37.20-1-1024x717.jpeg\" alt=\"\" data-id=\"89656\" data-link=\"https:\/\/www.hoymercedes.com.ar\/principal\/?attachment_id=89656\" class=\"wp-image-89656\" srcset=\"https:\/\/www.hoymercedes.com.ar\/principal\/wp-content\/uploads\/2019\/03\/WhatsApp-Image-2019-03-17-at-19.37.20-1-1024x717.jpeg 1024w, https:\/\/www.hoymercedes.com.ar\/principal\/wp-content\/uploads\/2019\/03\/WhatsApp-Image-2019-03-17-at-19.37.20-1-150x105.jpeg 150w, https:\/\/www.hoymercedes.com.ar\/principal\/wp-content\/uploads\/2019\/03\/WhatsApp-Image-2019-03-17-at-19.37.20-1-630x441.jpeg 630w, https:\/\/www.hoymercedes.com.ar\/principal\/wp-content\/uploads\/2019\/03\/WhatsApp-Image-2019-03-17-at-19.37.20-1.jpeg 1200w\" sizes=\"auto, (max-width: 1024px) 100vw, 1024px\" \/><\/figure><\/li><li class=\"blocks-gallery-item\"><figure><img loading=\"lazy\" decoding=\"async\" width=\"1024\" height=\"683\" data-attachment-id=\"89657\" data-permalink=\"https:\/\/www.hoymercedes.com.ar\/principal\/2019\/03\/18\/mercedes-culmino-septimo-en-las-olimpiadas-de-la-cuenca-del-salado-galeria-de-fotos-y-medallero-completo\/whatsapp-image-2019-03-17-at-19-37-19-1\/#main\" data-orig-file=\"https:\/\/www.hoymercedes.com.ar\/principal\/wp-content\/uploads\/2019\/03\/WhatsApp-Image-2019-03-17-at-19.37.19-1.jpeg\" data-orig-size=\"1200,800\" data-comments-opened=\"0\" data-image-meta=\"{&quot;aperture&quot;:&quot;0&quot;,&quot;credit&quot;:&quot;&quot;,&quot;camera&quot;:&quot;&quot;,&quot;caption&quot;:&quot;&quot;,&quot;created_timestamp&quot;:&quot;0&quot;,&quot;copyright&quot;:&quot;&quot;,&quot;focal_length&quot;:&quot;0&quot;,&quot;iso&quot;:&quot;0&quot;,&quot;shutter_speed&quot;:&quot;0&quot;,&quot;title&quot;:&quot;&quot;,&quot;orientation&quot;:&quot;0&quot;}\" data-image-title=\"WhatsApp Image 2019-03-17 at 19.37.19 (1)\" data-image-description=\"\" data-image-caption=\"\" data-large-file=\"https:\/\/www.hoymercedes.com.ar\/principal\/wp-content\/uploads\/2019\/03\/WhatsApp-Image-2019-03-17-at-19.37.19-1-1024x683.jpeg\" src=\"https:\/\/www.hoymercedes.com.ar\/principal\/wp-content\/uploads\/2019\/03\/WhatsApp-Image-2019-03-17-at-19.37.19-1-1024x683.jpeg\" alt=\"\" data-id=\"89657\" data-link=\"https:\/\/www.hoymercedes.com.ar\/principal\/?attachment_id=89657\" class=\"wp-image-89657\" srcset=\"https:\/\/www.hoymercedes.com.ar\/principal\/wp-content\/uploads\/2019\/03\/WhatsApp-Image-2019-03-17-at-19.37.19-1-1024x683.jpeg 1024w, https:\/\/www.hoymercedes.com.ar\/principal\/wp-content\/uploads\/2019\/03\/WhatsApp-Image-2019-03-17-at-19.37.19-1-150x100.jpeg 150w, https:\/\/www.hoymercedes.com.ar\/principal\/wp-content\/uploads\/2019\/03\/WhatsApp-Image-2019-03-17-at-19.37.19-1-630x420.jpeg 630w, https:\/\/www.hoymercedes.com.ar\/principal\/wp-content\/uploads\/2019\/03\/WhatsApp-Image-2019-03-17-at-19.37.19-1-720x480.jpeg 720w, https:\/\/www.hoymercedes.com.ar\/principal\/wp-content\/uploads\/2019\/03\/WhatsApp-Image-2019-03-17-at-19.37.19-1-360x240.jpeg 360w, https:\/\/www.hoymercedes.com.ar\/principal\/wp-content\/uploads\/2019\/03\/WhatsApp-Image-2019-03-17-at-19.37.19-1.jpeg 1200w\" sizes=\"auto, (max-width: 1024px) 100vw, 1024px\" \/><\/figure><\/li><li class=\"blocks-gallery-item\"><figure><img loading=\"lazy\" decoding=\"async\" width=\"1024\" height=\"683\" data-attachment-id=\"89658\" data-permalink=\"https:\/\/www.hoymercedes.com.ar\/principal\/2019\/03\/18\/mercedes-culmino-septimo-en-las-olimpiadas-de-la-cuenca-del-salado-galeria-de-fotos-y-medallero-completo\/whatsapp-image-2019-03-17-at-19-37-19\/#main\" data-orig-file=\"https:\/\/www.hoymercedes.com.ar\/principal\/wp-content\/uploads\/2019\/03\/WhatsApp-Image-2019-03-17-at-19.37.19.jpeg\" data-orig-size=\"1200,800\" data-comments-opened=\"0\" data-image-meta=\"{&quot;aperture&quot;:&quot;0&quot;,&quot;credit&quot;:&quot;&quot;,&quot;camera&quot;:&quot;&quot;,&quot;caption&quot;:&quot;&quot;,&quot;created_timestamp&quot;:&quot;0&quot;,&quot;copyright&quot;:&quot;&quot;,&quot;focal_length&quot;:&quot;0&quot;,&quot;iso&quot;:&quot;0&quot;,&quot;shutter_speed&quot;:&quot;0&quot;,&quot;title&quot;:&quot;&quot;,&quot;orientation&quot;:&quot;0&quot;}\" data-image-title=\"WhatsApp Image 2019-03-17 at 19.37.19\" data-image-description=\"\" data-image-caption=\"\" data-large-file=\"https:\/\/www.hoymercedes.com.ar\/principal\/wp-content\/uploads\/2019\/03\/WhatsApp-Image-2019-03-17-at-19.37.19-1024x683.jpeg\" src=\"https:\/\/www.hoymercedes.com.ar\/principal\/wp-content\/uploads\/2019\/03\/WhatsApp-Image-2019-03-17-at-19.37.19-1024x683.jpeg\" alt=\"\" data-id=\"89658\" data-link=\"https:\/\/www.hoymercedes.com.ar\/principal\/?attachment_id=89658\" class=\"wp-image-89658\" srcset=\"https:\/\/www.hoymercedes.com.ar\/principal\/wp-content\/uploads\/2019\/03\/WhatsApp-Image-2019-03-17-at-19.37.19-1024x683.jpeg 1024w, https:\/\/www.hoymercedes.com.ar\/principal\/wp-content\/uploads\/2019\/03\/WhatsApp-Image-2019-03-17-at-19.37.19-150x100.jpeg 150w, https:\/\/www.hoymercedes.com.ar\/principal\/wp-content\/uploads\/2019\/03\/WhatsApp-Image-2019-03-17-at-19.37.19-630x420.jpeg 630w, https:\/\/www.hoymercedes.com.ar\/principal\/wp-content\/uploads\/2019\/03\/WhatsApp-Image-2019-03-17-at-19.37.19-720x480.jpeg 720w, https:\/\/www.hoymercedes.com.ar\/principal\/wp-content\/uploads\/2019\/03\/WhatsApp-Image-2019-03-17-at-19.37.19-360x240.jpeg 360w, https:\/\/www.hoymercedes.com.ar\/principal\/wp-content\/uploads\/2019\/03\/WhatsApp-Image-2019-03-17-at-19.37.19.jpeg 1200w\" sizes=\"auto, (max-width: 1024px) 100vw, 1024px\" \/><\/figure><\/li><li class=\"blocks-gallery-item\"><figure><img loading=\"lazy\" decoding=\"async\" width=\"1024\" height=\"683\" data-attachment-id=\"89659\" data-permalink=\"https:\/\/www.hoymercedes.com.ar\/principal\/2019\/03\/18\/mercedes-culmino-septimo-en-las-olimpiadas-de-la-cuenca-del-salado-galeria-de-fotos-y-medallero-completo\/whatsapp-image-2019-03-17-at-19-37-18\/#main\" data-orig-file=\"https:\/\/www.hoymercedes.com.ar\/principal\/wp-content\/uploads\/2019\/03\/WhatsApp-Image-2019-03-17-at-19.37.18.jpeg\" data-orig-size=\"1200,800\" data-comments-opened=\"0\" data-image-meta=\"{&quot;aperture&quot;:&quot;0&quot;,&quot;credit&quot;:&quot;&quot;,&quot;camera&quot;:&quot;&quot;,&quot;caption&quot;:&quot;&quot;,&quot;created_timestamp&quot;:&quot;0&quot;,&quot;copyright&quot;:&quot;&quot;,&quot;focal_length&quot;:&quot;0&quot;,&quot;iso&quot;:&quot;0&quot;,&quot;shutter_speed&quot;:&quot;0&quot;,&quot;title&quot;:&quot;&quot;,&quot;orientation&quot;:&quot;0&quot;}\" data-image-title=\"WhatsApp Image 2019-03-17 at 19.37.18\" data-image-description=\"\" data-image-caption=\"\" data-large-file=\"https:\/\/www.hoymercedes.com.ar\/principal\/wp-content\/uploads\/2019\/03\/WhatsApp-Image-2019-03-17-at-19.37.18-1024x683.jpeg\" src=\"https:\/\/www.hoymercedes.com.ar\/principal\/wp-content\/uploads\/2019\/03\/WhatsApp-Image-2019-03-17-at-19.37.18-1024x683.jpeg\" alt=\"\" data-id=\"89659\" data-link=\"https:\/\/www.hoymercedes.com.ar\/principal\/?attachment_id=89659\" class=\"wp-image-89659\" srcset=\"https:\/\/www.hoymercedes.com.ar\/principal\/wp-content\/uploads\/2019\/03\/WhatsApp-Image-2019-03-17-at-19.37.18-1024x683.jpeg 1024w, https:\/\/www.hoymercedes.com.ar\/principal\/wp-content\/uploads\/2019\/03\/WhatsApp-Image-2019-03-17-at-19.37.18-150x100.jpeg 150w, https:\/\/www.hoymercedes.com.ar\/principal\/wp-content\/uploads\/2019\/03\/WhatsApp-Image-2019-03-17-at-19.37.18-630x420.jpeg 630w, https:\/\/www.hoymercedes.com.ar\/principal\/wp-content\/uploads\/2019\/03\/WhatsApp-Image-2019-03-17-at-19.37.18-720x480.jpeg 720w, https:\/\/www.hoymercedes.com.ar\/principal\/wp-content\/uploads\/2019\/03\/WhatsApp-Image-2019-03-17-at-19.37.18-360x240.jpeg 360w, https:\/\/www.hoymercedes.com.ar\/principal\/wp-content\/uploads\/2019\/03\/WhatsApp-Image-2019-03-17-at-19.37.18.jpeg 1200w\" sizes=\"auto, (max-width: 1024px) 100vw, 1024px\" \/><\/figure><\/li><li class=\"blocks-gallery-item\"><figure><img loading=\"lazy\" decoding=\"async\" width=\"1024\" height=\"683\" data-attachment-id=\"89660\" data-permalink=\"https:\/\/www.hoymercedes.com.ar\/principal\/2019\/03\/18\/mercedes-culmino-septimo-en-las-olimpiadas-de-la-cuenca-del-salado-galeria-de-fotos-y-medallero-completo\/whatsapp-image-2019-03-17-at-19-37-17-2\/#main\" data-orig-file=\"https:\/\/www.hoymercedes.com.ar\/principal\/wp-content\/uploads\/2019\/03\/WhatsApp-Image-2019-03-17-at-19.37.17-2.jpeg\" data-orig-size=\"1200,800\" data-comments-opened=\"0\" data-image-meta=\"{&quot;aperture&quot;:&quot;0&quot;,&quot;credit&quot;:&quot;&quot;,&quot;camera&quot;:&quot;&quot;,&quot;caption&quot;:&quot;&quot;,&quot;created_timestamp&quot;:&quot;0&quot;,&quot;copyright&quot;:&quot;&quot;,&quot;focal_length&quot;:&quot;0&quot;,&quot;iso&quot;:&quot;0&quot;,&quot;shutter_speed&quot;:&quot;0&quot;,&quot;title&quot;:&quot;&quot;,&quot;orientation&quot;:&quot;0&quot;}\" data-image-title=\"WhatsApp Image 2019-03-17 at 19.37.17 (2)\" data-image-description=\"\" data-image-caption=\"\" data-large-file=\"https:\/\/www.hoymercedes.com.ar\/principal\/wp-content\/uploads\/2019\/03\/WhatsApp-Image-2019-03-17-at-19.37.17-2-1024x683.jpeg\" src=\"https:\/\/www.hoymercedes.com.ar\/principal\/wp-content\/uploads\/2019\/03\/WhatsApp-Image-2019-03-17-at-19.37.17-2-1024x683.jpeg\" alt=\"\" data-id=\"89660\" data-link=\"https:\/\/www.hoymercedes.com.ar\/principal\/?attachment_id=89660\" class=\"wp-image-89660\" srcset=\"https:\/\/www.hoymercedes.com.ar\/principal\/wp-content\/uploads\/2019\/03\/WhatsApp-Image-2019-03-17-at-19.37.17-2-1024x683.jpeg 1024w, https:\/\/www.hoymercedes.com.ar\/principal\/wp-content\/uploads\/2019\/03\/WhatsApp-Image-2019-03-17-at-19.37.17-2-150x100.jpeg 150w, https:\/\/www.hoymercedes.com.ar\/principal\/wp-content\/uploads\/2019\/03\/WhatsApp-Image-2019-03-17-at-19.37.17-2-630x420.jpeg 630w, https:\/\/www.hoymercedes.com.ar\/principal\/wp-content\/uploads\/2019\/03\/WhatsApp-Image-2019-03-17-at-19.37.17-2-720x480.jpeg 720w, https:\/\/www.hoymercedes.com.ar\/principal\/wp-content\/uploads\/2019\/03\/WhatsApp-Image-2019-03-17-at-19.37.17-2-360x240.jpeg 360w, https:\/\/www.hoymercedes.com.ar\/principal\/wp-content\/uploads\/2019\/03\/WhatsApp-Image-2019-03-17-at-19.37.17-2.jpeg 1200w\" sizes=\"auto, (max-width: 1024px) 100vw, 1024px\" \/><\/figure><\/li><li class=\"blocks-gallery-item\"><figure><img loading=\"lazy\" decoding=\"async\" width=\"1024\" height=\"683\" data-attachment-id=\"89661\" data-permalink=\"https:\/\/www.hoymercedes.com.ar\/principal\/2019\/03\/18\/mercedes-culmino-septimo-en-las-olimpiadas-de-la-cuenca-del-salado-galeria-de-fotos-y-medallero-completo\/whatsapp-image-2019-03-17-at-19-37-17-1\/#main\" data-orig-file=\"https:\/\/www.hoymercedes.com.ar\/principal\/wp-content\/uploads\/2019\/03\/WhatsApp-Image-2019-03-17-at-19.37.17-1.jpeg\" data-orig-size=\"1200,800\" data-comments-opened=\"0\" data-image-meta=\"{&quot;aperture&quot;:&quot;0&quot;,&quot;credit&quot;:&quot;&quot;,&quot;camera&quot;:&quot;&quot;,&quot;caption&quot;:&quot;&quot;,&quot;created_timestamp&quot;:&quot;0&quot;,&quot;copyright&quot;:&quot;&quot;,&quot;focal_length&quot;:&quot;0&quot;,&quot;iso&quot;:&quot;0&quot;,&quot;shutter_speed&quot;:&quot;0&quot;,&quot;title&quot;:&quot;&quot;,&quot;orientation&quot;:&quot;0&quot;}\" data-image-title=\"WhatsApp Image 2019-03-17 at 19.37.17 (1)\" data-image-description=\"\" data-image-caption=\"\" data-large-file=\"https:\/\/www.hoymercedes.com.ar\/principal\/wp-content\/uploads\/2019\/03\/WhatsApp-Image-2019-03-17-at-19.37.17-1-1024x683.jpeg\" src=\"https:\/\/www.hoymercedes.com.ar\/principal\/wp-content\/uploads\/2019\/03\/WhatsApp-Image-2019-03-17-at-19.37.17-1-1024x683.jpeg\" alt=\"\" data-id=\"89661\" data-link=\"https:\/\/www.hoymercedes.com.ar\/principal\/?attachment_id=89661\" class=\"wp-image-89661\" srcset=\"https:\/\/www.hoymercedes.com.ar\/principal\/wp-content\/uploads\/2019\/03\/WhatsApp-Image-2019-03-17-at-19.37.17-1-1024x683.jpeg 1024w, https:\/\/www.hoymercedes.com.ar\/principal\/wp-content\/uploads\/2019\/03\/WhatsApp-Image-2019-03-17-at-19.37.17-1-150x100.jpeg 150w, https:\/\/www.hoymercedes.com.ar\/principal\/wp-content\/uploads\/2019\/03\/WhatsApp-Image-2019-03-17-at-19.37.17-1-630x420.jpeg 630w, https:\/\/www.hoymercedes.com.ar\/principal\/wp-content\/uploads\/2019\/03\/WhatsApp-Image-2019-03-17-at-19.37.17-1-720x480.jpeg 720w, https:\/\/www.hoymercedes.com.ar\/principal\/wp-content\/uploads\/2019\/03\/WhatsApp-Image-2019-03-17-at-19.37.17-1-360x240.jpeg 360w, https:\/\/www.hoymercedes.com.ar\/principal\/wp-content\/uploads\/2019\/03\/WhatsApp-Image-2019-03-17-at-19.37.17-1.jpeg 1200w\" sizes=\"auto, (max-width: 1024px) 100vw, 1024px\" \/><\/figure><\/li><li class=\"blocks-gallery-item\"><figure><img loading=\"lazy\" decoding=\"async\" width=\"1024\" height=\"683\" data-attachment-id=\"89662\" data-permalink=\"https:\/\/www.hoymercedes.com.ar\/principal\/2019\/03\/18\/mercedes-culmino-septimo-en-las-olimpiadas-de-la-cuenca-del-salado-galeria-de-fotos-y-medallero-completo\/whatsapp-image-2019-03-17-at-19-37-16-2\/#main\" data-orig-file=\"https:\/\/www.hoymercedes.com.ar\/principal\/wp-content\/uploads\/2019\/03\/WhatsApp-Image-2019-03-17-at-19.37.16-2.jpeg\" data-orig-size=\"1200,800\" data-comments-opened=\"0\" data-image-meta=\"{&quot;aperture&quot;:&quot;0&quot;,&quot;credit&quot;:&quot;&quot;,&quot;camera&quot;:&quot;&quot;,&quot;caption&quot;:&quot;&quot;,&quot;created_timestamp&quot;:&quot;0&quot;,&quot;copyright&quot;:&quot;&quot;,&quot;focal_length&quot;:&quot;0&quot;,&quot;iso&quot;:&quot;0&quot;,&quot;shutter_speed&quot;:&quot;0&quot;,&quot;title&quot;:&quot;&quot;,&quot;orientation&quot;:&quot;0&quot;}\" data-image-title=\"WhatsApp Image 2019-03-17 at 19.37.16 (2)\" data-image-description=\"\" data-image-caption=\"\" data-large-file=\"https:\/\/www.hoymercedes.com.ar\/principal\/wp-content\/uploads\/2019\/03\/WhatsApp-Image-2019-03-17-at-19.37.16-2-1024x683.jpeg\" src=\"https:\/\/www.hoymercedes.com.ar\/principal\/wp-content\/uploads\/2019\/03\/WhatsApp-Image-2019-03-17-at-19.37.16-2-1024x683.jpeg\" alt=\"\" data-id=\"89662\" data-link=\"https:\/\/www.hoymercedes.com.ar\/principal\/?attachment_id=89662\" class=\"wp-image-89662\" srcset=\"https:\/\/www.hoymercedes.com.ar\/principal\/wp-content\/uploads\/2019\/03\/WhatsApp-Image-2019-03-17-at-19.37.16-2-1024x683.jpeg 1024w, https:\/\/www.hoymercedes.com.ar\/principal\/wp-content\/uploads\/2019\/03\/WhatsApp-Image-2019-03-17-at-19.37.16-2-150x100.jpeg 150w, https:\/\/www.hoymercedes.com.ar\/principal\/wp-content\/uploads\/2019\/03\/WhatsApp-Image-2019-03-17-at-19.37.16-2-630x420.jpeg 630w, https:\/\/www.hoymercedes.com.ar\/principal\/wp-content\/uploads\/2019\/03\/WhatsApp-Image-2019-03-17-at-19.37.16-2-720x480.jpeg 720w, https:\/\/www.hoymercedes.com.ar\/principal\/wp-content\/uploads\/2019\/03\/WhatsApp-Image-2019-03-17-at-19.37.16-2-360x240.jpeg 360w, https:\/\/www.hoymercedes.com.ar\/principal\/wp-content\/uploads\/2019\/03\/WhatsApp-Image-2019-03-17-at-19.37.16-2.jpeg 1200w\" sizes=\"auto, (max-width: 1024px) 100vw, 1024px\" \/><\/figure><\/li><\/ul>\n","protected":false},"excerpt":{"rendered":"<p>En el \u00faltimo fin de semana de la edici\u00f3n XVII de las Olimpiadas de la Cuenca del Salado, la delegaci\u00f3n &#8230; <a title=\"Mercedes culmin\u00f3 s\u00e9ptimo en las Olimp\u00edadas de la Cuenca del Salado (Galer\u00eda de Fotos y medallero completo)\" class=\"read-more\" href=\"https:\/\/www.hoymercedes.com.ar\/principal\/2019\/03\/18\/mercedes-culmino-septimo-en-las-olimpiadas-de-la-cuenca-del-salado-galeria-de-fotos-y-medallero-completo\/\" aria-label=\"Leer m\u00e1s sobre Mercedes culmin\u00f3 s\u00e9ptimo en las Olimp\u00edadas de la Cuenca del Salado (Galer\u00eda de Fotos y medallero completo)\">Leer m\u00e1s<\/a><\/p>\n","protected":false},"author":1,"featured_media":89634,"comment_status":"closed","ping_status":"open","sticky":false,"template":"","format":"standard","meta":{"_monsterinsights_skip_tracking":false,"_monsterinsights_sitenote_active":false,"_monsterinsights_sitenote_note":"","_monsterinsights_sitenote_category":0,"jetpack_post_was_ever_published":false,"_jetpack_newsletter_access":"","_jetpack_dont_email_post_to_subs":false,"_jetpack_newsletter_tier_id":0,"_jetpack_memberships_contains_paywalled_content":false,"_jetpack_memberships_contains_paid_content":false,"footnotes":"","jetpack_publicize_message":"","jetpack_publicize_feature_enabled":true,"jetpack_social_post_already_shared":true,"jetpack_social_options":{"image_generator_settings":{"template":"highway","default_image_id":0,"font":"","enabled":false},"version":2},"_wpas_customize_per_network":false},"categories":[21],"tags":[2060,14636,12559],"class_list":["post-89629","post","type-post","status-publish","format-standard","has-post-thumbnail","hentry","category-deportes","tag-cuenca-del-salado","tag-lobos-cuenca-del-salado","tag-olimpiadas-cuenca-del-salado","generate-columns","tablet-grid-50","mobile-grid-100","grid-parent","grid-50"],"jetpack_publicize_connections":[],"jetpack_featured_media_url":"https:\/\/www.hoymercedes.com.ar\/principal\/wp-content\/uploads\/2019\/03\/WhatsApp-Image-2019-03-17-at-19.37.26.jpeg","wps_subtitle":"Cuenca del Salado","jetpack_sharing_enabled":true,"_links":{"self":[{"href":"https:\/\/www.hoymercedes.com.ar\/principal\/wp-json\/wp\/v2\/posts\/89629","targetHints":{"allow":["GET"]}}],"collection":[{"href":"https:\/\/www.hoymercedes.com.ar\/principal\/wp-json\/wp\/v2\/posts"}],"about":[{"href":"https:\/\/www.hoymercedes.com.ar\/principal\/wp-json\/wp\/v2\/types\/post"}],"author":[{"embeddable":true,"href":"https:\/\/www.hoymercedes.com.ar\/principal\/wp-json\/wp\/v2\/users\/1"}],"replies":[{"embeddable":true,"href":"https:\/\/www.hoymercedes.com.ar\/principal\/wp-json\/wp\/v2\/comments?post=89629"}],"version-history":[{"count":0,"href":"https:\/\/www.hoymercedes.com.ar\/principal\/wp-json\/wp\/v2\/posts\/89629\/revisions"}],"wp:featuredmedia":[{"embeddable":true,"href":"https:\/\/www.hoymercedes.com.ar\/principal\/wp-json\/wp\/v2\/media\/89634"}],"wp:attachment":[{"href":"https:\/\/www.hoymercedes.com.ar\/principal\/wp-json\/wp\/v2\/media?parent=89629"}],"wp:term":[{"taxonomy":"category","embeddable":true,"href":"https:\/\/www.hoymercedes.com.ar\/principal\/wp-json\/wp\/v2\/categories?post=89629"},{"taxonomy":"post_tag","embeddable":true,"href":"https:\/\/www.hoymercedes.com.ar\/principal\/wp-json\/wp\/v2\/tags?post=89629"}],"curies":[{"name":"wp","href":"https:\/\/api.w.org\/{rel}","templated":true}]}}