{"id":8964,"date":"2011-11-09T11:33:22","date_gmt":"2011-11-09T11:33:22","guid":{"rendered":"http:\/\/www.hoymercedes.com.ar\/principal\/?p=8964"},"modified":"2011-11-09T11:33:22","modified_gmt":"2011-11-09T11:33:22","slug":"obras-en-el-barrio-san-antonio","status":"publish","type":"post","link":"https:\/\/www.hoymercedes.com.ar\/principal\/2011\/11\/09\/obras-en-el-barrio-san-antonio\/","title":{"rendered":"Obras en el barrio San Antonio"},"content":{"rendered":"<p><a href=\"https:\/\/www.hoymercedes.com.ar\/principal\/wp-content\/uploads\/2011\/11\/Foto-0006.jpg\"><img loading=\"lazy\" decoding=\"async\" data-attachment-id=\"8968\" data-permalink=\"https:\/\/www.hoymercedes.com.ar\/principal\/2011\/11\/09\/obras-en-el-barrio-san-antonio\/foto-0006\/#main\" data-orig-file=\"https:\/\/www.hoymercedes.com.ar\/principal\/wp-content\/uploads\/2011\/11\/Foto-0006.jpg\" data-orig-size=\"612,490\" data-comments-opened=\"1\" data-image-meta=\"{&quot;aperture&quot;:&quot;0&quot;,&quot;credit&quot;:&quot;&quot;,&quot;camera&quot;:&quot;SGH-F250L&quot;,&quot;caption&quot;:&quot;&quot;,&quot;created_timestamp&quot;:&quot;1167822960&quot;,&quot;copyright&quot;:&quot;&quot;,&quot;focal_length&quot;:&quot;0&quot;,&quot;iso&quot;:&quot;0&quot;,&quot;shutter_speed&quot;:&quot;0&quot;,&quot;title&quot;:&quot;&quot;}\" data-image-title=\"Foto-0006\" data-image-description=\"\" data-image-caption=\"\" data-large-file=\"https:\/\/www.hoymercedes.com.ar\/principal\/wp-content\/uploads\/2011\/11\/Foto-0006.jpg\" class=\"aligncenter size-full wp-image-8968\" title=\"Foto-0006\" src=\"https:\/\/www.hoymercedes.com.ar\/principal\/wp-content\/uploads\/2011\/11\/Foto-0006.jpg\" alt=\"\" width=\"612\" height=\"490\" \/><\/a><\/p>\n<p>La Sociedad de Fomento del barrio San Antonio, agradece al Sr. Intendente Municipal los trabajos realizados en el mismo, prometidos antes de las elecciones del mes de Octubre, Cord\u00f3n Cuneta y piedra en calle 103 de 24 a 22 bis, Cord\u00f3n Cuneta ya comenzado y realizado en 22 de 103 a 105 el que sigue hasta 111, la Obra de Cloacas en 105 e 22 y 24 y el ya casi concluido C.A.P.S construido totalmente por las Cooperativas Argentina Trabaja, el que lamentablemente por atraso del plomero, contratado particular y a que EDEN no conecta el medidor todavia no se puede inaugurar,esperamos que pronto se ocupen de realizarlo as\u00ed ser\u00eda posible inugurar antes de fin de a\u00f1o.<\/p>\n<p>El barrio agradece todo lo realizado al Sr Intendente y felicitamos porque sigue siendo UN BUEN GOBIERNO<\/p>\n<p><a href=\"https:\/\/www.hoymercedes.com.ar\/principal\/wp-content\/uploads\/2011\/11\/Foto-0002.jpg\"><img loading=\"lazy\" decoding=\"async\" data-attachment-id=\"8969\" data-permalink=\"https:\/\/www.hoymercedes.com.ar\/principal\/2011\/11\/09\/obras-en-el-barrio-san-antonio\/foto-0002\/#main\" data-orig-file=\"https:\/\/www.hoymercedes.com.ar\/principal\/wp-content\/uploads\/2011\/11\/Foto-0002.jpg\" data-orig-size=\"612,490\" data-comments-opened=\"1\" data-image-meta=\"{&quot;aperture&quot;:&quot;0&quot;,&quot;credit&quot;:&quot;&quot;,&quot;camera&quot;:&quot;SGH-F250L&quot;,&quot;caption&quot;:&quot;&quot;,&quot;created_timestamp&quot;:&quot;1167819997&quot;,&quot;copyright&quot;:&quot;&quot;,&quot;focal_length&quot;:&quot;0&quot;,&quot;iso&quot;:&quot;0&quot;,&quot;shutter_speed&quot;:&quot;0&quot;,&quot;title&quot;:&quot;&quot;}\" data-image-title=\"Foto-0002\" data-image-description=\"\" data-image-caption=\"\" data-large-file=\"https:\/\/www.hoymercedes.com.ar\/principal\/wp-content\/uploads\/2011\/11\/Foto-0002.jpg\" class=\"aligncenter size-full wp-image-8969\" title=\"Foto-0002\" src=\"https:\/\/www.hoymercedes.com.ar\/principal\/wp-content\/uploads\/2011\/11\/Foto-0002.jpg\" alt=\"\" width=\"612\" height=\"490\" srcset=\"https:\/\/www.hoymercedes.com.ar\/principal\/wp-content\/uploads\/2011\/11\/Foto-0002.jpg 612w, https:\/\/www.hoymercedes.com.ar\/principal\/wp-content\/uploads\/2011\/11\/Foto-0002-300x240.jpg 300w\" sizes=\"auto, (max-width: 612px) 100vw, 612px\" \/><\/a><\/p>\n<p><a href=\"https:\/\/www.hoymercedes.com.ar\/principal\/wp-content\/uploads\/2011\/11\/Foto-0004.jpg\"><img loading=\"lazy\" decoding=\"async\" data-attachment-id=\"8970\" data-permalink=\"https:\/\/www.hoymercedes.com.ar\/principal\/2011\/11\/09\/obras-en-el-barrio-san-antonio\/foto-0004\/#main\" data-orig-file=\"https:\/\/www.hoymercedes.com.ar\/principal\/wp-content\/uploads\/2011\/11\/Foto-0004.jpg\" data-orig-size=\"612,490\" data-comments-opened=\"1\" data-image-meta=\"{&quot;aperture&quot;:&quot;0&quot;,&quot;credit&quot;:&quot;&quot;,&quot;camera&quot;:&quot;SGH-F250L&quot;,&quot;caption&quot;:&quot;&quot;,&quot;created_timestamp&quot;:&quot;1167822390&quot;,&quot;copyright&quot;:&quot;&quot;,&quot;focal_length&quot;:&quot;0&quot;,&quot;iso&quot;:&quot;0&quot;,&quot;shutter_speed&quot;:&quot;0&quot;,&quot;title&quot;:&quot;&quot;}\" data-image-title=\"Foto-0004\" data-image-description=\"\" data-image-caption=\"\" data-large-file=\"https:\/\/www.hoymercedes.com.ar\/principal\/wp-content\/uploads\/2011\/11\/Foto-0004.jpg\" class=\"aligncenter size-full wp-image-8970\" title=\"Foto-0004\" src=\"https:\/\/www.hoymercedes.com.ar\/principal\/wp-content\/uploads\/2011\/11\/Foto-0004.jpg\" alt=\"\" width=\"612\" height=\"490\" srcset=\"https:\/\/www.hoymercedes.com.ar\/principal\/wp-content\/uploads\/2011\/11\/Foto-0004.jpg 612w, https:\/\/www.hoymercedes.com.ar\/principal\/wp-content\/uploads\/2011\/11\/Foto-0004-300x240.jpg 300w\" sizes=\"auto, (max-width: 612px) 100vw, 612px\" \/><\/a><\/p>\n<p><a href=\"https:\/\/www.hoymercedes.com.ar\/principal\/wp-content\/uploads\/2011\/11\/Foto-0003.jpg\"><img loading=\"lazy\" decoding=\"async\" data-attachment-id=\"8971\" data-permalink=\"https:\/\/www.hoymercedes.com.ar\/principal\/2011\/11\/09\/obras-en-el-barrio-san-antonio\/foto-0003\/#main\" data-orig-file=\"https:\/\/www.hoymercedes.com.ar\/principal\/wp-content\/uploads\/2011\/11\/Foto-0003.jpg\" data-orig-size=\"612,490\" data-comments-opened=\"1\" data-image-meta=\"{&quot;aperture&quot;:&quot;0&quot;,&quot;credit&quot;:&quot;&quot;,&quot;camera&quot;:&quot;SGH-F250L&quot;,&quot;caption&quot;:&quot;&quot;,&quot;created_timestamp&quot;:&quot;1167820266&quot;,&quot;copyright&quot;:&quot;&quot;,&quot;focal_length&quot;:&quot;0&quot;,&quot;iso&quot;:&quot;0&quot;,&quot;shutter_speed&quot;:&quot;0&quot;,&quot;title&quot;:&quot;&quot;}\" data-image-title=\"Foto-0003\" data-image-description=\"\" data-image-caption=\"\" data-large-file=\"https:\/\/www.hoymercedes.com.ar\/principal\/wp-content\/uploads\/2011\/11\/Foto-0003.jpg\" class=\"aligncenter size-full wp-image-8971\" title=\"Foto-0003\" src=\"https:\/\/www.hoymercedes.com.ar\/principal\/wp-content\/uploads\/2011\/11\/Foto-0003.jpg\" alt=\"\" width=\"612\" height=\"490\" srcset=\"https:\/\/www.hoymercedes.com.ar\/principal\/wp-content\/uploads\/2011\/11\/Foto-0003.jpg 612w, https:\/\/www.hoymercedes.com.ar\/principal\/wp-content\/uploads\/2011\/11\/Foto-0003-300x240.jpg 300w\" sizes=\"auto, (max-width: 612px) 100vw, 612px\" \/><\/a><\/p>\n<p>&nbsp;<\/p>\n","protected":false},"excerpt":{"rendered":"<p>La Sociedad de Fomento del barrio San Antonio, agradece al Sr. Intendente Municipal los trabajos realizados en el mismo, prometidos &#8230; <a title=\"Obras en el barrio San Antonio\" class=\"read-more\" href=\"https:\/\/www.hoymercedes.com.ar\/principal\/2011\/11\/09\/obras-en-el-barrio-san-antonio\/\" aria-label=\"Leer m\u00e1s sobre Obras en el barrio San Antonio\">Leer m\u00e1s<\/a><\/p>\n","protected":false},"author":1,"featured_media":0,"comment_status":"open","ping_status":"open","sticky":false,"template":"","format":"standard","meta":{"_monsterinsights_skip_tracking":false,"_monsterinsights_sitenote_active":false,"_monsterinsights_sitenote_note":"","_monsterinsights_sitenote_category":0,"jetpack_post_was_ever_published":false,"_jetpack_newsletter_access":"","_jetpack_dont_email_post_to_subs":false,"_jetpack_newsletter_tier_id":0,"_jetpack_memberships_contains_paywalled_content":false,"_jetpack_memberships_contains_paid_content":false,"footnotes":"","jetpack_publicize_message":"","jetpack_publicize_feature_enabled":true,"jetpack_social_post_already_shared":false,"jetpack_social_options":{"image_generator_settings":{"template":"highway","default_image_id":0,"font":"","enabled":false},"version":2},"_wpas_customize_per_network":false},"categories":[1],"tags":[1561,18],"class_list":["post-8964","post","type-post","status-publish","format-standard","hentry","category-opinion","tag-obras-en-el-barrio-san-antonio","tag-selva","generate-columns","tablet-grid-50","mobile-grid-100","grid-parent","grid-50"],"jetpack_publicize_connections":[],"jetpack_featured_media_url":"","wps_subtitle":"","jetpack_sharing_enabled":true,"_links":{"self":[{"href":"https:\/\/www.hoymercedes.com.ar\/principal\/wp-json\/wp\/v2\/posts\/8964","targetHints":{"allow":["GET"]}}],"collection":[{"href":"https:\/\/www.hoymercedes.com.ar\/principal\/wp-json\/wp\/v2\/posts"}],"about":[{"href":"https:\/\/www.hoymercedes.com.ar\/principal\/wp-json\/wp\/v2\/types\/post"}],"author":[{"embeddable":true,"href":"https:\/\/www.hoymercedes.com.ar\/principal\/wp-json\/wp\/v2\/users\/1"}],"replies":[{"embeddable":true,"href":"https:\/\/www.hoymercedes.com.ar\/principal\/wp-json\/wp\/v2\/comments?post=8964"}],"version-history":[{"count":0,"href":"https:\/\/www.hoymercedes.com.ar\/principal\/wp-json\/wp\/v2\/posts\/8964\/revisions"}],"wp:attachment":[{"href":"https:\/\/www.hoymercedes.com.ar\/principal\/wp-json\/wp\/v2\/media?parent=8964"}],"wp:term":[{"taxonomy":"category","embeddable":true,"href":"https:\/\/www.hoymercedes.com.ar\/principal\/wp-json\/wp\/v2\/categories?post=8964"},{"taxonomy":"post_tag","embeddable":true,"href":"https:\/\/www.hoymercedes.com.ar\/principal\/wp-json\/wp\/v2\/tags?post=8964"}],"curies":[{"name":"wp","href":"https:\/\/api.w.org\/{rel}","templated":true}]}}