{"id":89679,"date":"2019-03-19T09:23:59","date_gmt":"2019-03-19T12:23:59","guid":{"rendered":"http:\/\/www.hoymercedes.com.ar\/principal\/?p=89679"},"modified":"2019-03-19T09:28:41","modified_gmt":"2019-03-19T12:28:41","slug":"asfaltan-12-cuadras-en-dos-etapas","status":"publish","type":"post","link":"https:\/\/www.hoymercedes.com.ar\/principal\/2019\/03\/19\/asfaltan-12-cuadras-en-dos-etapas\/","title":{"rendered":"Asfaltan 12 cuadras en dos etapas"},"content":{"rendered":"\n<p>Por estos d\u00edas comenzaron los trabajos de pavimentaci\u00f3n en la calle 16 y 55. Son seis cuadras doble mano, en una primera etapa que permitir\u00e1 la descongesti\u00f3n de la calle 10. <\/p>\n\n\n\n<p>De acuerdo a la informaci\u00f3n brindada por el Jefe de Gabinete Mat\u00edas Dematei los trabajos de asfalto en la calle 16 llevar\u00e1 alivio a los vecinos de los barrios del oeste de la ciudad, barrios que creciendo exponencialmente en los \u00faltimos a\u00f1os. <\/p>\n\n\n\n<p>Asimismo, el funcionario explic\u00f3 que a los trabajos de pavimentaci\u00f3n se le suman el bacheo en distintos puntos de la ciudad, adem\u00e1s de realizar tareas en la calle 32 y 57, la Av. 2, trabajos de canalizaci\u00f3n en la calle 113, desde el r\u00edo hasta la Av. 40. <\/p>\n\n\n\n<figure class=\"wp-block-image\"><img loading=\"lazy\" decoding=\"async\" width=\"750\" height=\"500\" data-attachment-id=\"89680\" data-permalink=\"https:\/\/www.hoymercedes.com.ar\/principal\/2019\/03\/19\/asfaltan-12-cuadras-en-dos-etapas\/19-asfalto-4\/#main\" data-orig-file=\"https:\/\/www.hoymercedes.com.ar\/principal\/wp-content\/uploads\/2019\/03\/19-asfalto.4.jpg\" data-orig-size=\"750,500\" data-comments-opened=\"0\" data-image-meta=\"{&quot;aperture&quot;:&quot;0&quot;,&quot;credit&quot;:&quot;&quot;,&quot;camera&quot;:&quot;&quot;,&quot;caption&quot;:&quot;&quot;,&quot;created_timestamp&quot;:&quot;0&quot;,&quot;copyright&quot;:&quot;&quot;,&quot;focal_length&quot;:&quot;0&quot;,&quot;iso&quot;:&quot;0&quot;,&quot;shutter_speed&quot;:&quot;0&quot;,&quot;title&quot;:&quot;&quot;,&quot;orientation&quot;:&quot;0&quot;}\" data-image-title=\"19 asfalto.4\" data-image-description=\"\" data-image-caption=\"\" data-large-file=\"https:\/\/www.hoymercedes.com.ar\/principal\/wp-content\/uploads\/2019\/03\/19-asfalto.4.jpg\" src=\"https:\/\/www.hoymercedes.com.ar\/principal\/wp-content\/uploads\/2019\/03\/19-asfalto.4.jpg\" alt=\"\" class=\"wp-image-89680\" srcset=\"https:\/\/www.hoymercedes.com.ar\/principal\/wp-content\/uploads\/2019\/03\/19-asfalto.4.jpg 750w, https:\/\/www.hoymercedes.com.ar\/principal\/wp-content\/uploads\/2019\/03\/19-asfalto.4-150x100.jpg 150w, https:\/\/www.hoymercedes.com.ar\/principal\/wp-content\/uploads\/2019\/03\/19-asfalto.4-630x420.jpg 630w, https:\/\/www.hoymercedes.com.ar\/principal\/wp-content\/uploads\/2019\/03\/19-asfalto.4-720x480.jpg 720w, https:\/\/www.hoymercedes.com.ar\/principal\/wp-content\/uploads\/2019\/03\/19-asfalto.4-360x240.jpg 360w\" sizes=\"auto, (max-width: 750px) 100vw, 750px\" \/><\/figure>\n","protected":false},"excerpt":{"rendered":"<p>Por estos d\u00edas comenzaron los trabajos de pavimentaci\u00f3n en la calle 16 y 55. Son seis cuadras doble mano, en &#8230; <a title=\"Asfaltan 12 cuadras en dos etapas\" class=\"read-more\" href=\"https:\/\/www.hoymercedes.com.ar\/principal\/2019\/03\/19\/asfaltan-12-cuadras-en-dos-etapas\/\" aria-label=\"Leer m\u00e1s sobre Asfaltan 12 cuadras en dos etapas\">Leer m\u00e1s<\/a><\/p>\n","protected":false},"author":1,"featured_media":89680,"comment_status":"closed","ping_status":"open","sticky":false,"template":"","format":"standard","meta":{"_monsterinsights_skip_tracking":false,"_monsterinsights_sitenote_active":false,"_monsterinsights_sitenote_note":"","_monsterinsights_sitenote_category":0,"jetpack_post_was_ever_published":false,"_jetpack_newsletter_access":"","_jetpack_dont_email_post_to_subs":false,"_jetpack_newsletter_tier_id":0,"_jetpack_memberships_contains_paywalled_content":false,"_jetpack_memberships_contains_paid_content":false,"footnotes":"","jetpack_publicize_message":"","jetpack_publicize_feature_enabled":true,"jetpack_social_post_already_shared":true,"jetpack_social_options":{"image_generator_settings":{"template":"highway","default_image_id":0,"font":"","enabled":false},"version":2},"_wpas_customize_per_network":false},"categories":[5485,30],"tags":[340,244],"class_list":["post-89679","post","type-post","status-publish","format-standard","has-post-thumbnail","hentry","category-comunidad","category-municipio","tag-asfalto","tag-municipio-2","generate-columns","tablet-grid-50","mobile-grid-100","grid-parent","grid-50"],"jetpack_publicize_connections":[],"jetpack_featured_media_url":"https:\/\/www.hoymercedes.com.ar\/principal\/wp-content\/uploads\/2019\/03\/19-asfalto.4.jpg","wps_subtitle":"","jetpack_sharing_enabled":true,"_links":{"self":[{"href":"https:\/\/www.hoymercedes.com.ar\/principal\/wp-json\/wp\/v2\/posts\/89679","targetHints":{"allow":["GET"]}}],"collection":[{"href":"https:\/\/www.hoymercedes.com.ar\/principal\/wp-json\/wp\/v2\/posts"}],"about":[{"href":"https:\/\/www.hoymercedes.com.ar\/principal\/wp-json\/wp\/v2\/types\/post"}],"author":[{"embeddable":true,"href":"https:\/\/www.hoymercedes.com.ar\/principal\/wp-json\/wp\/v2\/users\/1"}],"replies":[{"embeddable":true,"href":"https:\/\/www.hoymercedes.com.ar\/principal\/wp-json\/wp\/v2\/comments?post=89679"}],"version-history":[{"count":0,"href":"https:\/\/www.hoymercedes.com.ar\/principal\/wp-json\/wp\/v2\/posts\/89679\/revisions"}],"wp:featuredmedia":[{"embeddable":true,"href":"https:\/\/www.hoymercedes.com.ar\/principal\/wp-json\/wp\/v2\/media\/89680"}],"wp:attachment":[{"href":"https:\/\/www.hoymercedes.com.ar\/principal\/wp-json\/wp\/v2\/media?parent=89679"}],"wp:term":[{"taxonomy":"category","embeddable":true,"href":"https:\/\/www.hoymercedes.com.ar\/principal\/wp-json\/wp\/v2\/categories?post=89679"},{"taxonomy":"post_tag","embeddable":true,"href":"https:\/\/www.hoymercedes.com.ar\/principal\/wp-json\/wp\/v2\/tags?post=89679"}],"curies":[{"name":"wp","href":"https:\/\/api.w.org\/{rel}","templated":true}]}}