{"id":89688,"date":"2019-03-19T11:12:29","date_gmt":"2019-03-19T14:12:29","guid":{"rendered":"http:\/\/www.hoymercedes.com.ar\/principal\/?p=89688"},"modified":"2019-03-18T21:58:46","modified_gmt":"2019-03-19T00:58:46","slug":"pabellon-de-marcos-paz-goleo-y-esta-en-cuartos-en-el-federacion-norte","status":"publish","type":"post","link":"https:\/\/www.hoymercedes.com.ar\/principal\/2019\/03\/19\/pabellon-de-marcos-paz-goleo-y-esta-en-cuartos-en-el-federacion-norte\/","title":{"rendered":"Pabell\u00f3n de Marcos Paz gole\u00f3 y est\u00e1 en cuartos en el Federaci\u00f3n Norte"},"content":{"rendered":"\n<p>Luego de haber vencido en la ida por 1 a 0 a Defensores de La Esperanza de Campana, como local termin\u00f3 derrotando 4 a 0 y pas\u00f3 a cuartos de final del certamen organizado por la Federaci\u00f3n Norte de F\u00fatbol de Buenos Aires. Los goles los marcaron Juan Paulerena, Bernardo Paulerena y Juan Barandarian en dos veces para los de Juan Achucarro.<\/p>\n\n\n\n<figure class=\"wp-block-image\"><img loading=\"lazy\" decoding=\"async\" width=\"576\" height=\"1024\" data-attachment-id=\"89689\" data-permalink=\"https:\/\/www.hoymercedes.com.ar\/principal\/2019\/03\/19\/pabellon-de-marcos-paz-goleo-y-esta-en-cuartos-en-el-federacion-norte\/whatsapp-image-2019-03-18-at-21-47-26\/#main\" data-orig-file=\"https:\/\/www.hoymercedes.com.ar\/principal\/wp-content\/uploads\/2019\/03\/WhatsApp-Image-2019-03-18-at-21.47.26.jpeg\" data-orig-size=\"720,1280\" data-comments-opened=\"0\" data-image-meta=\"{&quot;aperture&quot;:&quot;0&quot;,&quot;credit&quot;:&quot;&quot;,&quot;camera&quot;:&quot;&quot;,&quot;caption&quot;:&quot;&quot;,&quot;created_timestamp&quot;:&quot;0&quot;,&quot;copyright&quot;:&quot;&quot;,&quot;focal_length&quot;:&quot;0&quot;,&quot;iso&quot;:&quot;0&quot;,&quot;shutter_speed&quot;:&quot;0&quot;,&quot;title&quot;:&quot;&quot;,&quot;orientation&quot;:&quot;0&quot;}\" data-image-title=\"WhatsApp Image 2019-03-18 at 21.47.26\" data-image-description=\"\" data-image-caption=\"\" data-large-file=\"https:\/\/www.hoymercedes.com.ar\/principal\/wp-content\/uploads\/2019\/03\/WhatsApp-Image-2019-03-18-at-21.47.26-576x1024.jpeg\" src=\"https:\/\/www.hoymercedes.com.ar\/principal\/wp-content\/uploads\/2019\/03\/WhatsApp-Image-2019-03-18-at-21.47.26-576x1024.jpeg\" alt=\"\" class=\"wp-image-89689\" srcset=\"https:\/\/www.hoymercedes.com.ar\/principal\/wp-content\/uploads\/2019\/03\/WhatsApp-Image-2019-03-18-at-21.47.26-576x1024.jpeg 576w, https:\/\/www.hoymercedes.com.ar\/principal\/wp-content\/uploads\/2019\/03\/WhatsApp-Image-2019-03-18-at-21.47.26-84x150.jpeg 84w, https:\/\/www.hoymercedes.com.ar\/principal\/wp-content\/uploads\/2019\/03\/WhatsApp-Image-2019-03-18-at-21.47.26-349x620.jpeg 349w, https:\/\/www.hoymercedes.com.ar\/principal\/wp-content\/uploads\/2019\/03\/WhatsApp-Image-2019-03-18-at-21.47.26.jpeg 720w\" sizes=\"auto, (max-width: 576px) 100vw, 576px\" \/><\/figure>\n\n\n\n<p>Ahora deber\u00e1n medirse con ATILRA de la Liga de Luj\u00e1n, equipo al que lo enfrent\u00f3 en el grupo y en el partido que se jug\u00f3 en cancha de la Liga lo gole\u00f3 y en el jugado en Marcos Paz, empat\u00f3 1 a 1.<\/p>\n\n\n\n<p><strong>Los otros resultados<\/strong><\/p>\n\n\n\n<p>River (Chacabuco) 2 &#8211; ATILRA (2)<\/p>\n\n\n\n<p>Sarmiento (Z\u00e1rate) 4 &#8211; Real San Jacinto (Campana) 1<\/p>\n\n\n\n<p>Las Palmeras (San Pedro) 5 &#8211; Pilar Unidos (Z\u00e1rate) 2<\/p>\n\n\n\n<p>Belgrano (Z\u00e1rate) 0 &#8211; La Josefa (Z\u00e1rate) 2<\/p>\n\n\n\n<p>Universitario (Z\u00e1rate) 1 &#8211; La Sonia (Escobar) 4<\/p>\n\n\n\n<p>12 de Octubre (San Nicol\u00e1s) 5 &#8211; Obras Sanitarias (Arrecifes) 3<\/p>\n\n\n\n<p>Social Obrero (Z\u00e1rate) Vs. Don Orione (Z\u00e1rate) &#8211; Suspendido por falta de m\u00e9dico.<\/p>\n\n\n\n<p><\/p>\n\n\n\n<p><strong>Cuartos de final<\/strong><\/p>\n\n\n\n<p>Socila Obrero Vs. La Sonia<\/p>\n\n\n\n<p>12 de Octubre Vs. Sarmiento<\/p>\n\n\n\n<p>ATILRA Vs. Pabell\u00f3n<\/p>\n\n\n\n<p>La Josefa Vs. Las Palmeras<br><\/p>\n","protected":false},"excerpt":{"rendered":"<p>Luego de haber vencido en la ida por 1 a 0 a Defensores de La Esperanza de Campana, como local &#8230; <a title=\"Pabell\u00f3n de Marcos Paz gole\u00f3 y est\u00e1 en cuartos en el Federaci\u00f3n Norte\" class=\"read-more\" href=\"https:\/\/www.hoymercedes.com.ar\/principal\/2019\/03\/19\/pabellon-de-marcos-paz-goleo-y-esta-en-cuartos-en-el-federacion-norte\/\" aria-label=\"Leer m\u00e1s sobre Pabell\u00f3n de Marcos Paz gole\u00f3 y est\u00e1 en cuartos en el Federaci\u00f3n Norte\">Leer m\u00e1s<\/a><\/p>\n","protected":false},"author":1,"featured_media":89689,"comment_status":"closed","ping_status":"open","sticky":false,"template":"","format":"standard","meta":{"_monsterinsights_skip_tracking":false,"_monsterinsights_sitenote_active":false,"_monsterinsights_sitenote_note":"","_monsterinsights_sitenote_category":0,"jetpack_post_was_ever_published":false,"_jetpack_newsletter_access":"","_jetpack_dont_email_post_to_subs":false,"_jetpack_newsletter_tier_id":0,"_jetpack_memberships_contains_paywalled_content":false,"_jetpack_memberships_contains_paid_content":false,"footnotes":"","jetpack_publicize_message":"","jetpack_publicize_feature_enabled":true,"jetpack_social_post_already_shared":true,"jetpack_social_options":{"image_generator_settings":{"template":"highway","default_image_id":0,"font":"","enabled":false},"version":2},"_wpas_customize_per_network":false},"categories":[21],"tags":[14615,14466],"class_list":["post-89688","post","type-post","status-publish","format-standard","has-post-thumbnail","hentry","category-deportes","tag-federacion-norte-2","tag-pabellon-marcos-paz-2","generate-columns","tablet-grid-50","mobile-grid-100","grid-parent","grid-50"],"jetpack_publicize_connections":[],"jetpack_featured_media_url":"https:\/\/www.hoymercedes.com.ar\/principal\/wp-content\/uploads\/2019\/03\/WhatsApp-Image-2019-03-18-at-21.47.26.jpeg","wps_subtitle":"","jetpack_sharing_enabled":true,"_links":{"self":[{"href":"https:\/\/www.hoymercedes.com.ar\/principal\/wp-json\/wp\/v2\/posts\/89688","targetHints":{"allow":["GET"]}}],"collection":[{"href":"https:\/\/www.hoymercedes.com.ar\/principal\/wp-json\/wp\/v2\/posts"}],"about":[{"href":"https:\/\/www.hoymercedes.com.ar\/principal\/wp-json\/wp\/v2\/types\/post"}],"author":[{"embeddable":true,"href":"https:\/\/www.hoymercedes.com.ar\/principal\/wp-json\/wp\/v2\/users\/1"}],"replies":[{"embeddable":true,"href":"https:\/\/www.hoymercedes.com.ar\/principal\/wp-json\/wp\/v2\/comments?post=89688"}],"version-history":[{"count":0,"href":"https:\/\/www.hoymercedes.com.ar\/principal\/wp-json\/wp\/v2\/posts\/89688\/revisions"}],"wp:featuredmedia":[{"embeddable":true,"href":"https:\/\/www.hoymercedes.com.ar\/principal\/wp-json\/wp\/v2\/media\/89689"}],"wp:attachment":[{"href":"https:\/\/www.hoymercedes.com.ar\/principal\/wp-json\/wp\/v2\/media?parent=89688"}],"wp:term":[{"taxonomy":"category","embeddable":true,"href":"https:\/\/www.hoymercedes.com.ar\/principal\/wp-json\/wp\/v2\/categories?post=89688"},{"taxonomy":"post_tag","embeddable":true,"href":"https:\/\/www.hoymercedes.com.ar\/principal\/wp-json\/wp\/v2\/tags?post=89688"}],"curies":[{"name":"wp","href":"https:\/\/api.w.org\/{rel}","templated":true}]}}