{"id":89691,"date":"2019-03-19T10:29:10","date_gmt":"2019-03-19T13:29:10","guid":{"rendered":"http:\/\/www.hoymercedes.com.ar\/principal\/?p=89691"},"modified":"2019-03-19T09:54:16","modified_gmt":"2019-03-19T12:54:16","slug":"la-cem-formara-la-comision-de-mujeres-empresarias-mercedinas","status":"publish","type":"post","link":"https:\/\/www.hoymercedes.com.ar\/principal\/2019\/03\/19\/la-cem-formara-la-comision-de-mujeres-empresarias-mercedinas\/","title":{"rendered":"La CEM formar\u00e1 la Comisi\u00f3n de Mujeres Empresarias Mercedinas"},"content":{"rendered":"\n<p>En el marco del mes de la mujer, la C\u00e1mara Econ\u00f3mica Mercedina (CEM) inaugura la Comisi\u00f3n de Mujeres Empresarias Mercedinas de la mano de la socia y empresaria de nuestra ciudad, la Lic. Natalia Facciolo que, acompa\u00f1ada por el equipo Directivo de la CEM, bajo la gerencia de Ariel Pietrucha, busca generar un espacio de reuni\u00f3n estrat\u00e9gica, capacitaci\u00f3n y facilitador del desarrollo econ\u00f3mico, especializado y enfocado en las mujeres.\u00a0 <\/p>\n\n\n\n<p>El evento de inauguraci\u00f3n, ser\u00e1\nel 27 de marzo a las 19.30 en la sede de la CEM donde se presentar\u00e1 la Comisi\u00f3n\nde Mujeres y se brindar\u00e1 homenaje a una mujer empresaria mercedina. Este\nimportante evento, ser\u00e1 el inicio de una serie de acontecimientos que se\nrealizar\u00e1n todos los meses que variar\u00e1n entre charlas, seminarios y cursos. <\/p>\n\n\n\n<p>\u201cLa Comisi\u00f3n de Mujeres Empresarias surge como respuesta a una visi\u00f3n que tanto CAME como FEBA vienen desarrollando hace a\u00f1os y, como respuesta, a una realidad actual que nuestra sociedad est\u00e1 manifestando\u201d, \u00a0explica Ariel Pietrucha, Gerente de la CEM. <\/p>\n\n\n\n<p>\u201cCreemos que este 27 ser\u00e1 el comienzo de algo importante para las mujeres mercedinas. No s\u00f3lo para aquellas que ya est\u00e1n desarrollando un negocio sino para todas aquellas que sue\u00f1an y proyectan hacerlo\u201d, agrega Natalia Facciolo, quien asegura que \u201cla CEM nos est\u00e1 brindando un espacio donde podemos empoderarnos mediante la capacitaci\u00f3n y la uni\u00f3n estrat\u00e9gica. Creo que es una oportunidad que no nos podemos perder\u201d.<\/p>\n\n\n\n<p>El programa de este 27 de marzo\ncomienza con un refrigerio a las 19.30, continuar\u00e1 con la presentaci\u00f3n de la\nnueva comisi\u00f3n y finalizar\u00e1 con el testimonio y reconocimiento a la Lic. Norma\nRonanduano, due\u00f1a del Centro Bienestar, quien nos contar\u00e1 su historia de\ndesarrollo profesional.<\/p>\n\n\n\n<p><\/p>\n","protected":false},"excerpt":{"rendered":"<p>En el marco del mes de la mujer, la C\u00e1mara Econ\u00f3mica Mercedina (CEM) inaugura la Comisi\u00f3n de Mujeres Empresarias Mercedinas &#8230; <a title=\"La CEM formar\u00e1 la Comisi\u00f3n de Mujeres Empresarias Mercedinas\" class=\"read-more\" href=\"https:\/\/www.hoymercedes.com.ar\/principal\/2019\/03\/19\/la-cem-formara-la-comision-de-mujeres-empresarias-mercedinas\/\" aria-label=\"Leer m\u00e1s sobre La CEM formar\u00e1 la Comisi\u00f3n de Mujeres Empresarias Mercedinas\">Leer m\u00e1s<\/a><\/p>\n","protected":false},"author":1,"featured_media":89692,"comment_status":"closed","ping_status":"open","sticky":false,"template":"","format":"standard","meta":{"_monsterinsights_skip_tracking":false,"_monsterinsights_sitenote_active":false,"_monsterinsights_sitenote_note":"","_monsterinsights_sitenote_category":0,"jetpack_post_was_ever_published":false,"_jetpack_newsletter_access":"","_jetpack_dont_email_post_to_subs":false,"_jetpack_newsletter_tier_id":0,"_jetpack_memberships_contains_paywalled_content":false,"_jetpack_memberships_contains_paid_content":false,"footnotes":"","jetpack_publicize_message":"","jetpack_publicize_feature_enabled":true,"jetpack_social_post_already_shared":true,"jetpack_social_options":{"image_generator_settings":{"template":"highway","default_image_id":0,"font":"","enabled":false},"version":2},"_wpas_customize_per_network":false},"categories":[8],"tags":[682,14637],"class_list":["post-89691","post","type-post","status-publish","format-standard","has-post-thumbnail","hentry","category-sociedad","tag-cem","tag-comision-de-mujeres-empresarias-mercedinas","generate-columns","tablet-grid-50","mobile-grid-100","grid-parent","grid-50"],"jetpack_publicize_connections":[],"jetpack_featured_media_url":"https:\/\/www.hoymercedes.com.ar\/principal\/wp-content\/uploads\/2019\/03\/19-mujeres-Invitacion.jpg","wps_subtitle":"Mi\u00e9rcoles 27 de marzo","jetpack_sharing_enabled":true,"_links":{"self":[{"href":"https:\/\/www.hoymercedes.com.ar\/principal\/wp-json\/wp\/v2\/posts\/89691","targetHints":{"allow":["GET"]}}],"collection":[{"href":"https:\/\/www.hoymercedes.com.ar\/principal\/wp-json\/wp\/v2\/posts"}],"about":[{"href":"https:\/\/www.hoymercedes.com.ar\/principal\/wp-json\/wp\/v2\/types\/post"}],"author":[{"embeddable":true,"href":"https:\/\/www.hoymercedes.com.ar\/principal\/wp-json\/wp\/v2\/users\/1"}],"replies":[{"embeddable":true,"href":"https:\/\/www.hoymercedes.com.ar\/principal\/wp-json\/wp\/v2\/comments?post=89691"}],"version-history":[{"count":0,"href":"https:\/\/www.hoymercedes.com.ar\/principal\/wp-json\/wp\/v2\/posts\/89691\/revisions"}],"wp:featuredmedia":[{"embeddable":true,"href":"https:\/\/www.hoymercedes.com.ar\/principal\/wp-json\/wp\/v2\/media\/89692"}],"wp:attachment":[{"href":"https:\/\/www.hoymercedes.com.ar\/principal\/wp-json\/wp\/v2\/media?parent=89691"}],"wp:term":[{"taxonomy":"category","embeddable":true,"href":"https:\/\/www.hoymercedes.com.ar\/principal\/wp-json\/wp\/v2\/categories?post=89691"},{"taxonomy":"post_tag","embeddable":true,"href":"https:\/\/www.hoymercedes.com.ar\/principal\/wp-json\/wp\/v2\/tags?post=89691"}],"curies":[{"name":"wp","href":"https:\/\/api.w.org\/{rel}","templated":true}]}}