{"id":89694,"date":"2019-03-19T12:10:57","date_gmt":"2019-03-19T15:10:57","guid":{"rendered":"http:\/\/www.hoymercedes.com.ar\/principal\/?p=89694"},"modified":"2019-03-19T10:11:37","modified_gmt":"2019-03-19T13:11:37","slug":"jornada-de-limpieza-en-el-zanjon-de-la-calle-15","status":"publish","type":"post","link":"https:\/\/www.hoymercedes.com.ar\/principal\/2019\/03\/19\/jornada-de-limpieza-en-el-zanjon-de-la-calle-15\/","title":{"rendered":"Jornada de limpieza en el zanjon de la calle 15"},"content":{"rendered":"\n<p>Dentro del Programa Piloto de Fitorremediacion, en la tarde del lunes el \u00e1rea de ambiente de la Municipalidad de Mercedes realiz\u00f3 trabajos de limpieza en el zanjon de la calle 15 pasando la calle 54. <\/p>\n\n\n\n<figure class=\"wp-block-image\"><img loading=\"lazy\" decoding=\"async\" width=\"750\" height=\"499\" data-attachment-id=\"89698\" data-permalink=\"https:\/\/www.hoymercedes.com.ar\/principal\/2019\/03\/19\/jornada-de-limpieza-en-el-zanjon-de-la-calle-15\/19-limpieza-zanjon-2\/#main\" data-orig-file=\"https:\/\/www.hoymercedes.com.ar\/principal\/wp-content\/uploads\/2019\/03\/19-limpieza-zanjon-2.jpg\" data-orig-size=\"750,499\" data-comments-opened=\"0\" data-image-meta=\"{&quot;aperture&quot;:&quot;0&quot;,&quot;credit&quot;:&quot;&quot;,&quot;camera&quot;:&quot;&quot;,&quot;caption&quot;:&quot;&quot;,&quot;created_timestamp&quot;:&quot;0&quot;,&quot;copyright&quot;:&quot;&quot;,&quot;focal_length&quot;:&quot;0&quot;,&quot;iso&quot;:&quot;0&quot;,&quot;shutter_speed&quot;:&quot;0&quot;,&quot;title&quot;:&quot;&quot;,&quot;orientation&quot;:&quot;0&quot;}\" data-image-title=\"19 limpieza zanjon 2\" data-image-description=\"\" data-image-caption=\"\" data-large-file=\"https:\/\/www.hoymercedes.com.ar\/principal\/wp-content\/uploads\/2019\/03\/19-limpieza-zanjon-2.jpg\" src=\"https:\/\/www.hoymercedes.com.ar\/principal\/wp-content\/uploads\/2019\/03\/19-limpieza-zanjon-2.jpg\" alt=\"\" class=\"wp-image-89698\" srcset=\"https:\/\/www.hoymercedes.com.ar\/principal\/wp-content\/uploads\/2019\/03\/19-limpieza-zanjon-2.jpg 750w, https:\/\/www.hoymercedes.com.ar\/principal\/wp-content\/uploads\/2019\/03\/19-limpieza-zanjon-2-150x100.jpg 150w, https:\/\/www.hoymercedes.com.ar\/principal\/wp-content\/uploads\/2019\/03\/19-limpieza-zanjon-2-630x419.jpg 630w, https:\/\/www.hoymercedes.com.ar\/principal\/wp-content\/uploads\/2019\/03\/19-limpieza-zanjon-2-720x480.jpg 720w, https:\/\/www.hoymercedes.com.ar\/principal\/wp-content\/uploads\/2019\/03\/19-limpieza-zanjon-2-360x240.jpg 360w\" sizes=\"auto, (max-width: 750px) 100vw, 750px\" \/><\/figure>\n\n\n\n<p>Junto a trabajadores de Servicios P\u00fablicos y del Vivero Municipal, pudieron sacarse diferente tipos de residuos y desechos como cuadros de bicicletas, motos, y un inodoro. <\/p>\n\n\n\n<p>\u00abHacemos un llamado de atenci\u00f3n a las personas que tiran cualquier cosa en la v\u00eda publica. Sacamos m\u00e1s de 20 matafuegos, arrojados todos en el mismo lugar, una mezcla de desidia y malicia de las personas que lo hicieron\u00bb, contaron desde el \u00e1rea de ambiente. <\/p>\n\n\n\n<p>Agregaron que \u00aben breve estaremos colocando las plantas vetiverias y los arboles nativos, buscando recuperar el ecosistema y mejorar la calidad de vida\u00bb. <\/p>\n\n\n\n<figure class=\"wp-block-image\"><img loading=\"lazy\" decoding=\"async\" width=\"720\" height=\"960\" data-attachment-id=\"89697\" data-permalink=\"https:\/\/www.hoymercedes.com.ar\/principal\/2019\/03\/19\/jornada-de-limpieza-en-el-zanjon-de-la-calle-15\/19-limpieza-zanjon-1\/#main\" data-orig-file=\"https:\/\/www.hoymercedes.com.ar\/principal\/wp-content\/uploads\/2019\/03\/19-limpieza-zanjon-1.jpg\" data-orig-size=\"720,960\" data-comments-opened=\"0\" data-image-meta=\"{&quot;aperture&quot;:&quot;0&quot;,&quot;credit&quot;:&quot;&quot;,&quot;camera&quot;:&quot;&quot;,&quot;caption&quot;:&quot;&quot;,&quot;created_timestamp&quot;:&quot;0&quot;,&quot;copyright&quot;:&quot;&quot;,&quot;focal_length&quot;:&quot;0&quot;,&quot;iso&quot;:&quot;0&quot;,&quot;shutter_speed&quot;:&quot;0&quot;,&quot;title&quot;:&quot;&quot;,&quot;orientation&quot;:&quot;0&quot;}\" data-image-title=\"19 limpieza zanjon 1\" data-image-description=\"\" data-image-caption=\"\" data-large-file=\"https:\/\/www.hoymercedes.com.ar\/principal\/wp-content\/uploads\/2019\/03\/19-limpieza-zanjon-1.jpg\" src=\"https:\/\/www.hoymercedes.com.ar\/principal\/wp-content\/uploads\/2019\/03\/19-limpieza-zanjon-1.jpg\" alt=\"\" class=\"wp-image-89697\" srcset=\"https:\/\/www.hoymercedes.com.ar\/principal\/wp-content\/uploads\/2019\/03\/19-limpieza-zanjon-1.jpg 720w, https:\/\/www.hoymercedes.com.ar\/principal\/wp-content\/uploads\/2019\/03\/19-limpieza-zanjon-1-113x150.jpg 113w, https:\/\/www.hoymercedes.com.ar\/principal\/wp-content\/uploads\/2019\/03\/19-limpieza-zanjon-1-465x620.jpg 465w\" sizes=\"auto, (max-width: 720px) 100vw, 720px\" \/><\/figure>\n","protected":false},"excerpt":{"rendered":"<p>Dentro del Programa Piloto de Fitorremediacion, en la tarde del lunes el \u00e1rea de ambiente de la Municipalidad de Mercedes &#8230; <a title=\"Jornada de limpieza en el zanjon de la calle 15\" class=\"read-more\" href=\"https:\/\/www.hoymercedes.com.ar\/principal\/2019\/03\/19\/jornada-de-limpieza-en-el-zanjon-de-la-calle-15\/\" aria-label=\"Leer m\u00e1s sobre Jornada de limpieza en el zanjon de la calle 15\">Leer m\u00e1s<\/a><\/p>\n","protected":false},"author":1,"featured_media":89697,"comment_status":"closed","ping_status":"open","sticky":false,"template":"","format":"standard","meta":{"_monsterinsights_skip_tracking":false,"_monsterinsights_sitenote_active":false,"_monsterinsights_sitenote_note":"","_monsterinsights_sitenote_category":0,"jetpack_post_was_ever_published":false,"_jetpack_newsletter_access":"","_jetpack_dont_email_post_to_subs":false,"_jetpack_newsletter_tier_id":0,"_jetpack_memberships_contains_paywalled_content":false,"_jetpack_memberships_contains_paid_content":false,"footnotes":"","jetpack_publicize_message":"","jetpack_publicize_feature_enabled":true,"jetpack_social_post_already_shared":true,"jetpack_social_options":{"image_generator_settings":{"template":"highway","default_image_id":0,"font":"","enabled":false},"version":2},"_wpas_customize_per_network":false},"categories":[30],"tags":[9001,14638],"class_list":["post-89694","post","type-post","status-publish","format-standard","has-post-thumbnail","hentry","category-municipio","tag-ambiente","tag-limpieza-zanjon","generate-columns","tablet-grid-50","mobile-grid-100","grid-parent","grid-50"],"jetpack_publicize_connections":[],"jetpack_featured_media_url":"https:\/\/www.hoymercedes.com.ar\/principal\/wp-content\/uploads\/2019\/03\/19-limpieza-zanjon-1.jpg","wps_subtitle":"","jetpack_sharing_enabled":true,"_links":{"self":[{"href":"https:\/\/www.hoymercedes.com.ar\/principal\/wp-json\/wp\/v2\/posts\/89694","targetHints":{"allow":["GET"]}}],"collection":[{"href":"https:\/\/www.hoymercedes.com.ar\/principal\/wp-json\/wp\/v2\/posts"}],"about":[{"href":"https:\/\/www.hoymercedes.com.ar\/principal\/wp-json\/wp\/v2\/types\/post"}],"author":[{"embeddable":true,"href":"https:\/\/www.hoymercedes.com.ar\/principal\/wp-json\/wp\/v2\/users\/1"}],"replies":[{"embeddable":true,"href":"https:\/\/www.hoymercedes.com.ar\/principal\/wp-json\/wp\/v2\/comments?post=89694"}],"version-history":[{"count":0,"href":"https:\/\/www.hoymercedes.com.ar\/principal\/wp-json\/wp\/v2\/posts\/89694\/revisions"}],"wp:featuredmedia":[{"embeddable":true,"href":"https:\/\/www.hoymercedes.com.ar\/principal\/wp-json\/wp\/v2\/media\/89697"}],"wp:attachment":[{"href":"https:\/\/www.hoymercedes.com.ar\/principal\/wp-json\/wp\/v2\/media?parent=89694"}],"wp:term":[{"taxonomy":"category","embeddable":true,"href":"https:\/\/www.hoymercedes.com.ar\/principal\/wp-json\/wp\/v2\/categories?post=89694"},{"taxonomy":"post_tag","embeddable":true,"href":"https:\/\/www.hoymercedes.com.ar\/principal\/wp-json\/wp\/v2\/tags?post=89694"}],"curies":[{"name":"wp","href":"https:\/\/api.w.org\/{rel}","templated":true}]}}