{"id":89703,"date":"2019-03-19T15:03:08","date_gmt":"2019-03-19T18:03:08","guid":{"rendered":"http:\/\/www.hoymercedes.com.ar\/principal\/?p=89703"},"modified":"2019-03-19T16:49:27","modified_gmt":"2019-03-19T19:49:27","slug":"allanamientos-por-estupefacientes-en-mercedes-y-lujan","status":"publish","type":"post","link":"https:\/\/www.hoymercedes.com.ar\/principal\/2019\/03\/19\/allanamientos-por-estupefacientes-en-mercedes-y-lujan\/","title":{"rendered":"Allanamientos por estupefacientes en Mercedes y Luj\u00e1n"},"content":{"rendered":"\n<p>El pasado lunes se llev\u00f3 adelante dos allanamientos en las localidades de Mercedes y Luj\u00e1n. Se detuvo a dos hombres por encontrar en su haber estupefacientes y cantidades de dineros producto de la comercializaci\u00f3n de coca\u00edna y marihuana. Los allanamientos fueron realizados por el personal de la Delegaci\u00f3n Mercedes Delitos Federal y Complejos de la Polic\u00eda Federal. <\/p>\n\n\n\n<figure class=\"wp-block-image\"><img loading=\"lazy\" decoding=\"async\" width=\"750\" height=\"500\" data-attachment-id=\"89705\" data-permalink=\"https:\/\/www.hoymercedes.com.ar\/principal\/2019\/03\/19\/allanamientos-por-estupefacientes-en-mercedes-y-lujan\/19-policia-federal-2\/#main\" data-orig-file=\"https:\/\/www.hoymercedes.com.ar\/principal\/wp-content\/uploads\/2019\/03\/19-policia-federal-2.jpeg\" data-orig-size=\"750,500\" data-comments-opened=\"0\" data-image-meta=\"{&quot;aperture&quot;:&quot;0&quot;,&quot;credit&quot;:&quot;&quot;,&quot;camera&quot;:&quot;&quot;,&quot;caption&quot;:&quot;&quot;,&quot;created_timestamp&quot;:&quot;0&quot;,&quot;copyright&quot;:&quot;&quot;,&quot;focal_length&quot;:&quot;0&quot;,&quot;iso&quot;:&quot;0&quot;,&quot;shutter_speed&quot;:&quot;0&quot;,&quot;title&quot;:&quot;&quot;,&quot;orientation&quot;:&quot;0&quot;}\" data-image-title=\"19 policia federal 2\" data-image-description=\"\" data-image-caption=\"\" data-large-file=\"https:\/\/www.hoymercedes.com.ar\/principal\/wp-content\/uploads\/2019\/03\/19-policia-federal-2.jpeg\" src=\"https:\/\/www.hoymercedes.com.ar\/principal\/wp-content\/uploads\/2019\/03\/19-policia-federal-2.jpeg\" alt=\"\" class=\"wp-image-89705\" srcset=\"https:\/\/www.hoymercedes.com.ar\/principal\/wp-content\/uploads\/2019\/03\/19-policia-federal-2.jpeg 750w, https:\/\/www.hoymercedes.com.ar\/principal\/wp-content\/uploads\/2019\/03\/19-policia-federal-2-150x100.jpeg 150w, https:\/\/www.hoymercedes.com.ar\/principal\/wp-content\/uploads\/2019\/03\/19-policia-federal-2-630x420.jpeg 630w, https:\/\/www.hoymercedes.com.ar\/principal\/wp-content\/uploads\/2019\/03\/19-policia-federal-2-720x480.jpeg 720w, https:\/\/www.hoymercedes.com.ar\/principal\/wp-content\/uploads\/2019\/03\/19-policia-federal-2-360x240.jpeg 360w\" sizes=\"auto, (max-width: 750px) 100vw, 750px\" \/><\/figure>\n\n\n\n<p>En la noche del lunes pasado, se procedi\u00f3 a la investigaci\u00f3n por la infracci\u00f3n a la ley 23.737. El personal interventor, desde hac\u00eda quince d\u00edas que realizaba tareas investigativas sobre los domicilios, por presunta comercializaci\u00f3n de estupefacientes, aportando vistas fotogr\u00e1ficas y filmaciones a la Judicatura.<\/p>\n\n\n\n<p>Con todo lo actuado, el Fiscal actuante dispuso que el personal interventor proceda a la aprehensi\u00f3n de un comprador previo de dicho material con el objetivo que ese procedimiento sea la punta inicial para otorgar el allanamiento de las viviendas investigadas.<\/p>\n\n\n\n<p>Se procedi\u00f3 a allanar dos domicilios, uno en la localidad de Lujan y otro en la localidad de Mercedes, procediendo a la detenci\u00f3n de dos varones mayores de edad al secuestro de una importante cantidad de coca\u00edna y \u00a0de marihuana, m\u00e1s dinero en efectivo producto de la comercializaci\u00f3n.<\/p>\n\n\n\n<p>Intervino la Fiscal\u00eda Especializada de Estupefacientes a cargo del Dr. Gabriel Courtade, del Departamento Judicial de Mercedes caratulado \u201cInfracci\u00f3n LEY 23.737\u201d.<\/p>\n\n\n\n<figure class=\"wp-block-image\"><img loading=\"lazy\" decoding=\"async\" width=\"701\" height=\"750\" data-attachment-id=\"89704\" data-permalink=\"https:\/\/www.hoymercedes.com.ar\/principal\/2019\/03\/19\/allanamientos-por-estupefacientes-en-mercedes-y-lujan\/19-policia-federal-1\/#main\" data-orig-file=\"https:\/\/www.hoymercedes.com.ar\/principal\/wp-content\/uploads\/2019\/03\/19-policia-federal-1.jpeg\" data-orig-size=\"701,750\" data-comments-opened=\"0\" data-image-meta=\"{&quot;aperture&quot;:&quot;0&quot;,&quot;credit&quot;:&quot;&quot;,&quot;camera&quot;:&quot;&quot;,&quot;caption&quot;:&quot;&quot;,&quot;created_timestamp&quot;:&quot;0&quot;,&quot;copyright&quot;:&quot;&quot;,&quot;focal_length&quot;:&quot;0&quot;,&quot;iso&quot;:&quot;0&quot;,&quot;shutter_speed&quot;:&quot;0&quot;,&quot;title&quot;:&quot;&quot;,&quot;orientation&quot;:&quot;0&quot;}\" data-image-title=\"19 policia federal 1\" data-image-description=\"\" data-image-caption=\"\" data-large-file=\"https:\/\/www.hoymercedes.com.ar\/principal\/wp-content\/uploads\/2019\/03\/19-policia-federal-1.jpeg\" src=\"https:\/\/www.hoymercedes.com.ar\/principal\/wp-content\/uploads\/2019\/03\/19-policia-federal-1.jpeg\" alt=\"\" class=\"wp-image-89704\" srcset=\"https:\/\/www.hoymercedes.com.ar\/principal\/wp-content\/uploads\/2019\/03\/19-policia-federal-1.jpeg 701w, https:\/\/www.hoymercedes.com.ar\/principal\/wp-content\/uploads\/2019\/03\/19-policia-federal-1-140x150.jpeg 140w, https:\/\/www.hoymercedes.com.ar\/principal\/wp-content\/uploads\/2019\/03\/19-policia-federal-1-579x620.jpeg 579w\" sizes=\"auto, (max-width: 701px) 100vw, 701px\" \/><\/figure>\n","protected":false},"excerpt":{"rendered":"<p>El pasado lunes se llev\u00f3 adelante dos allanamientos en las localidades de Mercedes y Luj\u00e1n. Se detuvo a dos hombres &#8230; <a title=\"Allanamientos por estupefacientes en Mercedes y Luj\u00e1n\" class=\"read-more\" href=\"https:\/\/www.hoymercedes.com.ar\/principal\/2019\/03\/19\/allanamientos-por-estupefacientes-en-mercedes-y-lujan\/\" aria-label=\"Leer m\u00e1s sobre Allanamientos por estupefacientes en Mercedes y Luj\u00e1n\">Leer m\u00e1s<\/a><\/p>\n","protected":false},"author":1,"featured_media":89704,"comment_status":"closed","ping_status":"open","sticky":false,"template":"","format":"standard","meta":{"_monsterinsights_skip_tracking":false,"_monsterinsights_sitenote_active":false,"_monsterinsights_sitenote_note":"","_monsterinsights_sitenote_category":0,"jetpack_post_was_ever_published":false,"_jetpack_newsletter_access":"","_jetpack_dont_email_post_to_subs":false,"_jetpack_newsletter_tier_id":0,"_jetpack_memberships_contains_paywalled_content":false,"_jetpack_memberships_contains_paid_content":false,"footnotes":"","jetpack_publicize_message":"","jetpack_publicize_feature_enabled":true,"jetpack_social_post_already_shared":true,"jetpack_social_options":{"image_generator_settings":{"template":"highway","default_image_id":0,"font":"","enabled":false},"version":2},"_wpas_customize_per_network":false},"categories":[85],"tags":[7125,12968,6549],"class_list":["post-89703","post","type-post","status-publish","format-standard","has-post-thumbnail","hentry","category-policial","tag-allanamientos","tag-estupefacientes","tag-policia-federal","generate-columns","tablet-grid-50","mobile-grid-100","grid-parent","grid-50"],"jetpack_publicize_connections":[],"jetpack_featured_media_url":"https:\/\/www.hoymercedes.com.ar\/principal\/wp-content\/uploads\/2019\/03\/19-policia-federal-1.jpeg","wps_subtitle":"Detenciones de la Polic\u00eda Federal","jetpack_sharing_enabled":true,"_links":{"self":[{"href":"https:\/\/www.hoymercedes.com.ar\/principal\/wp-json\/wp\/v2\/posts\/89703","targetHints":{"allow":["GET"]}}],"collection":[{"href":"https:\/\/www.hoymercedes.com.ar\/principal\/wp-json\/wp\/v2\/posts"}],"about":[{"href":"https:\/\/www.hoymercedes.com.ar\/principal\/wp-json\/wp\/v2\/types\/post"}],"author":[{"embeddable":true,"href":"https:\/\/www.hoymercedes.com.ar\/principal\/wp-json\/wp\/v2\/users\/1"}],"replies":[{"embeddable":true,"href":"https:\/\/www.hoymercedes.com.ar\/principal\/wp-json\/wp\/v2\/comments?post=89703"}],"version-history":[{"count":0,"href":"https:\/\/www.hoymercedes.com.ar\/principal\/wp-json\/wp\/v2\/posts\/89703\/revisions"}],"wp:featuredmedia":[{"embeddable":true,"href":"https:\/\/www.hoymercedes.com.ar\/principal\/wp-json\/wp\/v2\/media\/89704"}],"wp:attachment":[{"href":"https:\/\/www.hoymercedes.com.ar\/principal\/wp-json\/wp\/v2\/media?parent=89703"}],"wp:term":[{"taxonomy":"category","embeddable":true,"href":"https:\/\/www.hoymercedes.com.ar\/principal\/wp-json\/wp\/v2\/categories?post=89703"},{"taxonomy":"post_tag","embeddable":true,"href":"https:\/\/www.hoymercedes.com.ar\/principal\/wp-json\/wp\/v2\/tags?post=89703"}],"curies":[{"name":"wp","href":"https:\/\/api.w.org\/{rel}","templated":true}]}}