{"id":8973,"date":"2011-11-09T11:38:38","date_gmt":"2011-11-09T11:38:38","guid":{"rendered":"http:\/\/www.hoymercedes.com.ar\/principal\/?p=8973"},"modified":"2011-11-09T11:38:38","modified_gmt":"2011-11-09T11:38:38","slug":"preparan-colonia-de-verano-2011-2012","status":"publish","type":"post","link":"https:\/\/www.hoymercedes.com.ar\/principal\/2011\/11\/09\/preparan-colonia-de-verano-2011-2012\/","title":{"rendered":"Preparan colonia de verano 2011-2012"},"content":{"rendered":"<p>El profesor Julio C\u00e1mpora, Director de Deportes de la comuna confirm\u00f3 que durante esta temporada de verano 2011-2012 se volver\u00e1n a realizar las cl\u00e1sicas colonia de vacaciones que supo organizar el municipio y que luego por diversos inconvenientes debieron dejar de llevarse a cabo.<\/p>\n<p>El funcionario precis\u00f3 \u201cla novedad que tengo para darles es qu ya nos encontramos trabajando desde nuestra direcci\u00f3n con personal de la Secretar\u00eda de Desarrollo Social para que esta temporada vuelva a realizarse la cl\u00e1sica colonia de verano para los chicos de los barrios.<\/p>\n<p>Pero se van a poner en pr\u00e1ctica algunas cosas nuevas como ser por ejemplo su realizaci\u00f3n de manera exclusiva en horas de la tarde debido a que por la ma\u00f1ana ya es sabido que se organizan otras actividades en las cuales dichos ni\u00f1os pueden participar, por eso los responsables de diferentes sociedades de fomento nos han pedido si se pod\u00eda levar a cabo la modificaci\u00f3n y los vamos a ordenar de manera tal que por d\u00eda concurran \u00fanicamente los ni\u00f1os de un barrio, es decir que habr\u00e1 un ordenamiento que aun debemos determinar junto a los responsables de cada barrio para que de esa manera con el listado correspondiente concurra nuestro micro a buscar los chicos del barrio seleccionado , los lleve hasta el lugar donde se hace la colonia y luego una vez finalizadas las actividades los vuelva a trasladar al punto de salida del barrio.<\/p>\n<p>De esta manera le brindamos la seguridad necesaria a lo padres que saben entonces que sus hijos ser\u00e1n retirados por personal designado desde el municipio y estar\u00e1n a su cargo hasta el regreso.<\/p>\n<p>La idea que estamos manejando es que al llegar hagan trabajos de nataci\u00f3n aprovechando la pileta, luego tareas recreativas y finalmente antes de volver a su barrio reciban un refrigerio\u201d.<\/p>\n<p>Con relaci\u00f3n a lugar donde se efectuar\u00e1 la colonia, Campora dijo \u201cnosotros las hac\u00edamos habitualmente en las instalaciones del ex Instituto Unzue, incluso cont\u00e1bamos con la pileta del lugar pero lamentablemente este a\u00f1o por estar mucho tiempo si nada de agua se ha producido una rajadura y el trabajo para repararla no va a estar listo para la fecha que nosotros tenemos pensado poder comenzar con la colonia.<\/p>\n<p>Lamentablemente no podemos hacerlo en el Ex Mart\u00edn Rodr\u00edguez porque si bien existe una pileta en pleno uso, la misma qued\u00f3 como se recordar\u00e1 fuera del convenio firmado entre la municipalidad y Minoridad debido a que sigue siendo utilizada por ellos para trabajar con los chicos a los que asiste.<\/p>\n<p>Por tal motivo llegamos a un acuerdo con los representantes locales del Sindicato de Trabajadores de la Industria de la carne para poder utilizar durante la tare sus instalaciones y aprovechar la pileta que ellos tienen as\u00ed que podemos en dicho lugar desarrollar todas las actividades programadas.<\/p>\n<p>Reitero que este a\u00f1o a diferencia de lo que ocurr\u00eda hasta ahora, cada barrio tendr\u00e1 su fecha designada, incluso los chicos que viven en Gowland van a contar con un d\u00eda prefijado para que podamos ir a buscarlos y que pasen en el centro toda una jornada completa\u201d.<\/p>\n<p>Posteriormente el Director de Deportes se refiri\u00f3 a la realizaci\u00f3n de torneos de Handbol 5 que se vienen desarroll\u00e1ndolos s\u00e1bados en el play\u00f3n ubicado en la avenida 1 y 12.<\/p>\n<p>Campora sostuvo \u201cel fin de semana ultimo hicimos un torneo en el que dieron cita una importante cantidad de ni\u00f1os y j\u00f3venes y ello no ha motivado para continuar con estas pr\u00e1cticas al menos un s\u00e1bado m\u00e1s por o cual hago formalmente la invitaci\u00f3n para que los interesados en formar un equipo y participar puedan inscribirse en nuestra desde en el Mart\u00edn Rodr\u00edguez desde las nuevo de la ma\u00f1ana hasta las siete de la tarde o bien si as\u00ed lo desean directamente en el play\u00f3n ya que estaremos al menos una hora antes del momento de inicio de los partidos para completar inscripciones que pudieron haber quedado pendientes.<\/p>\n<p>No tienen que llevar absolutamente nada, solo las ganas de jugar al habndbol y de divertirse, nosotros tenemos todo el material necesario y tambi\u00e9n hacemos de \u00e1rbitros y luego que jueguen todos los participantes reciben un refrigerio que nosotros entregamos!.<\/p>\n<p>&nbsp;<\/p>\n<p>&nbsp;<\/p>\n","protected":false},"excerpt":{"rendered":"<p>El profesor Julio C\u00e1mpora, Director de Deportes de la comuna confirm\u00f3 que durante esta temporada de verano 2011-2012 se volver\u00e1n &#8230; <a title=\"Preparan colonia de verano 2011-2012\" class=\"read-more\" href=\"https:\/\/www.hoymercedes.com.ar\/principal\/2011\/11\/09\/preparan-colonia-de-verano-2011-2012\/\" aria-label=\"Leer m\u00e1s sobre Preparan colonia de verano 2011-2012\">Leer m\u00e1s<\/a><\/p>\n","protected":false},"author":1,"featured_media":0,"comment_status":"open","ping_status":"open","sticky":false,"template":"","format":"standard","meta":{"_monsterinsights_skip_tracking":false,"_monsterinsights_sitenote_active":false,"_monsterinsights_sitenote_note":"","_monsterinsights_sitenote_category":0,"jetpack_post_was_ever_published":false,"_jetpack_newsletter_access":"","_jetpack_dont_email_post_to_subs":false,"_jetpack_newsletter_tier_id":0,"_jetpack_memberships_contains_paywalled_content":false,"_jetpack_memberships_contains_paid_content":false,"footnotes":"","jetpack_publicize_message":"","jetpack_publicize_feature_enabled":true,"jetpack_social_post_already_shared":false,"jetpack_social_options":{"image_generator_settings":{"template":"highway","default_image_id":0,"font":"","enabled":false},"version":2},"_wpas_customize_per_network":false},"categories":[30],"tags":[652],"class_list":["post-8973","post","type-post","status-publish","format-standard","hentry","category-municipio","tag-julio-campora","generate-columns","tablet-grid-50","mobile-grid-100","grid-parent","grid-50"],"jetpack_publicize_connections":[],"jetpack_featured_media_url":"","wps_subtitle":"","jetpack_sharing_enabled":true,"_links":{"self":[{"href":"https:\/\/www.hoymercedes.com.ar\/principal\/wp-json\/wp\/v2\/posts\/8973","targetHints":{"allow":["GET"]}}],"collection":[{"href":"https:\/\/www.hoymercedes.com.ar\/principal\/wp-json\/wp\/v2\/posts"}],"about":[{"href":"https:\/\/www.hoymercedes.com.ar\/principal\/wp-json\/wp\/v2\/types\/post"}],"author":[{"embeddable":true,"href":"https:\/\/www.hoymercedes.com.ar\/principal\/wp-json\/wp\/v2\/users\/1"}],"replies":[{"embeddable":true,"href":"https:\/\/www.hoymercedes.com.ar\/principal\/wp-json\/wp\/v2\/comments?post=8973"}],"version-history":[{"count":0,"href":"https:\/\/www.hoymercedes.com.ar\/principal\/wp-json\/wp\/v2\/posts\/8973\/revisions"}],"wp:attachment":[{"href":"https:\/\/www.hoymercedes.com.ar\/principal\/wp-json\/wp\/v2\/media?parent=8973"}],"wp:term":[{"taxonomy":"category","embeddable":true,"href":"https:\/\/www.hoymercedes.com.ar\/principal\/wp-json\/wp\/v2\/categories?post=8973"},{"taxonomy":"post_tag","embeddable":true,"href":"https:\/\/www.hoymercedes.com.ar\/principal\/wp-json\/wp\/v2\/tags?post=8973"}],"curies":[{"name":"wp","href":"https:\/\/api.w.org\/{rel}","templated":true}]}}