{"id":89733,"date":"2019-03-20T16:10:06","date_gmt":"2019-03-20T19:10:06","guid":{"rendered":"http:\/\/www.hoymercedes.com.ar\/principal\/?p=89733"},"modified":"2019-03-20T15:31:13","modified_gmt":"2019-03-20T18:31:13","slug":"tres-categorias-y-el-futbol-femenino-jugaron-por-la-copa-cimes-vamos-los-pibes","status":"publish","type":"post","link":"https:\/\/www.hoymercedes.com.ar\/principal\/2019\/03\/20\/tres-categorias-y-el-futbol-femenino-jugaron-por-la-copa-cimes-vamos-los-pibes\/","title":{"rendered":"Tres categor\u00edas y el f\u00fatbol femenino jugaron por la Copa Cimes Vamos Los Pibes"},"content":{"rendered":"\n<p>Por tercer domingo consecutivo se jug\u00f3 en el predio del Club Velez S\u00e1rsfield la jornada de la Copa Cimes Mercedes Vamos Los Pibes, organizada por Oscar Fern\u00e1ndez, que en esta oportunidad tuvo al f\u00fatbol femenino en cancha, con dos encuentros que dejaron como finalista del cuadrangular a V\u00e9lez y Comunicaciones.<\/p>\n\n\n\n<p>Categor\u00eda 2008<br>Uni\u00f3n 1: Bautista Perruelo.<br>Estudiantes 5: Franco Sabic 2, Tob\u00edas Barb\u00f3n 2 y Lorenzo D\u00edaz.<\/p>\n\n\n\n<p>Club Mercedes 2: Santiago Garegnani y Thiago Moreno.<br>Barrio La Flor 1: Jerem\u00edas Galv\u00e1n.<\/p>\n\n\n\n<p>Categor\u00eda 2009<\/p>\n\n\n\n<p>V\u00e9lez 1:<br>Club Mercedes 8: Benjam\u00edn Mustoni 3, Santino Paoleta, Aron Cazenave, Juan Boragno, Felipe Morello y Zen\u00f3n Garc\u00eda. <\/p>\n\n\n\n<p>Uni\u00f3n 0.<br>Onda Verde 2: Juan Mayor y Juan Men\u00e9ndez.<\/p>\n\n\n\n<p>Categor\u00eda 2010<br>V\u00e9lez 1: Uviz.<br>Club Mercedes 3: Felipe Chidichimo 2 y Tom\u00e1s Ustarroz.<\/p>\n\n\n\n<p>Uni\u00f3n 1: Mart\u00edn Amaya.<br>Estudiantes Azul 0. <\/p>\n\n\n\n<p>F\u00fatbol Femenino<br>V\u00e9lez 1.<br>Club Mercedes 0.<\/p>\n\n\n\n<p>Unidas por el Bal\u00f3n 0.<br>Comunicaciones 0.<br>(Gan\u00f3 Comunicaciones por penales).<\/p>\n\n\n\n<div class=\"wp-block-image\"><figure class=\"aligncenter\"><img loading=\"lazy\" decoding=\"async\" width=\"446\" height=\"650\" data-attachment-id=\"89734\" data-permalink=\"https:\/\/www.hoymercedes.com.ar\/principal\/2019\/03\/20\/tres-categorias-y-el-futbol-femenino-jugaron-por-la-copa-cimes-vamos-los-pibes\/copa-cimes-tabla-2\/#main\" data-orig-file=\"https:\/\/www.hoymercedes.com.ar\/principal\/wp-content\/uploads\/2019\/03\/COPA-CIMES-TABLA-1.png\" data-orig-size=\"446,650\" data-comments-opened=\"0\" data-image-meta=\"{&quot;aperture&quot;:&quot;0&quot;,&quot;credit&quot;:&quot;&quot;,&quot;camera&quot;:&quot;&quot;,&quot;caption&quot;:&quot;&quot;,&quot;created_timestamp&quot;:&quot;0&quot;,&quot;copyright&quot;:&quot;&quot;,&quot;focal_length&quot;:&quot;0&quot;,&quot;iso&quot;:&quot;0&quot;,&quot;shutter_speed&quot;:&quot;0&quot;,&quot;title&quot;:&quot;&quot;,&quot;orientation&quot;:&quot;0&quot;}\" data-image-title=\"COPA CIMES TABLA\" data-image-description=\"\" data-image-caption=\"\" data-large-file=\"https:\/\/www.hoymercedes.com.ar\/principal\/wp-content\/uploads\/2019\/03\/COPA-CIMES-TABLA-1.png\" src=\"https:\/\/www.hoymercedes.com.ar\/principal\/wp-content\/uploads\/2019\/03\/COPA-CIMES-TABLA-1.png\" alt=\"\" class=\"wp-image-89734\" srcset=\"https:\/\/www.hoymercedes.com.ar\/principal\/wp-content\/uploads\/2019\/03\/COPA-CIMES-TABLA-1.png 446w, https:\/\/www.hoymercedes.com.ar\/principal\/wp-content\/uploads\/2019\/03\/COPA-CIMES-TABLA-1-103x150.png 103w, https:\/\/www.hoymercedes.com.ar\/principal\/wp-content\/uploads\/2019\/03\/COPA-CIMES-TABLA-1-425x620.png 425w\" sizes=\"auto, (max-width: 446px) 100vw, 446px\" \/><\/figure><\/div>\n","protected":false},"excerpt":{"rendered":"<p>Por tercer domingo consecutivo se jug\u00f3 en el predio del Club Velez S\u00e1rsfield la jornada de la Copa Cimes Mercedes &#8230; <a title=\"Tres categor\u00edas y el f\u00fatbol femenino jugaron por la Copa Cimes Vamos Los Pibes\" class=\"read-more\" href=\"https:\/\/www.hoymercedes.com.ar\/principal\/2019\/03\/20\/tres-categorias-y-el-futbol-femenino-jugaron-por-la-copa-cimes-vamos-los-pibes\/\" aria-label=\"Leer m\u00e1s sobre Tres categor\u00edas y el f\u00fatbol femenino jugaron por la Copa Cimes Vamos Los Pibes\">Leer m\u00e1s<\/a><\/p>\n","protected":false},"author":1,"featured_media":89734,"comment_status":"closed","ping_status":"open","sticky":false,"template":"","format":"standard","meta":{"_monsterinsights_skip_tracking":false,"_monsterinsights_sitenote_active":false,"_monsterinsights_sitenote_note":"","_monsterinsights_sitenote_category":0,"jetpack_post_was_ever_published":false,"_jetpack_newsletter_access":"","_jetpack_dont_email_post_to_subs":false,"_jetpack_newsletter_tier_id":0,"_jetpack_memberships_contains_paywalled_content":false,"_jetpack_memberships_contains_paid_content":false,"footnotes":"","jetpack_publicize_message":"","jetpack_publicize_feature_enabled":true,"jetpack_social_post_already_shared":true,"jetpack_social_options":{"image_generator_settings":{"template":"highway","default_image_id":0,"font":"","enabled":false},"version":2},"_wpas_customize_per_network":false},"categories":[21],"tags":[14640],"class_list":["post-89733","post","type-post","status-publish","format-standard","has-post-thumbnail","hentry","category-deportes","tag-copa-cimes-vamos-los-pibes","generate-columns","tablet-grid-50","mobile-grid-100","grid-parent","grid-50"],"jetpack_publicize_connections":[],"jetpack_featured_media_url":"https:\/\/www.hoymercedes.com.ar\/principal\/wp-content\/uploads\/2019\/03\/COPA-CIMES-TABLA-1.png","wps_subtitle":"","jetpack_sharing_enabled":true,"_links":{"self":[{"href":"https:\/\/www.hoymercedes.com.ar\/principal\/wp-json\/wp\/v2\/posts\/89733","targetHints":{"allow":["GET"]}}],"collection":[{"href":"https:\/\/www.hoymercedes.com.ar\/principal\/wp-json\/wp\/v2\/posts"}],"about":[{"href":"https:\/\/www.hoymercedes.com.ar\/principal\/wp-json\/wp\/v2\/types\/post"}],"author":[{"embeddable":true,"href":"https:\/\/www.hoymercedes.com.ar\/principal\/wp-json\/wp\/v2\/users\/1"}],"replies":[{"embeddable":true,"href":"https:\/\/www.hoymercedes.com.ar\/principal\/wp-json\/wp\/v2\/comments?post=89733"}],"version-history":[{"count":0,"href":"https:\/\/www.hoymercedes.com.ar\/principal\/wp-json\/wp\/v2\/posts\/89733\/revisions"}],"wp:featuredmedia":[{"embeddable":true,"href":"https:\/\/www.hoymercedes.com.ar\/principal\/wp-json\/wp\/v2\/media\/89734"}],"wp:attachment":[{"href":"https:\/\/www.hoymercedes.com.ar\/principal\/wp-json\/wp\/v2\/media?parent=89733"}],"wp:term":[{"taxonomy":"category","embeddable":true,"href":"https:\/\/www.hoymercedes.com.ar\/principal\/wp-json\/wp\/v2\/categories?post=89733"},{"taxonomy":"post_tag","embeddable":true,"href":"https:\/\/www.hoymercedes.com.ar\/principal\/wp-json\/wp\/v2\/tags?post=89733"}],"curies":[{"name":"wp","href":"https:\/\/api.w.org\/{rel}","templated":true}]}}