{"id":89741,"date":"2019-03-21T07:53:20","date_gmt":"2019-03-21T10:53:20","guid":{"rendered":"http:\/\/www.hoymercedes.com.ar\/principal\/?p=89741"},"modified":"2019-03-19T20:04:42","modified_gmt":"2019-03-19T23:04:42","slug":"javier-funcia-hizo-podio-y-es-el-lider-del-turismo-4000-argentino","status":"publish","type":"post","link":"https:\/\/www.hoymercedes.com.ar\/principal\/2019\/03\/21\/javier-funcia-hizo-podio-y-es-el-lider-del-turismo-4000-argentino\/","title":{"rendered":"Javier Funcia hizo podio y es el l\u00edder del Turismo 4000 Argentino"},"content":{"rendered":"\n<p>Por Iv\u00e1n Alday (Todo el Deporte Est\u00e1 Ac\u00e1). El piloto de la ciudad sigue cumpliendo con el a\u00f1o calendario del Turismo 4000 Argentino, en el Aut\u00f3dromo Roberto Mouras de La Plata se present\u00f3 con el Ford n\u00famero 8 en sus laterales gracias al trabajo en pista del Mercedes Sport Group, que le permiti\u00f3 al \u201cFlaco\u201d mostrarse firme en el nuevo fin de semana de competencia e irse de La Plata c\u00f3mo l\u00edder del certamen por la performance realizada en la apertura de torneo con dos segundos puestos en el inicio del a\u00f1o. Sin lugar a duda, el hombre a vencer del fin de semana fue Nereo Queijeiro, el piloto debutante con la marca del \u201cPentagono\u201d se qued\u00f3 con todo lo que hab\u00eda por disputar tanda de clasificaci\u00f3n, serie y la final.<\/p>\n\n\n\n<figure class=\"wp-block-image\"><img loading=\"lazy\" decoding=\"async\" width=\"960\" height=\"720\" data-attachment-id=\"89742\" data-permalink=\"https:\/\/www.hoymercedes.com.ar\/principal\/2019\/03\/21\/javier-funcia-hizo-podio-y-es-el-lider-del-turismo-4000-argentino\/javier-funcia-segundo-2\/#main\" data-orig-file=\"https:\/\/www.hoymercedes.com.ar\/principal\/wp-content\/uploads\/2019\/03\/Javier-Funcia-segundo-2.jpg\" data-orig-size=\"960,720\" data-comments-opened=\"0\" data-image-meta=\"{&quot;aperture&quot;:&quot;0&quot;,&quot;credit&quot;:&quot;&quot;,&quot;camera&quot;:&quot;&quot;,&quot;caption&quot;:&quot;&quot;,&quot;created_timestamp&quot;:&quot;0&quot;,&quot;copyright&quot;:&quot;&quot;,&quot;focal_length&quot;:&quot;0&quot;,&quot;iso&quot;:&quot;0&quot;,&quot;shutter_speed&quot;:&quot;0&quot;,&quot;title&quot;:&quot;&quot;,&quot;orientation&quot;:&quot;0&quot;}\" data-image-title=\"Javier Funcia segundo 2\" data-image-description=\"\" data-image-caption=\"\" data-large-file=\"https:\/\/www.hoymercedes.com.ar\/principal\/wp-content\/uploads\/2019\/03\/Javier-Funcia-segundo-2.jpg\" src=\"https:\/\/www.hoymercedes.com.ar\/principal\/wp-content\/uploads\/2019\/03\/Javier-Funcia-segundo-2.jpg\" alt=\"\" class=\"wp-image-89742\" srcset=\"https:\/\/www.hoymercedes.com.ar\/principal\/wp-content\/uploads\/2019\/03\/Javier-Funcia-segundo-2.jpg 960w, https:\/\/www.hoymercedes.com.ar\/principal\/wp-content\/uploads\/2019\/03\/Javier-Funcia-segundo-2-150x113.jpg 150w, https:\/\/www.hoymercedes.com.ar\/principal\/wp-content\/uploads\/2019\/03\/Javier-Funcia-segundo-2-630x473.jpg 630w, https:\/\/www.hoymercedes.com.ar\/principal\/wp-content\/uploads\/2019\/03\/Javier-Funcia-segundo-2-320x240.jpg 320w, https:\/\/www.hoymercedes.com.ar\/principal\/wp-content\/uploads\/2019\/03\/Javier-Funcia-segundo-2-100x75.jpg 100w\" sizes=\"auto, (max-width: 960px) 100vw, 960px\" \/><\/figure>\n\n\n\n<p><strong>El ganador&nbsp;<\/strong><br>Nacido el 12 de abril de 1994, el protagonista reside en la localidad de Villa Insuperable (Buenos Aires), y llega al Turismo 4000 Argentino con experiencia en las categor\u00edas de karting Prokart, Club Regional de Karting y Somex, adem\u00e1s de contar con interesantes antecedentes en la categor\u00eda zonal TC Bonaerense, donde obtuvo el Campeonato 2017 y Subcampeonato 2018 en la Clase C, adem\u00e1s de integrar Procar 4000 en la pasada temporada con el mismo auto que utilizar\u00e1 en su debut dentro del Turismo 4000 Argentino, en donde tendr\u00e1 atenci\u00f3n de Marcelo Rodrigues (chasis) y Roberto Semelmann (Rulo), en motores.<\/p>\n\n\n\n<p>Tendr\u00e1 el n\u00famero 105 en los laterales del auto que Giovanni Elizalde y Germ\u00e1n Pietranera llevaron a la victoria en tres ocasiones cada uno, en los a\u00f1os 2015 y 2017, respectivamente. \u201cCon muchas expectativas llego al Turismo 4000 Argentino para comenzar una nueva etapa en mi campa\u00f1a dentro del automovilismo, con un auto que cuenta con interesantes antecedentes en la categor\u00eda y un equipo que ha demostrado ser protagonista en los \u00faltimos a\u00f1os. Desde el pr\u00f3ximo viernes daremos las primeras vueltas para comprobar el correcto funcionamiento del auto y sacar las primeras conclusiones del fin de semana\u201d, expres\u00f3 el piloto al respecto.<\/p>\n\n\n\n<figure class=\"wp-block-image\"><img decoding=\"async\" src=\"https:\/\/noticiasmercedinas.com\/site\/wp-content\/uploads\/2019\/03\/54381466_629677690810396_53022410651205632_n.jpg\" alt=\"\" class=\"wp-image-14376\"\/><\/figure>\n\n\n\n<p>Funcia en su fin de semana tras obtener las primeras conclusiones en la tanda de entrenamientos y un s\u00e9ptimo puesto , puso a su Ford entre los 4 mejores de clasificaci\u00f3n lo que le daba la posibilidad de partir en la serie unificada desde la segunda fila en d\u00f3nde con su lucidez a la hora de correr , Javier Funcia aprovech\u00f3 uno de los pocos momentos de velocidad plena que tuvo la carrera a 6 giros ,la superaci\u00f3n a P\u00e9rez Bravo en la lucha por el tercer puesto , la carrera se neutraliz\u00f3 por un despiste de Tonlorenzi , al reanudarse la actividad en pista se reedito el encuentro en pista de la primera fecha entre Funcia y Pietranera , el Mercedino logr\u00f3 mantenerse en la cinta asf\u00e1ltica y en declaraciones al programa Vuelta Previa (Radio Colonia AM 550) expres\u00f3 \u201cEl auto se comport\u00f3 bien creemos que va a ser divertida la carrera del Domingo y seremos protagonistas \u201d<br><br>En la ma\u00f1ana de este Domingo 17 , la jornada ten\u00eda a Queijeiro y Selva , largando desde la primera fila , seguidos en la segunda por Funcia y Pietranera , la carrera desde el comienzo mostraba el amplio dominio del Dodge , que despu\u00e9s del pique en la largada se hizo inalcanzable para el pelot\u00f3n que pugnaba por la lucha del segundo puesto conformado por Selva , Funcia , Pietranera y P\u00e9rez Bravo , la lucha de ellos por el segundo escal\u00f3n del podio permit\u00eda que Nereo se escapar\u00e1 y estirase diferencias , el \u00fanico cambio de alto impacto en las vueltas iniciales se dar\u00eda la superaci\u00f3n de Funcia por fuera en el curv\u00f3n a Selva de ah\u00ed en m\u00e1s la carrera fue lineal , un Queijeiro relajado cuidaba su lugar de privilegio , manejando las diferencias aunque Javier le acortaba incluso siendo m\u00e1s r\u00e1pido que el l\u00edder seg\u00fan los registros del Turismo 4000 Argentino , el auto de punta se termin\u00f3 de tornar inalcanzable y gracias a este segundo puesto y un retraso de Pietranera a la hora de la Bandera a Cuadros le permiti\u00f3 heredar la punta del certamen.<\/p>\n\n\n\n<p>Nereo Queijeiro no detuvo su camino hacia la victoria, confirmando ser el octavo piloto ganador debutante en el Turismo 4000 Argentino luego de 20m07s199. Javier Funcia y Emmanuel P\u00e9rez Bravo completaron el podio de la segunda final anual, pasando el mercedino a liderar el Campeonato 2019 tras el s\u00e9ptimo puesto en el que arrib\u00f3 Germ\u00e1n Pietranera en el d\u00eda de hoy tras un despiste, en la \u00faltima parte de la competencia. Con esta victoria, Nereo Queijeiro es el octavo piloto que debuta ganando en el Turismo 4000 Argentino. Anteriormente lo hab\u00edan logrado Dar\u00edo Laccette, Roberto Urretavizcaya, Guillermo Castellano, Jos\u00e9 Ciantini, Patricio di Palma, Carlos Arrausi y Giovanni Elizalde, este \u00faltimo, con el mismo auto que llev\u00f3 Nereo Queijeiro a la victoria en el d\u00eda de hoy.<\/p>\n\n\n\n<p>Javier Funcia es el nuevo l\u00edder del Campeonato 2019 de Turismo 4000 Argentino, sumando 64 unidades. Germ\u00e1n Pietranera (59), Emmanuel P\u00e9rez Bravo (48), Mauricio Selva (45) y Dami\u00e1n Covatti (44), completan las principales posiciones. Entre los d\u00edas 06 y 07 de abril, en el Aut\u00f3dromo Provincia de La Pampa (Toay, La Pampa), se disputar\u00e1n la tercera y cuarta fecha del certamen.<\/p>\n\n\n\n<p><strong>Final Turismo 4000 Argentino<\/strong><br><strong>Aut\u00f3dromo Roberto Mouras<br><\/strong>1\u00b0 105 Queijeiro Nereo Dodge 12 20;07.199&nbsp;.<br>2\u00b0 8 Funcia Javier Ford 12 20;09.744 2,545.<br>3\u00b0 2 P\u00e9rez Bravo Emmanuel Chevrolet 12 20;11.609 4,410.<br>4\u00b0 112 Selva Mauricio Chevrolet 12 20;12.514 5,315.<br>5\u00b0 9 Covatti Dami\u00e1n Ford 12 20;17.245 10,046.<br>6\u00b0 7 Zub\u00eda Ricardo Chevrolet 12 20;27.736 20,537.<br>7\u00b0 1 Pietranera Germ\u00e1n Ford 12 20;27.995 20,796.<br>8\u00b0 13 Gonz\u00e1lez Gonzalo Chevrolet 12 20;40.353 33,154.<br>9\u00b0 5 Bava Juan Ford 12 20;41.576 34,377.<br>10\u00b0 12 Tonlorenzi M\u00e1ximo Chevrolet 12 20;41.705 34,506<br>11\u00b0 11 Bartucci Antonio Chevrolet 12 20;52.972 45,773.<br>12\u00b0 17 Nowak Fabi\u00e1n Torino 12 21;18.131 1;10.932.<br>13\u00b0 10 Guindani Javier Chevrolet 12 21;30.459 1;23.260.<br>14\u00b0 103 Roma Alejandro Chevrolet 11 18;38.658 1 Vta.<br>15\u00b0 111 Miserda Ayrton Chevrolet 9 15;25.104 3 Vtas.<br>16\u00b0 124 Soler Sebastian Chevrolet 7 12;27.832 5 Vtas.<\/p>\n","protected":false},"excerpt":{"rendered":"<p>Por Iv\u00e1n Alday (Todo el Deporte Est\u00e1 Ac\u00e1). El piloto de la ciudad sigue cumpliendo con el a\u00f1o calendario del &#8230; <a title=\"Javier Funcia hizo podio y es el l\u00edder del Turismo 4000 Argentino\" class=\"read-more\" href=\"https:\/\/www.hoymercedes.com.ar\/principal\/2019\/03\/21\/javier-funcia-hizo-podio-y-es-el-lider-del-turismo-4000-argentino\/\" aria-label=\"Leer m\u00e1s sobre Javier Funcia hizo podio y es el l\u00edder del Turismo 4000 Argentino\">Leer m\u00e1s<\/a><\/p>\n","protected":false},"author":1,"featured_media":89742,"comment_status":"closed","ping_status":"open","sticky":false,"template":"","format":"standard","meta":{"_monsterinsights_skip_tracking":false,"_monsterinsights_sitenote_active":false,"_monsterinsights_sitenote_note":"","_monsterinsights_sitenote_category":0,"jetpack_post_was_ever_published":false,"_jetpack_newsletter_access":"","_jetpack_dont_email_post_to_subs":false,"_jetpack_newsletter_tier_id":0,"_jetpack_memberships_contains_paywalled_content":false,"_jetpack_memberships_contains_paid_content":false,"footnotes":"","jetpack_publicize_message":"","jetpack_publicize_feature_enabled":true,"jetpack_social_post_already_shared":true,"jetpack_social_options":{"image_generator_settings":{"template":"highway","default_image_id":0,"font":"","enabled":false},"version":2},"_wpas_customize_per_network":false},"categories":[21],"tags":[6300,7858],"class_list":["post-89741","post","type-post","status-publish","format-standard","has-post-thumbnail","hentry","category-deportes","tag-javier-funcia","tag-turismo-4000-argentino","generate-columns","tablet-grid-50","mobile-grid-100","grid-parent","grid-50"],"jetpack_publicize_connections":[],"jetpack_featured_media_url":"https:\/\/www.hoymercedes.com.ar\/principal\/wp-content\/uploads\/2019\/03\/Javier-Funcia-segundo-2.jpg","wps_subtitle":"Automovilismo","jetpack_sharing_enabled":true,"_links":{"self":[{"href":"https:\/\/www.hoymercedes.com.ar\/principal\/wp-json\/wp\/v2\/posts\/89741","targetHints":{"allow":["GET"]}}],"collection":[{"href":"https:\/\/www.hoymercedes.com.ar\/principal\/wp-json\/wp\/v2\/posts"}],"about":[{"href":"https:\/\/www.hoymercedes.com.ar\/principal\/wp-json\/wp\/v2\/types\/post"}],"author":[{"embeddable":true,"href":"https:\/\/www.hoymercedes.com.ar\/principal\/wp-json\/wp\/v2\/users\/1"}],"replies":[{"embeddable":true,"href":"https:\/\/www.hoymercedes.com.ar\/principal\/wp-json\/wp\/v2\/comments?post=89741"}],"version-history":[{"count":0,"href":"https:\/\/www.hoymercedes.com.ar\/principal\/wp-json\/wp\/v2\/posts\/89741\/revisions"}],"wp:featuredmedia":[{"embeddable":true,"href":"https:\/\/www.hoymercedes.com.ar\/principal\/wp-json\/wp\/v2\/media\/89742"}],"wp:attachment":[{"href":"https:\/\/www.hoymercedes.com.ar\/principal\/wp-json\/wp\/v2\/media?parent=89741"}],"wp:term":[{"taxonomy":"category","embeddable":true,"href":"https:\/\/www.hoymercedes.com.ar\/principal\/wp-json\/wp\/v2\/categories?post=89741"},{"taxonomy":"post_tag","embeddable":true,"href":"https:\/\/www.hoymercedes.com.ar\/principal\/wp-json\/wp\/v2\/tags?post=89741"}],"curies":[{"name":"wp","href":"https:\/\/api.w.org\/{rel}","templated":true}]}}