{"id":89747,"date":"2019-03-21T11:04:48","date_gmt":"2019-03-21T14:04:48","guid":{"rendered":"http:\/\/www.hoymercedes.com.ar\/principal\/?p=89747"},"modified":"2019-03-19T20:11:41","modified_gmt":"2019-03-19T23:11:41","slug":"federico-fucci-quedo-decimo-en-la-formula-4ng","status":"publish","type":"post","link":"https:\/\/www.hoymercedes.com.ar\/principal\/2019\/03\/21\/federico-fucci-quedo-decimo-en-la-formula-4ng\/","title":{"rendered":"Federico Fucci qued\u00f3 d\u00e9cimo en la F\u00f3rmula 4NG"},"content":{"rendered":"\n<p><strong>Por Iv\u00e1n Alday (Todo el Deporte Est\u00e1 Ac\u00e1)<\/strong> El piloto de Mercedes encar\u00f3 este fin de semana la segunda presentaci\u00f3n de la temporada para la Formula 4 Nueva Generaci\u00f3n con su monoposto n\u00famero 7 atendido por la Escuadra Mercedina Di- DI Motor Sports, tras el inicio de actividades de cara a la primera final sufri\u00f3 inconvenientes con la Crapodona del embriague arribando n\u00famero 14 en su primera competencia, el \u201cFede\u201d hizo gala de su capacidad conductiva en este tipo de autos especialiazado en F\u00f3rmula pudo mantenerse en el top 10 de la clasificaci\u00f3n ubic\u00e1ndose en en la posici\u00f3n id\u00e9ntica al n\u00famero que indican sus laterales.<\/p>\n\n\n\n<figure class=\"wp-block-image\"><img loading=\"lazy\" decoding=\"async\" width=\"960\" height=\"613\" data-attachment-id=\"89748\" data-permalink=\"https:\/\/www.hoymercedes.com.ar\/principal\/2019\/03\/21\/federico-fucci-quedo-decimo-en-la-formula-4ng\/federico-fucci\/#main\" data-orig-file=\"https:\/\/www.hoymercedes.com.ar\/principal\/wp-content\/uploads\/2019\/03\/Federico-Fucci.jpg\" data-orig-size=\"960,613\" data-comments-opened=\"0\" data-image-meta=\"{&quot;aperture&quot;:&quot;0&quot;,&quot;credit&quot;:&quot;&quot;,&quot;camera&quot;:&quot;&quot;,&quot;caption&quot;:&quot;&quot;,&quot;created_timestamp&quot;:&quot;0&quot;,&quot;copyright&quot;:&quot;&quot;,&quot;focal_length&quot;:&quot;0&quot;,&quot;iso&quot;:&quot;0&quot;,&quot;shutter_speed&quot;:&quot;0&quot;,&quot;title&quot;:&quot;&quot;,&quot;orientation&quot;:&quot;0&quot;}\" data-image-title=\"Federico Fucci\" data-image-description=\"\" data-image-caption=\"\" data-large-file=\"https:\/\/www.hoymercedes.com.ar\/principal\/wp-content\/uploads\/2019\/03\/Federico-Fucci.jpg\" src=\"https:\/\/www.hoymercedes.com.ar\/principal\/wp-content\/uploads\/2019\/03\/Federico-Fucci.jpg\" alt=\"\" class=\"wp-image-89748\" srcset=\"https:\/\/www.hoymercedes.com.ar\/principal\/wp-content\/uploads\/2019\/03\/Federico-Fucci.jpg 960w, https:\/\/www.hoymercedes.com.ar\/principal\/wp-content\/uploads\/2019\/03\/Federico-Fucci-150x96.jpg 150w, https:\/\/www.hoymercedes.com.ar\/principal\/wp-content\/uploads\/2019\/03\/Federico-Fucci-630x402.jpg 630w\" sizes=\"auto, (max-width: 960px) 100vw, 960px\" \/><\/figure>\n\n\n\n<p>Una vez finalizado su domingo de actividad, Fucci expres\u00f3 sus sensaciones en las redes sociales \u201cNo fue el mejor fin de semana, medios enredados a la hora de clasificar, en la primera final hab\u00edamos comenzando a avanzar y la rotura de la crapodina no nos permiti\u00f3 seguir haci\u00e9ndolo, en la segunda final pudimos remontar un poco y llegar 7 habiendo largado 15. A pensar en lo que viene y no bajar los brazos. Gracias a amigos, familia, equipo y toda la gente que nos da una mano para esto\u201d<\/p>\n\n\n\n<p><strong>Finalmente fue para Persico<\/strong><br>Lucas Persico se qued\u00f3 con la victoria de la segunda final correspondiente a la segunda cita de la temporada 2019, disputada en el aut\u00f3dromo de La Plata. Valent\u00edn Bellapart y Jerem\u00edas Scialchi lo escoltaron. La segunda carrera de la categor\u00eda monoposto n\u00famero del pa\u00eds se puso en marcha pasadas las 11:40hs en vivo por la televisi\u00f3n p\u00fablica. Desde la primera fila largaban Mauro Pitetti (poleman) y Ariel Arcuro.<\/p>\n\n\n\n<p>En el arranque el joven de Mor\u00f3n tomo la punta de la carrera, escoltado r\u00e1pidamente por Lucas Persico quien aprovecho el descuido de Arcuro para saltar a la segunda colocaci\u00f3n.<\/p>\n\n\n\n<p>Tomaba marchaba bien para Pitetti quien se encaminaba a lograr su tercer triunfo, pero desafortunadamente en el transcurso de la segunda vuelta, un problema en la unidad N\u00b04 lo dejaba a un costado de la pista. Mauro logro volver a pista pero luego ser\u00eda excluido del evento.<\/p>\n","protected":false},"excerpt":{"rendered":"<p>Por Iv\u00e1n Alday (Todo el Deporte Est\u00e1 Ac\u00e1) El piloto de Mercedes encar\u00f3 este fin de semana la segunda presentaci\u00f3n &#8230; <a title=\"Federico Fucci qued\u00f3 d\u00e9cimo en la F\u00f3rmula 4NG\" class=\"read-more\" href=\"https:\/\/www.hoymercedes.com.ar\/principal\/2019\/03\/21\/federico-fucci-quedo-decimo-en-la-formula-4ng\/\" aria-label=\"Leer m\u00e1s sobre Federico Fucci qued\u00f3 d\u00e9cimo en la F\u00f3rmula 4NG\">Leer m\u00e1s<\/a><\/p>\n","protected":false},"author":1,"featured_media":89748,"comment_status":"closed","ping_status":"open","sticky":false,"template":"","format":"standard","meta":{"_monsterinsights_skip_tracking":false,"_monsterinsights_sitenote_active":false,"_monsterinsights_sitenote_note":"","_monsterinsights_sitenote_category":0,"jetpack_post_was_ever_published":false,"_jetpack_newsletter_access":"","_jetpack_dont_email_post_to_subs":false,"_jetpack_newsletter_tier_id":0,"_jetpack_memberships_contains_paywalled_content":false,"_jetpack_memberships_contains_paid_content":false,"footnotes":"","jetpack_publicize_message":"","jetpack_publicize_feature_enabled":true,"jetpack_social_post_already_shared":true,"jetpack_social_options":{"image_generator_settings":{"template":"highway","default_image_id":0,"font":"","enabled":false},"version":2},"_wpas_customize_per_network":false},"categories":[21],"tags":[14644,14643],"class_list":["post-89747","post","type-post","status-publish","format-standard","has-post-thumbnail","hentry","category-deportes","tag-formula-4-nueva-generacion","tag-formula-4ng","generate-columns","tablet-grid-50","mobile-grid-100","grid-parent","grid-50"],"jetpack_publicize_connections":[],"jetpack_featured_media_url":"https:\/\/www.hoymercedes.com.ar\/principal\/wp-content\/uploads\/2019\/03\/Federico-Fucci.jpg","wps_subtitle":"Formula 4 Nueva Generaci\u00f3n","jetpack_sharing_enabled":true,"_links":{"self":[{"href":"https:\/\/www.hoymercedes.com.ar\/principal\/wp-json\/wp\/v2\/posts\/89747","targetHints":{"allow":["GET"]}}],"collection":[{"href":"https:\/\/www.hoymercedes.com.ar\/principal\/wp-json\/wp\/v2\/posts"}],"about":[{"href":"https:\/\/www.hoymercedes.com.ar\/principal\/wp-json\/wp\/v2\/types\/post"}],"author":[{"embeddable":true,"href":"https:\/\/www.hoymercedes.com.ar\/principal\/wp-json\/wp\/v2\/users\/1"}],"replies":[{"embeddable":true,"href":"https:\/\/www.hoymercedes.com.ar\/principal\/wp-json\/wp\/v2\/comments?post=89747"}],"version-history":[{"count":0,"href":"https:\/\/www.hoymercedes.com.ar\/principal\/wp-json\/wp\/v2\/posts\/89747\/revisions"}],"wp:featuredmedia":[{"embeddable":true,"href":"https:\/\/www.hoymercedes.com.ar\/principal\/wp-json\/wp\/v2\/media\/89748"}],"wp:attachment":[{"href":"https:\/\/www.hoymercedes.com.ar\/principal\/wp-json\/wp\/v2\/media?parent=89747"}],"wp:term":[{"taxonomy":"category","embeddable":true,"href":"https:\/\/www.hoymercedes.com.ar\/principal\/wp-json\/wp\/v2\/categories?post=89747"},{"taxonomy":"post_tag","embeddable":true,"href":"https:\/\/www.hoymercedes.com.ar\/principal\/wp-json\/wp\/v2\/tags?post=89747"}],"curies":[{"name":"wp","href":"https:\/\/api.w.org\/{rel}","templated":true}]}}