{"id":89768,"date":"2019-03-20T09:11:54","date_gmt":"2019-03-20T12:11:54","guid":{"rendered":"http:\/\/www.hoymercedes.com.ar\/principal\/?p=89768"},"modified":"2019-03-20T09:27:50","modified_gmt":"2019-03-20T12:27:50","slug":"suspendieron-audiencia-con-empleados-del-cardiovascular","status":"publish","type":"post","link":"https:\/\/www.hoymercedes.com.ar\/principal\/2019\/03\/20\/suspendieron-audiencia-con-empleados-del-cardiovascular\/","title":{"rendered":"Suspendieron audiencia con empleados del Cardiovascular"},"content":{"rendered":"\n<p>Se supo que se suspendi\u00f3 la audiencia prevista para el d\u00eda mi\u00e9rcoles 20 en la Delegaci\u00f3n Regional del Ministerio de Trabajo Bonaerense entre los representantes y empleados del Centro Cardiovascular Mercedes. El viernes 22, 19 horas, los trabajadores marchar\u00e1n desde la Plaza San Mart\u00edn hasta el Centro Cardiovascular. Convocan a ex pacientes a sumarse. <\/p>\n\n\n\n<p>De acuerdo a la informaci\u00f3n suministrada por los empleados y el delegado Jorge Retergui, la suspensi\u00f3n se dio por motivos de agenda del representante del Ministerio y porque el letrado del Centro Cardiovascular \u00abno tendr\u00eda novedades\u00bb m\u00e1s all\u00e1 de lo expresado la semana pasada. <\/p>\n\n\n\n<p>Por su parte, los empleados anunciaron que este viernes 22 de marzo, a partir de la hora 19, se reunir\u00e1n en la Plaza San Mart\u00edn para marchar hasta el Centro Cardiovascular Mercedes. Invitan a la comunidad, y en especial a los ex pacientes, a sumarse al reclamo y acompa\u00f1arlos en la movilizaci\u00f3n para que no cierre la instituci\u00f3n m\u00e9dica especializada. <\/p>\n","protected":false},"excerpt":{"rendered":"<p>Se supo que se suspendi\u00f3 la audiencia prevista para el d\u00eda mi\u00e9rcoles 20 en la Delegaci\u00f3n Regional del Ministerio de &#8230; <a title=\"Suspendieron audiencia con empleados del Cardiovascular\" class=\"read-more\" href=\"https:\/\/www.hoymercedes.com.ar\/principal\/2019\/03\/20\/suspendieron-audiencia-con-empleados-del-cardiovascular\/\" aria-label=\"Leer m\u00e1s sobre Suspendieron audiencia con empleados del Cardiovascular\">Leer m\u00e1s<\/a><\/p>\n","protected":false},"author":1,"featured_media":89533,"comment_status":"closed","ping_status":"open","sticky":false,"template":"","format":"standard","meta":{"_monsterinsights_skip_tracking":false,"_monsterinsights_sitenote_active":false,"_monsterinsights_sitenote_note":"","_monsterinsights_sitenote_category":0,"jetpack_post_was_ever_published":false,"_jetpack_newsletter_access":"","_jetpack_dont_email_post_to_subs":false,"_jetpack_newsletter_tier_id":0,"_jetpack_memberships_contains_paywalled_content":false,"_jetpack_memberships_contains_paid_content":false,"footnotes":"","jetpack_publicize_message":"","jetpack_publicize_feature_enabled":true,"jetpack_social_post_already_shared":true,"jetpack_social_options":{"image_generator_settings":{"template":"highway","default_image_id":0,"font":"","enabled":false},"version":2},"_wpas_customize_per_network":false},"categories":[8],"tags":[14634,9256,14651,8911],"class_list":["post-89768","post","type-post","status-publish","format-standard","has-post-thumbnail","hentry","category-sociedad","tag-centro-cardiovascular-mercedes","tag-movilizacion","tag-suspension-de-audiencia","tag-trabajo","generate-columns","tablet-grid-50","mobile-grid-100","grid-parent","grid-50"],"jetpack_publicize_connections":[],"jetpack_featured_media_url":"https:\/\/www.hoymercedes.com.ar\/principal\/wp-content\/uploads\/2019\/03\/15-cardiovascular-1.jpg","wps_subtitle":"Crisis laboral","jetpack_sharing_enabled":true,"_links":{"self":[{"href":"https:\/\/www.hoymercedes.com.ar\/principal\/wp-json\/wp\/v2\/posts\/89768","targetHints":{"allow":["GET"]}}],"collection":[{"href":"https:\/\/www.hoymercedes.com.ar\/principal\/wp-json\/wp\/v2\/posts"}],"about":[{"href":"https:\/\/www.hoymercedes.com.ar\/principal\/wp-json\/wp\/v2\/types\/post"}],"author":[{"embeddable":true,"href":"https:\/\/www.hoymercedes.com.ar\/principal\/wp-json\/wp\/v2\/users\/1"}],"replies":[{"embeddable":true,"href":"https:\/\/www.hoymercedes.com.ar\/principal\/wp-json\/wp\/v2\/comments?post=89768"}],"version-history":[{"count":0,"href":"https:\/\/www.hoymercedes.com.ar\/principal\/wp-json\/wp\/v2\/posts\/89768\/revisions"}],"wp:featuredmedia":[{"embeddable":true,"href":"https:\/\/www.hoymercedes.com.ar\/principal\/wp-json\/wp\/v2\/media\/89533"}],"wp:attachment":[{"href":"https:\/\/www.hoymercedes.com.ar\/principal\/wp-json\/wp\/v2\/media?parent=89768"}],"wp:term":[{"taxonomy":"category","embeddable":true,"href":"https:\/\/www.hoymercedes.com.ar\/principal\/wp-json\/wp\/v2\/categories?post=89768"},{"taxonomy":"post_tag","embeddable":true,"href":"https:\/\/www.hoymercedes.com.ar\/principal\/wp-json\/wp\/v2\/tags?post=89768"}],"curies":[{"name":"wp","href":"https:\/\/api.w.org\/{rel}","templated":true}]}}