{"id":8977,"date":"2011-11-09T11:52:02","date_gmt":"2011-11-09T11:52:02","guid":{"rendered":"http:\/\/www.hoymercedes.com.ar\/principal\/?p=8977"},"modified":"2011-11-09T11:52:02","modified_gmt":"2011-11-09T11:52:02","slug":"continua-la-vacunacion-obligatoria-a-ninas-nacidas-en-el-ano-2000","status":"publish","type":"post","link":"https:\/\/www.hoymercedes.com.ar\/principal\/2011\/11\/09\/continua-la-vacunacion-obligatoria-a-ninas-nacidas-en-el-ano-2000\/","title":{"rendered":"Contin\u00faa la vacunaci\u00f3n obligatoria a ni\u00f1as nacidas en el a\u00f1o 2000"},"content":{"rendered":"<p><a href=\"https:\/\/www.hoymercedes.com.ar\/principal\/wp-content\/uploads\/2011\/11\/SanJoseSociedadFomento.jpg\"><img loading=\"lazy\" decoding=\"async\" data-attachment-id=\"8979\" data-permalink=\"https:\/\/www.hoymercedes.com.ar\/principal\/2011\/11\/09\/continua-la-vacunacion-obligatoria-a-ninas-nacidas-en-el-ano-2000\/sanjosesociedadfomento\/#main\" data-orig-file=\"https:\/\/www.hoymercedes.com.ar\/principal\/wp-content\/uploads\/2011\/11\/SanJoseSociedadFomento.jpg\" data-orig-size=\"612,459\" data-comments-opened=\"1\" data-image-meta=\"{&quot;aperture&quot;:&quot;3.8&quot;,&quot;credit&quot;:&quot;&quot;,&quot;camera&quot;:&quot;COOLPIX L10&quot;,&quot;caption&quot;:&quot;&quot;,&quot;created_timestamp&quot;:&quot;1320502770&quot;,&quot;copyright&quot;:&quot;Copyright 2006&quot;,&quot;focal_length&quot;:&quot;10.7&quot;,&quot;iso&quot;:&quot;64&quot;,&quot;shutter_speed&quot;:&quot;0.016666666666667&quot;,&quot;title&quot;:&quot;&quot;}\" data-image-title=\"SanJoseSociedadFomento\" data-image-description=\"\" data-image-caption=\"\" data-large-file=\"https:\/\/www.hoymercedes.com.ar\/principal\/wp-content\/uploads\/2011\/11\/SanJoseSociedadFomento.jpg\" class=\"aligncenter size-full wp-image-8979\" title=\"SanJoseSociedadFomento\" src=\"https:\/\/www.hoymercedes.com.ar\/principal\/wp-content\/uploads\/2011\/11\/SanJoseSociedadFomento.jpg\" alt=\"\" width=\"612\" height=\"459\" \/><\/a><\/p>\n<p>Se sigue llevando a cabo en nuestra ciudad la vacunaci\u00f3n obligatoria a todas las ni\u00f1as nacidas a lo largo del a\u00f1o 2000, es decir que tengan o est\u00e9n por cumplir en lo que resta del 2011, once a\u00f1os de edad.<\/p>\n<p>La vacunaci\u00f3n, dispuesta para todo el pa\u00eds apunta a prevenir una de las m\u00e1s graves enfermedades que puede sufrir una mujer: el c\u00e1ncer de cuello de \u00fatero.<\/p>\n<p>La campa\u00f1a se articula a trav\u00e9s de dos \u00e1reas diferentes, por un lado la estructura de vacunaci\u00f3n perteneciente al Hospital Blas L Dubarry habiendo brindado en su oportunidad toda la informaci\u00f3n necesaria su titular el Dr. Rodolfo Principi, y por el otros los Centros de Atenci\u00f3n Primaria de Salud (CAPS) que dependen de la Direcci\u00f3n de salud del Municipio que por cierto no son todos sino aquellos especialmente designados por su ubicaci\u00f3n estrat\u00e9gica o por contar con los recursos humanos necesarios para tal tarea.<\/p>\n<p>En tal sentido la propia directora de Salud, Dra. Liliana Masserio se encargo de expresar en declaraciones a la prensa \u201cno son todos CAPS en los que se puede aplicar esta vacuna, hemos elegido aquellos que pueden agrupar a una mayor cantidad de chicas en situaci\u00f3n obligatoria de recibir las dosis correspondientes dentro de esta campa\u00f1a preventiva que se lleva a cabo a nivel nacional, que est\u00e1 orientada, y lo vuelvo a repetir porque con frecuencias se dan consultas de parte de las mam\u00e1s, son todas aquellas que nacieron durante el 2000, vale decir quienes esta a\u00f1o ya cumplieron o cumplir en lo que resta del 2011 los once a\u00f1os.<\/p>\n<p>Esto no es algo caprichoso sino que surge de un profundo estudio efectuado en el \u00e1mbito del Ministerio de Salud de la Naci\u00f3n que determin\u00f3 que la edad ideal para colocar las vacunas preventivas es a los 11 a\u00f1os, y a partir de ello desde el propio Ministerio se nos ha indicado que en la ciudad de Mercedes debemos vacunar de manera obligatoria a 532 ni\u00f1as de once a\u00f1os y para ello han enviado las dosis necesarias, el cincuenta por ciento al Hospital y la otra mitad a nuestra Direcci\u00f3n de Salud.<\/p>\n<p>Como anticip\u00e9, hay determinadas salas en las que se lleva a cabo esta vacunaci\u00f3n, por ejemplo las ubicadas en los Barrios G\u00fcemes, San Jos\u00e9, Los Duraznos y desde ya el centro Integrador Complementario (CIC) que como se sabe abarca a una importante cantidad de barrios muy poblados.<\/p>\n<p>Por otra parte hay que decir que nuestra tarea no concluye con la aplicaci\u00f3n de acuerdo al cronograma correspondiente de la vacuna, sabemos que son tres dosis, siendo la segunda a los treinta d\u00edas de haberse inyectado la primera y la tercera y \u00faltima a los seis meses sino que debemos concretar de manera estricta el seguimiento de cada una de las ni\u00f1as vacunadas para evitar que se olviden de cumplir luego de la primera con las restantes dosis, por tal motivo nuestras asistentes sociales llevar un pormenorizado control con las planillas respectivas y de esa manera se encargan cuando falta pocos d\u00edas para la fecha de efectuar el aviso correspondiente a los padres para que cumplan con el requisito.<\/p>\n<p>Hay que tomar la debida conciencia que si no se completa el esquema con las tres dosis, la vacuna en si no cumple con la funci\u00f3n para lo cual se la suministra y de nada sirve el gasto realizado y desperdiciamos dosis que en el futuro podemos estar necesitando.<\/p>\n<p>Hasta el momento al menos en nuestras salas la concurrencia ha sido muy buen, principalmente las madres concurren sin mayores inconvenientes por lo cual creo que en pocos d\u00edas estaremos concluyendo la primera etapa y por lo que tengo entendido ya desde el ministerio de Salud de la Naci\u00f3n se est\u00e1 preparando el envi\u00f3 a nuestra ciudad de las dosis que corresponden a la segunda aplicaci\u00f3n que de acuerdo a las fechas que anejo podr\u00edamos estar comenzando en alrededor de veinte d\u00edas m\u00e1s\u201d.<\/p>\n<p>&nbsp;<\/p>\n","protected":false},"excerpt":{"rendered":"<p>Se sigue llevando a cabo en nuestra ciudad la vacunaci\u00f3n obligatoria a todas las ni\u00f1as nacidas a lo largo del &#8230; <a title=\"Contin\u00faa la vacunaci\u00f3n obligatoria a ni\u00f1as nacidas en el a\u00f1o 2000\" class=\"read-more\" href=\"https:\/\/www.hoymercedes.com.ar\/principal\/2011\/11\/09\/continua-la-vacunacion-obligatoria-a-ninas-nacidas-en-el-ano-2000\/\" aria-label=\"Leer m\u00e1s sobre Contin\u00faa la vacunaci\u00f3n obligatoria a ni\u00f1as nacidas en el a\u00f1o 2000\">Leer m\u00e1s<\/a><\/p>\n","protected":false},"author":1,"featured_media":0,"comment_status":"open","ping_status":"open","sticky":false,"template":"","format":"standard","meta":{"_monsterinsights_skip_tracking":false,"_monsterinsights_sitenote_active":false,"_monsterinsights_sitenote_note":"","_monsterinsights_sitenote_category":0,"jetpack_post_was_ever_published":false,"_jetpack_newsletter_access":"","_jetpack_dont_email_post_to_subs":false,"_jetpack_newsletter_tier_id":0,"_jetpack_memberships_contains_paywalled_content":false,"_jetpack_memberships_contains_paid_content":false,"footnotes":"","jetpack_publicize_message":"","jetpack_publicize_feature_enabled":true,"jetpack_social_post_already_shared":false,"jetpack_social_options":{"image_generator_settings":{"template":"highway","default_image_id":0,"font":"","enabled":false},"version":2},"_wpas_customize_per_network":false},"categories":[8],"tags":[1562,1563],"class_list":["post-8977","post","type-post","status-publish","format-standard","hentry","category-sociedad","tag-san-jose","tag-vacunacion-gratis","generate-columns","tablet-grid-50","mobile-grid-100","grid-parent","grid-50"],"jetpack_publicize_connections":[],"jetpack_featured_media_url":"","wps_subtitle":"","jetpack_sharing_enabled":true,"_links":{"self":[{"href":"https:\/\/www.hoymercedes.com.ar\/principal\/wp-json\/wp\/v2\/posts\/8977","targetHints":{"allow":["GET"]}}],"collection":[{"href":"https:\/\/www.hoymercedes.com.ar\/principal\/wp-json\/wp\/v2\/posts"}],"about":[{"href":"https:\/\/www.hoymercedes.com.ar\/principal\/wp-json\/wp\/v2\/types\/post"}],"author":[{"embeddable":true,"href":"https:\/\/www.hoymercedes.com.ar\/principal\/wp-json\/wp\/v2\/users\/1"}],"replies":[{"embeddable":true,"href":"https:\/\/www.hoymercedes.com.ar\/principal\/wp-json\/wp\/v2\/comments?post=8977"}],"version-history":[{"count":0,"href":"https:\/\/www.hoymercedes.com.ar\/principal\/wp-json\/wp\/v2\/posts\/8977\/revisions"}],"wp:attachment":[{"href":"https:\/\/www.hoymercedes.com.ar\/principal\/wp-json\/wp\/v2\/media?parent=8977"}],"wp:term":[{"taxonomy":"category","embeddable":true,"href":"https:\/\/www.hoymercedes.com.ar\/principal\/wp-json\/wp\/v2\/categories?post=8977"},{"taxonomy":"post_tag","embeddable":true,"href":"https:\/\/www.hoymercedes.com.ar\/principal\/wp-json\/wp\/v2\/tags?post=8977"}],"curies":[{"name":"wp","href":"https:\/\/api.w.org\/{rel}","templated":true}]}}