{"id":89772,"date":"2019-03-20T11:20:11","date_gmt":"2019-03-20T14:20:11","guid":{"rendered":"http:\/\/www.hoymercedes.com.ar\/principal\/?p=89772"},"modified":"2019-03-20T10:14:18","modified_gmt":"2019-03-20T13:14:18","slug":"procesan-para-su-reciclado-10-toneladas-de-residuos-electronicos","status":"publish","type":"post","link":"https:\/\/www.hoymercedes.com.ar\/principal\/2019\/03\/20\/procesan-para-su-reciclado-10-toneladas-de-residuos-electronicos\/","title":{"rendered":"Procesan para su reciclado 10 toneladas de residuos electr\u00f3nicos"},"content":{"rendered":"\n<p>El departamento de Ambiente y el programa de reciclado de materiales el\u00e9ctricos y tecnol\u00f3gicos implementado por la Municipalidad de Mercedes superaron las 10 toneladas de elementos reciclados. Con un trabajo constante junto a los vecinos se envi\u00f3 el material a Capital Federal para su correcto tratamiento, cuidando el ambiente, el espacio p\u00fablico y dando soluciones a los vecinos que muchas veces acumulaban aparatos el\u00e9ctricos y electr\u00f3nicos (RAEEs) sin saber qu\u00e9 hacer con ellos.<\/p>\n\n\n\n<p>Este martes se gener\u00f3 un nuevo traslado desde el centro de acopio previo al envi\u00f3 ubicado en calle 6 y 29. Es el cuarto gran retiro tras la firma de convenio que hizo el intendente Juan Ustarroz con la Cooperativa Reciclando Trabajo y Dignidad siendo lo resultados muy positivos para todos.<\/p>\n\n\n\n<p>\u201cDe esta manera, y con la colaboraci\u00f3n de todos los vecinos de la ciudad, superamos los 100000 kg de RAEEs recolectados. 10 toneladas de residuos menos en la ciudad y que se transforman en empleo para los empleados de la Cooperativa\u201d remarc\u00f3 Juan Mend\u00eda, responsable del \u00e1rea.<\/p>\n\n\n\n<p>\u201cEsto significa menos contaminaci\u00f3n, un trabajo y acci\u00f3n para dar soluciones a los vecinos, crear modelos sustentables de tratamientos de residuos y una pol\u00edtica de Estado que avanza generando estos importantes beneficios\u201d, mencion\u00f3 entre otros conceptos el intendente Ustarroz.<\/p>\n\n\n\n<p>Mend\u00eda adem\u00e1s record\u00f3 que \u201c para m\u00e1s informaci\u00f3n los vecinos pueden contactar al Departamento de Ambiente al 430355\u201d<\/p>\n","protected":false},"excerpt":{"rendered":"<p>El departamento de Ambiente y el programa de reciclado de materiales el\u00e9ctricos y tecnol\u00f3gicos implementado por la Municipalidad de Mercedes &#8230; <a title=\"Procesan para su reciclado 10 toneladas de residuos electr\u00f3nicos\" class=\"read-more\" href=\"https:\/\/www.hoymercedes.com.ar\/principal\/2019\/03\/20\/procesan-para-su-reciclado-10-toneladas-de-residuos-electronicos\/\" aria-label=\"Leer m\u00e1s sobre Procesan para su reciclado 10 toneladas de residuos electr\u00f3nicos\">Leer m\u00e1s<\/a><\/p>\n","protected":false},"author":1,"featured_media":89773,"comment_status":"closed","ping_status":"open","sticky":false,"template":"","format":"standard","meta":{"_monsterinsights_skip_tracking":false,"_monsterinsights_sitenote_active":false,"_monsterinsights_sitenote_note":"","_monsterinsights_sitenote_category":0,"jetpack_post_was_ever_published":false,"_jetpack_newsletter_access":"","_jetpack_dont_email_post_to_subs":false,"_jetpack_newsletter_tier_id":0,"_jetpack_memberships_contains_paywalled_content":false,"_jetpack_memberships_contains_paid_content":false,"footnotes":"","jetpack_publicize_message":"","jetpack_publicize_feature_enabled":true,"jetpack_social_post_already_shared":true,"jetpack_social_options":{"image_generator_settings":{"template":"highway","default_image_id":0,"font":"","enabled":false},"version":2},"_wpas_customize_per_network":false},"categories":[30],"tags":[14653,244,14654],"class_list":["post-89772","post","type-post","status-publish","format-standard","has-post-thumbnail","hentry","category-municipio","tag-area-ambiente","tag-municipio-2","tag-residuos-electronicos","generate-columns","tablet-grid-50","mobile-grid-100","grid-parent","grid-50"],"jetpack_publicize_connections":[],"jetpack_featured_media_url":"https:\/\/www.hoymercedes.com.ar\/principal\/wp-content\/uploads\/2019\/03\/20-reciclado-1.jpeg","wps_subtitle":"\u00c1rea de ambiente","jetpack_sharing_enabled":true,"_links":{"self":[{"href":"https:\/\/www.hoymercedes.com.ar\/principal\/wp-json\/wp\/v2\/posts\/89772","targetHints":{"allow":["GET"]}}],"collection":[{"href":"https:\/\/www.hoymercedes.com.ar\/principal\/wp-json\/wp\/v2\/posts"}],"about":[{"href":"https:\/\/www.hoymercedes.com.ar\/principal\/wp-json\/wp\/v2\/types\/post"}],"author":[{"embeddable":true,"href":"https:\/\/www.hoymercedes.com.ar\/principal\/wp-json\/wp\/v2\/users\/1"}],"replies":[{"embeddable":true,"href":"https:\/\/www.hoymercedes.com.ar\/principal\/wp-json\/wp\/v2\/comments?post=89772"}],"version-history":[{"count":0,"href":"https:\/\/www.hoymercedes.com.ar\/principal\/wp-json\/wp\/v2\/posts\/89772\/revisions"}],"wp:featuredmedia":[{"embeddable":true,"href":"https:\/\/www.hoymercedes.com.ar\/principal\/wp-json\/wp\/v2\/media\/89773"}],"wp:attachment":[{"href":"https:\/\/www.hoymercedes.com.ar\/principal\/wp-json\/wp\/v2\/media?parent=89772"}],"wp:term":[{"taxonomy":"category","embeddable":true,"href":"https:\/\/www.hoymercedes.com.ar\/principal\/wp-json\/wp\/v2\/categories?post=89772"},{"taxonomy":"post_tag","embeddable":true,"href":"https:\/\/www.hoymercedes.com.ar\/principal\/wp-json\/wp\/v2\/tags?post=89772"}],"curies":[{"name":"wp","href":"https:\/\/api.w.org\/{rel}","templated":true}]}}