{"id":89779,"date":"2019-03-20T10:40:15","date_gmt":"2019-03-20T13:40:15","guid":{"rendered":"http:\/\/www.hoymercedes.com.ar\/principal\/?p=89779"},"modified":"2019-03-20T15:50:05","modified_gmt":"2019-03-20T18:50:05","slug":"detienen-a-masculino-acusado-de-abuso-sexual","status":"publish","type":"post","link":"https:\/\/www.hoymercedes.com.ar\/principal\/2019\/03\/20\/detienen-a-masculino-acusado-de-abuso-sexual\/","title":{"rendered":"Detienen a masculino acusado de abuso sexual"},"content":{"rendered":"\n<p>La Polic\u00eda Comunal a cargo del Comisario Sergio Macedo fue part\u00edcipe de una importante investigaci\u00f3n que permiti\u00f3 detener a un masculino acusado de \u201cabuso sexual gravemente ultrajante\u201d. El operativo se concret\u00f3 en la Capital Federal y los uniformados trabajaron de manera encubierta.<\/p>\n\n\n\n<figure class=\"wp-block-image\"><img loading=\"lazy\" decoding=\"async\" width=\"750\" height=\"499\" data-attachment-id=\"89782\" data-permalink=\"https:\/\/www.hoymercedes.com.ar\/principal\/2019\/03\/20\/detienen-a-masculino-acusado-de-abuso-sexual\/20-detencion-policial\/#main\" data-orig-file=\"https:\/\/www.hoymercedes.com.ar\/principal\/wp-content\/uploads\/2019\/03\/20-detenci\u00f3n-policial.jpg\" data-orig-size=\"750,499\" data-comments-opened=\"0\" data-image-meta=\"{&quot;aperture&quot;:&quot;0&quot;,&quot;credit&quot;:&quot;&quot;,&quot;camera&quot;:&quot;&quot;,&quot;caption&quot;:&quot;&quot;,&quot;created_timestamp&quot;:&quot;0&quot;,&quot;copyright&quot;:&quot;&quot;,&quot;focal_length&quot;:&quot;0&quot;,&quot;iso&quot;:&quot;0&quot;,&quot;shutter_speed&quot;:&quot;0&quot;,&quot;title&quot;:&quot;&quot;,&quot;orientation&quot;:&quot;0&quot;}\" data-image-title=\"20 detenci\u00f3n policial\" data-image-description=\"\" data-image-caption=\"\" data-large-file=\"https:\/\/www.hoymercedes.com.ar\/principal\/wp-content\/uploads\/2019\/03\/20-detenci\u00f3n-policial.jpg\" src=\"https:\/\/www.hoymercedes.com.ar\/principal\/wp-content\/uploads\/2019\/03\/20-detenci\u00f3n-policial.jpg\" alt=\"\" class=\"wp-image-89782\" srcset=\"https:\/\/www.hoymercedes.com.ar\/principal\/wp-content\/uploads\/2019\/03\/20-detenci\u00f3n-policial.jpg 750w, https:\/\/www.hoymercedes.com.ar\/principal\/wp-content\/uploads\/2019\/03\/20-detenci\u00f3n-policial-150x100.jpg 150w, https:\/\/www.hoymercedes.com.ar\/principal\/wp-content\/uploads\/2019\/03\/20-detenci\u00f3n-policial-630x419.jpg 630w, https:\/\/www.hoymercedes.com.ar\/principal\/wp-content\/uploads\/2019\/03\/20-detenci\u00f3n-policial-720x480.jpg 720w, https:\/\/www.hoymercedes.com.ar\/principal\/wp-content\/uploads\/2019\/03\/20-detenci\u00f3n-policial-360x240.jpg 360w\" sizes=\"auto, (max-width: 750px) 100vw, 750px\" \/><\/figure>\n\n\n\n<p>El Comisario Macedo destac\u00f3 \u201cel compromiso y dedicaci\u00f3n del grupo operativo que permiti\u00f3 dar respuesta a una demanda social y judicial\u201d sin olvidar \u201cconstantemente se trabaja mano a mano con la justicia\u201d<\/p>\n\n\n\n<p>La situaci\u00f3n permiti\u00f3 detener a un masculino de apellido Romay, domiciliado en Villa General Mitre, de 44 a\u00f1os de edad, quien ten\u00eda un pedido de captura emitido por la Justicia bajo car\u00e1tula \u201cAbuso sexual gravemente ultrajante, calificado por ser cometido por su ascendiente encargado de la guarda y contra una menor de 18 a\u00f1os, aprovechando la situaci\u00f3n de convivencia preexistente con la misma\u201d.  Cabe recordar que no se brinda el nombre completo ni su imagen por cuestiones de investigaci\u00f3n de la causa.<\/p>\n\n\n\n<p> En el hecho est\u00e1 interviniendo la UFI Y J N\u00b0 3 a cargo del Dr. Illanes Pedro y del Juzgado de Garant\u00edas N\u00b0 1 a cargo del Dr. Marcelo E. Romero, ambos del Depto. Judicial Mercedes.<\/p>\n\n\n\n<p>La polic\u00eda contaba con una fotograf\u00eda previa del sujeto, lo que le permiti\u00f3 avanzar r\u00e1pidamente en la identificaci\u00f3n, dada la investigaci\u00f3n previa con que contaba. <\/p>\n\n\n\n<p> Los uniformados trabajaron de manera encubierta, como se dijo,  y fue as\u00ed que lograron acercase al mencionado pudiendo ahora ya estar a disposici\u00f3n de la justicia.<\/p>\n","protected":false},"excerpt":{"rendered":"<p>La Polic\u00eda Comunal a cargo del Comisario Sergio Macedo fue part\u00edcipe de una importante investigaci\u00f3n que permiti\u00f3 detener a un &#8230; <a title=\"Detienen a masculino acusado de abuso sexual\" class=\"read-more\" href=\"https:\/\/www.hoymercedes.com.ar\/principal\/2019\/03\/20\/detienen-a-masculino-acusado-de-abuso-sexual\/\" aria-label=\"Leer m\u00e1s sobre Detienen a masculino acusado de abuso sexual\">Leer m\u00e1s<\/a><\/p>\n","protected":false},"author":1,"featured_media":89782,"comment_status":"closed","ping_status":"open","sticky":false,"template":"","format":"standard","meta":{"_monsterinsights_skip_tracking":false,"_monsterinsights_sitenote_active":false,"_monsterinsights_sitenote_note":"","_monsterinsights_sitenote_category":0,"jetpack_post_was_ever_published":false,"_jetpack_newsletter_access":"","_jetpack_dont_email_post_to_subs":false,"_jetpack_newsletter_tier_id":0,"_jetpack_memberships_contains_paywalled_content":false,"_jetpack_memberships_contains_paid_content":false,"footnotes":"","jetpack_publicize_message":"","jetpack_publicize_feature_enabled":true,"jetpack_social_post_already_shared":true,"jetpack_social_options":{"image_generator_settings":{"template":"highway","default_image_id":0,"font":"","enabled":false},"version":2},"_wpas_customize_per_network":false},"categories":[85],"tags":[5797,10352,96],"class_list":["post-89779","post","type-post","status-publish","format-standard","has-post-thumbnail","hentry","category-policial","tag-abuso-sexual","tag-detencion","tag-policial-2","generate-columns","tablet-grid-50","mobile-grid-100","grid-parent","grid-50"],"jetpack_publicize_connections":[],"jetpack_featured_media_url":"https:\/\/www.hoymercedes.com.ar\/principal\/wp-content\/uploads\/2019\/03\/20-detenci\u00f3n-policial.jpg","wps_subtitle":"Trabajando encubierto","jetpack_sharing_enabled":true,"_links":{"self":[{"href":"https:\/\/www.hoymercedes.com.ar\/principal\/wp-json\/wp\/v2\/posts\/89779","targetHints":{"allow":["GET"]}}],"collection":[{"href":"https:\/\/www.hoymercedes.com.ar\/principal\/wp-json\/wp\/v2\/posts"}],"about":[{"href":"https:\/\/www.hoymercedes.com.ar\/principal\/wp-json\/wp\/v2\/types\/post"}],"author":[{"embeddable":true,"href":"https:\/\/www.hoymercedes.com.ar\/principal\/wp-json\/wp\/v2\/users\/1"}],"replies":[{"embeddable":true,"href":"https:\/\/www.hoymercedes.com.ar\/principal\/wp-json\/wp\/v2\/comments?post=89779"}],"version-history":[{"count":0,"href":"https:\/\/www.hoymercedes.com.ar\/principal\/wp-json\/wp\/v2\/posts\/89779\/revisions"}],"wp:featuredmedia":[{"embeddable":true,"href":"https:\/\/www.hoymercedes.com.ar\/principal\/wp-json\/wp\/v2\/media\/89782"}],"wp:attachment":[{"href":"https:\/\/www.hoymercedes.com.ar\/principal\/wp-json\/wp\/v2\/media?parent=89779"}],"wp:term":[{"taxonomy":"category","embeddable":true,"href":"https:\/\/www.hoymercedes.com.ar\/principal\/wp-json\/wp\/v2\/categories?post=89779"},{"taxonomy":"post_tag","embeddable":true,"href":"https:\/\/www.hoymercedes.com.ar\/principal\/wp-json\/wp\/v2\/tags?post=89779"}],"curies":[{"name":"wp","href":"https:\/\/api.w.org\/{rel}","templated":true}]}}