{"id":89793,"date":"2019-03-20T14:22:06","date_gmt":"2019-03-20T17:22:06","guid":{"rendered":"http:\/\/www.hoymercedes.com.ar\/principal\/?p=89793"},"modified":"2019-03-20T15:30:16","modified_gmt":"2019-03-20T18:30:16","slug":"nuevo-basural-a-cielo-abierto-en-carmen-de-areco","status":"publish","type":"post","link":"https:\/\/www.hoymercedes.com.ar\/principal\/2019\/03\/20\/nuevo-basural-a-cielo-abierto-en-carmen-de-areco\/","title":{"rendered":"Nuevo basural a cielo abierto en Carmen de Areco"},"content":{"rendered":"\n<p>Por Cristi\u00e1n Frers* El 19 de\nmarzo del 2019, los residentes de la zona rural cercana a la Escuela 14 en la\nlocalidad de Carmen de Areco \u2013 Provincia de Buenos Aires, impidieron que los\ncamiones Municipales descarguen basura en un nuevo predio a cielo abierto que\nse suman al predio Municipal, a la Cava y al basurero de la Escuela 5.<\/p>\n\n\n\n<p>En Argentina, cada habitante\ngenera casi un kilo de basura por d\u00eda y, seg\u00fan datos de la Secretaria de\nAmbiente y Desarrollo Sustentable, se estima que la cantidad de residuos se\nincrementaran el 24% hacia el 2025, actualmente, el pa\u00eds produce 12.325.000\ntoneladas de basura por a\u00f1o, de las cuales, 4.248.000 son aportadas por la\nProvincia de Buenos Aires.<\/p>\n\n\n\n<p>El concejal Iv\u00e1n Villagr\u00e1n \u00a0del Partido Unidad Ciudadana expreso \u201cAcompa\u00f1o a los vecinos en este reclamo que es un reclamo totalmente leg\u00edtimo. Nosotros presentamos una nota en su momento, firmada por los vecinos, al intendente y no hubo respuestas. Se present\u00f3 el tema en el Concejo Deliberante, tampoco hubo respuestas\u201d\u00a0 el concejal continuo \u00a0\u201cLos vecinos tomaron esta acci\u00f3n que es totalmente democr\u00e1tica de manera pac\u00edfica. Que esta, no solamente ayudando a que ellos puedan tener un bienestar en su salud y en su econom\u00eda, porque esto tambi\u00e9n a corto y mediano plazo va a terminar perjudicando la salud y la econom\u00eda de las personas que lo rodean\u201d Villagr\u00e1n dijo \u201cPorque ac\u00e1, las bolsas de nailon que se ven se las comen las vacas que se terminan muriendo, se contaminan las napas y las aguas que los vecinos toman o las aguas que toman los pollos no permitir\u00edan comercializarlos, entonces tambi\u00e9n frenar\u00edan la producci\u00f3n, y aparte le hace ahorrar plata al municipio porque esto es plausible de un juicio hacia la Municipalidad ya que la Municipalidad est\u00e1 haciendo un basural clandestino porque no est\u00e1 habilitado, porque no tiene la autorizaci\u00f3n como corresponde y no est\u00e1n los papeles, en un lugar que no corresponde\u201d. \u00a0<\/p>\n\n\n\n<p>El concejal de Unidad Ciudadana termin\u00f3 comunicando: \u201cEntonces, la gente perjudicada podr\u00edan llevar a cabo una acci\u00f3n colectiva contra la Municipalidad por el da\u00f1o que este basural est\u00e1 generando y el da\u00f1o potencial que podr\u00eda generar.\u00a0 Es una medida, totalmente leg\u00edtima, de manera pac\u00edfica, donde los hemos acompa\u00f1ado desde el primer momento y los vamos a seguir acompa\u00f1ando porque creemos que estas cosas no ayudan en nada en cuidar a la comunidad. Pareciera que estas cosas no se piensan, no se planifica, necesitamos un mayor compromiso en todos los lugares de Carmen de Areco, que hoy se encuentran abandonados a la intemperie\u201d.  <\/p>\n\n\n\n<p>La ley de residuos s\u00f3lidos\nurbanos establece que la gesti\u00f3n de residuos urbanos es competencia municipal.\nLos municipios deben tener un plan de gesti\u00f3n aprobado por la Provincia y ese\nplan se debe presentar en el Organismo Provincial para el Desarrollo Sostenible\n(OPDS).<\/p>\n\n\n\n<p>El intendente de Carmen de Areco,\nMarcelo A. Skansi, en el a\u00f1o 2007, el 25 de agosto en el Diario El\nIndependiente, declaro: \u201cSobre el tema del basural venimos hablando desde hace\ndos a\u00f1os con una persona que nos present\u00f3 un proyecto de reforma del basural\nque es integral, el cual pasar\u00eda a ser un lugar en \u00f3ptimas condiciones, donde\nno haya ratas y se recicle la basura. Enterrando lo que no se pueda reciclar y\ntransformando lo que es org\u00e1nico en humus\u201c\u2026 Han pasado casi 12 a\u00f1os de aquella\ndeclaraci\u00f3n y nada ha cambiado en la localidad.<\/p>\n\n\n\n<p>Parecer\u00e1 gracioso, pero la basura\nes cara. Tenemos que pagar para que vengan con camiones a recogerla; tenemos\nque pagar para que construyan vertederos en los cuales enterrar la basura, y\ntenemos que pagar un salario a unas personas para que se ocupen de estos\nasuntos.<\/p>\n\n\n\n<p>Si producimos menos basura,\nnuestras comunidades pueden ahorrar dinero, lo cual significa que ese dinero\npodr\u00eda emplearse en otras cosas, es por este motivo que durante a\u00f1os he\npropuesto que se incentive el reciclaje en la localidad de Carmen de Areco.<\/p>\n\n\n\n<p><strong>\u00bfC\u00f3mo reciclarla?<\/strong>\nEs una pregunta cuya respuesta encierra uno de los problemas m\u00e1s serios que\nenfrentan las ciudades y en el pa\u00eds no es la excepci\u00f3n.\nLa clave se encuentra en profundizar el cambio cultural para dejar de pensar el\nresiduo como un desecho y entenderlo como un recurso.<br>\n\u00bfSab\u00edas que una botella de vidrio tarda miles de a\u00f1os en descomponerse?\nEntender el impacto que tiene no meter cada producto en el envase correcto es\nmotivo m\u00e1s que suficiente para aprender c\u00f3mo reciclar correctamente.<\/p>\n\n\n\n<p><strong>\u201cPara qu\u00e9 voy a reciclar, si luego todo va al mismo sitio\u201d<\/strong><strong>,<\/strong> es un t\u00f3pico al que muchos\nrecurren para excusar por qu\u00e9 no empiezan a separar la basura en casa. Sin\nembargo, esta afirmaci\u00f3n no es m\u00e1s que uno de los motivos por los cuales los\nresiduos acaban mezclados bajo tierra, tardando miles de a\u00f1os en descomponerse\ny da\u00f1ando gravemente al ambiente.<\/p>\n\n\n\n<p>*Cristi\u00e1n Frers \u2013 T\u00e9cnico\nSuperior en Gesti\u00f3n Ambiental y T\u00e9cnico Superior en Comunicaci\u00f3n Social\n(Periodista). <\/p>\n","protected":false},"excerpt":{"rendered":"<p>Por Cristi\u00e1n Frers* El 19 de marzo del 2019, los residentes de la zona rural cercana a la Escuela 14 &#8230; <a title=\"Nuevo basural a cielo abierto en Carmen de Areco\" class=\"read-more\" href=\"https:\/\/www.hoymercedes.com.ar\/principal\/2019\/03\/20\/nuevo-basural-a-cielo-abierto-en-carmen-de-areco\/\" aria-label=\"Leer m\u00e1s sobre Nuevo basural a cielo abierto en Carmen de Areco\">Leer m\u00e1s<\/a><\/p>\n","protected":false},"author":1,"featured_media":89794,"comment_status":"closed","ping_status":"open","sticky":false,"template":"","format":"standard","meta":{"_monsterinsights_skip_tracking":false,"_monsterinsights_sitenote_active":false,"_monsterinsights_sitenote_note":"","_monsterinsights_sitenote_category":0,"jetpack_post_was_ever_published":false,"_jetpack_newsletter_access":"","_jetpack_dont_email_post_to_subs":false,"_jetpack_newsletter_tier_id":0,"_jetpack_memberships_contains_paywalled_content":false,"_jetpack_memberships_contains_paid_content":false,"footnotes":"","jetpack_publicize_message":"","jetpack_publicize_feature_enabled":true,"jetpack_social_post_already_shared":true,"jetpack_social_options":{"image_generator_settings":{"template":"highway","default_image_id":0,"font":"","enabled":false},"version":2},"_wpas_customize_per_network":false},"categories":[1],"tags":[14656,3169,8748,1057],"class_list":["post-89793","post","type-post","status-publish","format-standard","has-post-thumbnail","hentry","category-opinion","tag-basural-a-cielo-abierto","tag-carmen-de-areco","tag-opinion","tag-regional","generate-columns","tablet-grid-50","mobile-grid-100","grid-parent","grid-50"],"jetpack_publicize_connections":[],"jetpack_featured_media_url":"https:\/\/www.hoymercedes.com.ar\/principal\/wp-content\/uploads\/2019\/03\/20-basural-areco.jpg","wps_subtitle":"Ser\u00eda el cuarto basural","jetpack_sharing_enabled":true,"_links":{"self":[{"href":"https:\/\/www.hoymercedes.com.ar\/principal\/wp-json\/wp\/v2\/posts\/89793","targetHints":{"allow":["GET"]}}],"collection":[{"href":"https:\/\/www.hoymercedes.com.ar\/principal\/wp-json\/wp\/v2\/posts"}],"about":[{"href":"https:\/\/www.hoymercedes.com.ar\/principal\/wp-json\/wp\/v2\/types\/post"}],"author":[{"embeddable":true,"href":"https:\/\/www.hoymercedes.com.ar\/principal\/wp-json\/wp\/v2\/users\/1"}],"replies":[{"embeddable":true,"href":"https:\/\/www.hoymercedes.com.ar\/principal\/wp-json\/wp\/v2\/comments?post=89793"}],"version-history":[{"count":0,"href":"https:\/\/www.hoymercedes.com.ar\/principal\/wp-json\/wp\/v2\/posts\/89793\/revisions"}],"wp:featuredmedia":[{"embeddable":true,"href":"https:\/\/www.hoymercedes.com.ar\/principal\/wp-json\/wp\/v2\/media\/89794"}],"wp:attachment":[{"href":"https:\/\/www.hoymercedes.com.ar\/principal\/wp-json\/wp\/v2\/media?parent=89793"}],"wp:term":[{"taxonomy":"category","embeddable":true,"href":"https:\/\/www.hoymercedes.com.ar\/principal\/wp-json\/wp\/v2\/categories?post=89793"},{"taxonomy":"post_tag","embeddable":true,"href":"https:\/\/www.hoymercedes.com.ar\/principal\/wp-json\/wp\/v2\/tags?post=89793"}],"curies":[{"name":"wp","href":"https:\/\/api.w.org\/{rel}","templated":true}]}}