{"id":89806,"date":"2019-03-20T18:00:55","date_gmt":"2019-03-20T21:00:55","guid":{"rendered":"http:\/\/www.hoymercedes.com.ar\/principal\/?p=89806"},"modified":"2019-03-20T16:32:49","modified_gmt":"2019-03-20T19:32:49","slug":"suman-electrocardiograma-al-caps-blandengues","status":"publish","type":"post","link":"https:\/\/www.hoymercedes.com.ar\/principal\/2019\/03\/20\/suman-electrocardiograma-al-caps-blandengues\/","title":{"rendered":"Suman electrocardiograma al CAPS Blandengues"},"content":{"rendered":"\n<p>El Municipio de Mercedes a trav\u00e9s de la Secretar\u00eda de Salud, entreg\u00f3 en el Centro de Atenci\u00f3n Primaria del barrio Blandengues, un equipo de electrocardiograf\u00edas y uniformes a todo el equipo de profesionales. La contribuci\u00f3n va en consonancia con el programa ProSaDeM (Programa de sanidad en el deporte municipal). <\/p>\n\n\n\n<figure class=\"wp-block-image\"><img loading=\"lazy\" decoding=\"async\" width=\"750\" height=\"428\" data-attachment-id=\"89807\" data-permalink=\"https:\/\/www.hoymercedes.com.ar\/principal\/2019\/03\/20\/suman-electrocardiograma-al-caps-blandengues\/21-blandenguez-entrega\/#main\" data-orig-file=\"https:\/\/www.hoymercedes.com.ar\/principal\/wp-content\/uploads\/2019\/03\/21-Blandenguez-Entrega.jpg\" data-orig-size=\"750,428\" data-comments-opened=\"0\" data-image-meta=\"{&quot;aperture&quot;:&quot;0&quot;,&quot;credit&quot;:&quot;&quot;,&quot;camera&quot;:&quot;&quot;,&quot;caption&quot;:&quot;&quot;,&quot;created_timestamp&quot;:&quot;0&quot;,&quot;copyright&quot;:&quot;&quot;,&quot;focal_length&quot;:&quot;0&quot;,&quot;iso&quot;:&quot;0&quot;,&quot;shutter_speed&quot;:&quot;0&quot;,&quot;title&quot;:&quot;&quot;,&quot;orientation&quot;:&quot;0&quot;}\" data-image-title=\"21 Blandenguez-Entrega\" data-image-description=\"\" data-image-caption=\"\" data-large-file=\"https:\/\/www.hoymercedes.com.ar\/principal\/wp-content\/uploads\/2019\/03\/21-Blandenguez-Entrega.jpg\" src=\"https:\/\/www.hoymercedes.com.ar\/principal\/wp-content\/uploads\/2019\/03\/21-Blandenguez-Entrega.jpg\" alt=\"\" class=\"wp-image-89807\" srcset=\"https:\/\/www.hoymercedes.com.ar\/principal\/wp-content\/uploads\/2019\/03\/21-Blandenguez-Entrega.jpg 750w, https:\/\/www.hoymercedes.com.ar\/principal\/wp-content\/uploads\/2019\/03\/21-Blandenguez-Entrega-150x86.jpg 150w, https:\/\/www.hoymercedes.com.ar\/principal\/wp-content\/uploads\/2019\/03\/21-Blandenguez-Entrega-630x360.jpg 630w\" sizes=\"auto, (max-width: 750px) 100vw, 750px\" \/><\/figure>\n\n\n\n<p>En su recorrida, el jefe comunal Juan Ignacio Ustarroz y el Secretario de Salud el m\u00e9dico Pablo Cassiani dieron cuenta de la entrega de equipos para el CAPS del barrio Blandengues. \u00abIntentamos proveer las herramientas necesarias para que se pueda llevar adelante el cuidado de la salud de nuestra comunidad. Tener m\u00e1s y mejores herramientas hace que uno se sienta m\u00e1s capacitado para abrir las puertas de los CAPS\u00bb, expres\u00f3 el Intendente. <\/p>\n\n\n\n<p>Es as\u00ed como los funcionarios entregaron un equipo de electrocardiograf\u00eda y uniformes para los profesionales que trabajan en el CAPS. El equipamiento entregado permitir\u00e1 fortalecer la atenci\u00f3n a los vecinos del barrio para detectar potenciales cardiopat\u00edas, en especial en los ni\u00f1os y ni\u00f1as que practican deportes y se realizan estudios a ra\u00edz del ProSaDeM. <\/p>\n\n\n\n<p> Cabe destacar que el ProSaDeM es un programa que cuenta con equipo interdisciplinario de salud. El mismo efect\u00faa diferentes controles m\u00e9dicos a los chicos que concurren a los clubes de f\u00fatbol de Mercedes. Estos equipos, adem\u00e1s de sumar herramientas sanitarias para la atenci\u00f3n de los vecinos, tienen como idea descentralizar, a trav\u00e9s de los diferentes CAPS, los estudios que los j\u00f3venes de nuestra ciudad necesitan hacerse.  <br><\/p>\n","protected":false},"excerpt":{"rendered":"<p>El Municipio de Mercedes a trav\u00e9s de la Secretar\u00eda de Salud, entreg\u00f3 en el Centro de Atenci\u00f3n Primaria del barrio &#8230; <a title=\"Suman electrocardiograma al CAPS Blandengues\" class=\"read-more\" href=\"https:\/\/www.hoymercedes.com.ar\/principal\/2019\/03\/20\/suman-electrocardiograma-al-caps-blandengues\/\" aria-label=\"Leer m\u00e1s sobre Suman electrocardiograma al CAPS Blandengues\">Leer m\u00e1s<\/a><\/p>\n","protected":false},"author":1,"featured_media":89807,"comment_status":"closed","ping_status":"open","sticky":false,"template":"","format":"standard","meta":{"_monsterinsights_skip_tracking":false,"_monsterinsights_sitenote_active":false,"_monsterinsights_sitenote_note":"","_monsterinsights_sitenote_category":0,"jetpack_post_was_ever_published":false,"_jetpack_newsletter_access":"","_jetpack_dont_email_post_to_subs":false,"_jetpack_newsletter_tier_id":0,"_jetpack_memberships_contains_paywalled_content":false,"_jetpack_memberships_contains_paid_content":false,"footnotes":"","jetpack_publicize_message":"","jetpack_publicize_feature_enabled":true,"jetpack_social_post_already_shared":true,"jetpack_social_options":{"image_generator_settings":{"template":"highway","default_image_id":0,"font":"","enabled":false},"version":2},"_wpas_customize_per_network":false},"categories":[30],"tags":[1078,244,134],"class_list":["post-89806","post","type-post","status-publish","format-standard","has-post-thumbnail","hentry","category-municipio","tag-caps","tag-municipio-2","tag-salud","generate-columns","tablet-grid-50","mobile-grid-100","grid-parent","grid-50"],"jetpack_publicize_connections":[],"jetpack_featured_media_url":"https:\/\/www.hoymercedes.com.ar\/principal\/wp-content\/uploads\/2019\/03\/21-Blandenguez-Entrega.jpg","wps_subtitle":"","jetpack_sharing_enabled":true,"_links":{"self":[{"href":"https:\/\/www.hoymercedes.com.ar\/principal\/wp-json\/wp\/v2\/posts\/89806","targetHints":{"allow":["GET"]}}],"collection":[{"href":"https:\/\/www.hoymercedes.com.ar\/principal\/wp-json\/wp\/v2\/posts"}],"about":[{"href":"https:\/\/www.hoymercedes.com.ar\/principal\/wp-json\/wp\/v2\/types\/post"}],"author":[{"embeddable":true,"href":"https:\/\/www.hoymercedes.com.ar\/principal\/wp-json\/wp\/v2\/users\/1"}],"replies":[{"embeddable":true,"href":"https:\/\/www.hoymercedes.com.ar\/principal\/wp-json\/wp\/v2\/comments?post=89806"}],"version-history":[{"count":0,"href":"https:\/\/www.hoymercedes.com.ar\/principal\/wp-json\/wp\/v2\/posts\/89806\/revisions"}],"wp:featuredmedia":[{"embeddable":true,"href":"https:\/\/www.hoymercedes.com.ar\/principal\/wp-json\/wp\/v2\/media\/89807"}],"wp:attachment":[{"href":"https:\/\/www.hoymercedes.com.ar\/principal\/wp-json\/wp\/v2\/media?parent=89806"}],"wp:term":[{"taxonomy":"category","embeddable":true,"href":"https:\/\/www.hoymercedes.com.ar\/principal\/wp-json\/wp\/v2\/categories?post=89806"},{"taxonomy":"post_tag","embeddable":true,"href":"https:\/\/www.hoymercedes.com.ar\/principal\/wp-json\/wp\/v2\/tags?post=89806"}],"curies":[{"name":"wp","href":"https:\/\/api.w.org\/{rel}","templated":true}]}}