{"id":89828,"date":"2019-03-21T09:00:23","date_gmt":"2019-03-21T12:00:23","guid":{"rendered":"http:\/\/www.hoymercedes.com.ar\/principal\/?p=89828"},"modified":"2019-03-20T22:44:06","modified_gmt":"2019-03-21T01:44:06","slug":"rapida-intervencion-policial-con-allanamientos-detencion-y-secuestros-resuelve-robo-en-gowland%ef%bb%bf","status":"publish","type":"post","link":"https:\/\/www.hoymercedes.com.ar\/principal\/2019\/03\/21\/rapida-intervencion-policial-con-allanamientos-detencion-y-secuestros-resuelve-robo-en-gowland%ef%bb%bf\/","title":{"rendered":"R\u00e1pida intervenci\u00f3n policial, con allanamientos, detenci\u00f3n y secuestros, resuelve robo en Gowland\ufeff"},"content":{"rendered":"\n<p><br><\/p>\n\n\n\n<figure class=\"wp-block-image\"><img loading=\"lazy\" decoding=\"async\" width=\"800\" height=\"431\" data-attachment-id=\"89829\" data-permalink=\"https:\/\/www.hoymercedes.com.ar\/principal\/2019\/03\/21\/rapida-intervencion-policial-con-allanamientos-detencion-y-secuestros-resuelve-robo-en-gowland%ef%bb%bf\/detenido-gowland\/#main\" data-orig-file=\"https:\/\/www.hoymercedes.com.ar\/principal\/wp-content\/uploads\/2019\/03\/Detenido-Gowland.jpeg\" data-orig-size=\"800,431\" data-comments-opened=\"0\" data-image-meta=\"{&quot;aperture&quot;:&quot;0&quot;,&quot;credit&quot;:&quot;&quot;,&quot;camera&quot;:&quot;&quot;,&quot;caption&quot;:&quot;&quot;,&quot;created_timestamp&quot;:&quot;0&quot;,&quot;copyright&quot;:&quot;&quot;,&quot;focal_length&quot;:&quot;0&quot;,&quot;iso&quot;:&quot;0&quot;,&quot;shutter_speed&quot;:&quot;0&quot;,&quot;title&quot;:&quot;&quot;,&quot;orientation&quot;:&quot;0&quot;}\" data-image-title=\"Detenido-Gowland\" data-image-description=\"\" data-image-caption=\"\" data-large-file=\"https:\/\/www.hoymercedes.com.ar\/principal\/wp-content\/uploads\/2019\/03\/Detenido-Gowland.jpeg\" src=\"https:\/\/www.hoymercedes.com.ar\/principal\/wp-content\/uploads\/2019\/03\/Detenido-Gowland.jpeg\" alt=\"\" class=\"wp-image-89829\" srcset=\"https:\/\/www.hoymercedes.com.ar\/principal\/wp-content\/uploads\/2019\/03\/Detenido-Gowland.jpeg 800w, https:\/\/www.hoymercedes.com.ar\/principal\/wp-content\/uploads\/2019\/03\/Detenido-Gowland-150x81.jpeg 150w, https:\/\/www.hoymercedes.com.ar\/principal\/wp-content\/uploads\/2019\/03\/Detenido-Gowland-630x339.jpeg 630w\" sizes=\"auto, (max-width: 800px) 100vw, 800px\" \/><\/figure>\n\n\n\n<p>Los dirigidos por el Comisario\nSergio Macedo y tras una importante investigaci\u00f3n junto a la justicia local\nllevaron a cabo 5 allanamientos que permitieron detener al autor de un reciente\nrobo, incaut\u00e1ndose armas de fuego y elementos de prueba. <\/p>\n\n\n\n<figure class=\"wp-block-image\"><img loading=\"lazy\" decoding=\"async\" width=\"774\" height=\"685\" data-attachment-id=\"89830\" data-permalink=\"https:\/\/www.hoymercedes.com.ar\/principal\/2019\/03\/21\/rapida-intervencion-policial-con-allanamientos-detencion-y-secuestros-resuelve-robo-en-gowland%ef%bb%bf\/detenido-gowland-2\/#main\" data-orig-file=\"https:\/\/www.hoymercedes.com.ar\/principal\/wp-content\/uploads\/2019\/03\/Detenido-Gowland-2.jpeg\" data-orig-size=\"774,685\" data-comments-opened=\"0\" data-image-meta=\"{&quot;aperture&quot;:&quot;0&quot;,&quot;credit&quot;:&quot;&quot;,&quot;camera&quot;:&quot;&quot;,&quot;caption&quot;:&quot;&quot;,&quot;created_timestamp&quot;:&quot;0&quot;,&quot;copyright&quot;:&quot;&quot;,&quot;focal_length&quot;:&quot;0&quot;,&quot;iso&quot;:&quot;0&quot;,&quot;shutter_speed&quot;:&quot;0&quot;,&quot;title&quot;:&quot;&quot;,&quot;orientation&quot;:&quot;0&quot;}\" data-image-title=\"Detenido-Gowland-2\" data-image-description=\"\" data-image-caption=\"\" data-large-file=\"https:\/\/www.hoymercedes.com.ar\/principal\/wp-content\/uploads\/2019\/03\/Detenido-Gowland-2.jpeg\" src=\"https:\/\/www.hoymercedes.com.ar\/principal\/wp-content\/uploads\/2019\/03\/Detenido-Gowland-2.jpeg\" alt=\"\" class=\"wp-image-89830\" srcset=\"https:\/\/www.hoymercedes.com.ar\/principal\/wp-content\/uploads\/2019\/03\/Detenido-Gowland-2.jpeg 774w, https:\/\/www.hoymercedes.com.ar\/principal\/wp-content\/uploads\/2019\/03\/Detenido-Gowland-2-150x133.jpeg 150w, https:\/\/www.hoymercedes.com.ar\/principal\/wp-content\/uploads\/2019\/03\/Detenido-Gowland-2-630x558.jpeg 630w\" sizes=\"auto, (max-width: 774px) 100vw, 774px\" \/><\/figure>\n\n\n\n<p>Tras la denuncia de una vecina\nque fue damnificada por el mencionado acto delictivo en su finca de la\nlocalidad de Gowland se inici\u00f3 el proceso investigativo. Fue en la madrugada de\neste mi\u00e9rcoles donde tras forzar una reja el ahora detenido logra sustraer una\nplay station, un dispenser de agua, un dvd y un caloventor. Actu\u00f3 a partir de\nall\u00ed la Delegaci\u00f3n Gowland y la Estaci\u00f3n Comunal Mercedes.<\/p>\n\n\n\n<p>Logran, los agentes de seguridad,\nrecabar informaciones y testimonios suficientes para identificar a un sospechoso\nidentificado como \u201cEl Chaque\u00f1o\u201d y a partir de all\u00ed tambi\u00e9n dando lugar a un\ntrabajo en conjunto con la UFI N\u00b04 del Departamento Judicial Mercedes quien\ndispone los allanamientos efectuados durante el d\u00eda siendo el fiscal Lisandro\nMasson quien da intervenci\u00f3n.<\/p>\n\n\n\n<p>Tras la actuaci\u00f3n policial se\nlogran hallar elementos de prueba, como ser algunos de los sustra\u00eddos a la\nvecina, pero adem\u00e1s un arma tipo pistola marca bersa con proyectiles en su\ncargador, una escopeta Bentra con sus respectivos proyectiles y un rifle de\naire comprimido. <\/p>\n\n\n\n<p>Adem\u00e1s, urgentemente, se produce\nla aprehensi\u00f3n del acusado ahora a disposici\u00f3n de la justicia local.<\/p>\n\n\n\n<p>El Comisario Macedo aprovech\u00f3 la\nconsulta con los medios para \u201cfelicitar a todo el personal interviniente\nquienes con celeridad lograron esclarecer el hecho y poner a disposici\u00f3n de la\njusticia al acusado\u201d sin olvidar que \u201cuna vez m\u00e1s se vio un excelente trabajo\nen conjunto con la justicia mercedina\u201d siendo el tema r\u00e1pidamente resuelto.<\/p>\n\n\n\n<p>El detenido en las pr\u00f3ximas horas\ndeber\u00e1 comparecer ante el juzgado para continuar con la causa iniciada. <\/p>\n","protected":false},"excerpt":{"rendered":"<p>Los dirigidos por el Comisario Sergio Macedo y tras una importante investigaci\u00f3n junto a la justicia local llevaron a cabo &#8230; <a title=\"R\u00e1pida intervenci\u00f3n policial, con allanamientos, detenci\u00f3n y secuestros, resuelve robo en Gowland\ufeff\" class=\"read-more\" href=\"https:\/\/www.hoymercedes.com.ar\/principal\/2019\/03\/21\/rapida-intervencion-policial-con-allanamientos-detencion-y-secuestros-resuelve-robo-en-gowland%ef%bb%bf\/\" aria-label=\"Leer m\u00e1s sobre R\u00e1pida intervenci\u00f3n policial, con allanamientos, detenci\u00f3n y secuestros, resuelve robo en Gowland\ufeff\">Leer m\u00e1s<\/a><\/p>\n","protected":false},"author":1,"featured_media":89829,"comment_status":"closed","ping_status":"open","sticky":false,"template":"","format":"standard","meta":{"_monsterinsights_skip_tracking":false,"_monsterinsights_sitenote_active":false,"_monsterinsights_sitenote_note":"","_monsterinsights_sitenote_category":0,"jetpack_post_was_ever_published":false,"_jetpack_newsletter_access":"","_jetpack_dont_email_post_to_subs":false,"_jetpack_newsletter_tier_id":0,"_jetpack_memberships_contains_paywalled_content":false,"_jetpack_memberships_contains_paid_content":false,"footnotes":"","jetpack_publicize_message":"","jetpack_publicize_feature_enabled":true,"jetpack_social_post_already_shared":true,"jetpack_social_options":{"image_generator_settings":{"template":"highway","default_image_id":0,"font":"","enabled":false},"version":2},"_wpas_customize_per_network":false},"categories":[85],"tags":[],"class_list":["post-89828","post","type-post","status-publish","format-standard","has-post-thumbnail","hentry","category-policial","generate-columns","tablet-grid-50","mobile-grid-100","grid-parent","grid-50"],"jetpack_publicize_connections":[],"jetpack_featured_media_url":"https:\/\/www.hoymercedes.com.ar\/principal\/wp-content\/uploads\/2019\/03\/Detenido-Gowland.jpeg","wps_subtitle":"Detenido","jetpack_sharing_enabled":true,"_links":{"self":[{"href":"https:\/\/www.hoymercedes.com.ar\/principal\/wp-json\/wp\/v2\/posts\/89828","targetHints":{"allow":["GET"]}}],"collection":[{"href":"https:\/\/www.hoymercedes.com.ar\/principal\/wp-json\/wp\/v2\/posts"}],"about":[{"href":"https:\/\/www.hoymercedes.com.ar\/principal\/wp-json\/wp\/v2\/types\/post"}],"author":[{"embeddable":true,"href":"https:\/\/www.hoymercedes.com.ar\/principal\/wp-json\/wp\/v2\/users\/1"}],"replies":[{"embeddable":true,"href":"https:\/\/www.hoymercedes.com.ar\/principal\/wp-json\/wp\/v2\/comments?post=89828"}],"version-history":[{"count":0,"href":"https:\/\/www.hoymercedes.com.ar\/principal\/wp-json\/wp\/v2\/posts\/89828\/revisions"}],"wp:featuredmedia":[{"embeddable":true,"href":"https:\/\/www.hoymercedes.com.ar\/principal\/wp-json\/wp\/v2\/media\/89829"}],"wp:attachment":[{"href":"https:\/\/www.hoymercedes.com.ar\/principal\/wp-json\/wp\/v2\/media?parent=89828"}],"wp:term":[{"taxonomy":"category","embeddable":true,"href":"https:\/\/www.hoymercedes.com.ar\/principal\/wp-json\/wp\/v2\/categories?post=89828"},{"taxonomy":"post_tag","embeddable":true,"href":"https:\/\/www.hoymercedes.com.ar\/principal\/wp-json\/wp\/v2\/tags?post=89828"}],"curies":[{"name":"wp","href":"https:\/\/api.w.org\/{rel}","templated":true}]}}