{"id":8983,"date":"2011-11-09T15:58:40","date_gmt":"2011-11-09T15:58:40","guid":{"rendered":"http:\/\/www.hoymercedes.com.ar\/principal\/?p=8983"},"modified":"2011-11-09T15:58:40","modified_gmt":"2011-11-09T15:58:40","slug":"nuevo-equipamiento-de-comunicaciones-en-departamental-mercedes","status":"publish","type":"post","link":"https:\/\/www.hoymercedes.com.ar\/principal\/2011\/11\/09\/nuevo-equipamiento-de-comunicaciones-en-departamental-mercedes\/","title":{"rendered":"Nuevo equipamiento de comunicaciones en Departamental Mercedes"},"content":{"rendered":"<p><a href=\"https:\/\/www.hoymercedes.com.ar\/principal\/wp-content\/uploads\/2011\/11\/euipamiento-policia-I.jpg\"><img loading=\"lazy\" decoding=\"async\" data-attachment-id=\"8986\" data-permalink=\"https:\/\/www.hoymercedes.com.ar\/principal\/2011\/11\/09\/nuevo-equipamiento-de-comunicaciones-en-departamental-mercedes\/euipamiento-policia-i\/#main\" data-orig-file=\"https:\/\/www.hoymercedes.com.ar\/principal\/wp-content\/uploads\/2011\/11\/euipamiento-policia-I.jpg\" data-orig-size=\"612,459\" data-comments-opened=\"1\" data-image-meta=\"{&quot;aperture&quot;:&quot;2.8&quot;,&quot;credit&quot;:&quot;&quot;,&quot;camera&quot;:&quot;COOLPIX L10&quot;,&quot;caption&quot;:&quot;&quot;,&quot;created_timestamp&quot;:&quot;1320246374&quot;,&quot;copyright&quot;:&quot;Copyright 2006&quot;,&quot;focal_length&quot;:&quot;6.2&quot;,&quot;iso&quot;:&quot;400&quot;,&quot;shutter_speed&quot;:&quot;0.016666666666667&quot;,&quot;title&quot;:&quot;&quot;}\" data-image-title=\"euipamiento-policia-I\" data-image-description=\"\" data-image-caption=\"\" data-large-file=\"https:\/\/www.hoymercedes.com.ar\/principal\/wp-content\/uploads\/2011\/11\/euipamiento-policia-I.jpg\" class=\"aligncenter size-full wp-image-8986\" title=\"euipamiento-policia-I\" src=\"https:\/\/www.hoymercedes.com.ar\/principal\/wp-content\/uploads\/2011\/11\/euipamiento-policia-I.jpg\" alt=\"\" width=\"612\" height=\"459\" \/><\/a><\/p>\n<p>El responsable del sistema de emergencia 911 que opera en nuestra ciudad, Subcomisario Roberto Escalante present\u00f3 a los medios de prensa junto al m\u00e1ximo responsable del Foro de Seguridad de Mercedes Jorge Selva y el Director de Seguridad de la comuna Esteban Rossi la base de operaciones de emergencias de nuestra ciudad ubicado en el edificio de la Departamental Mercedes , calle 20 y 37, con el objetivo de mostrar como se ha diagramado el sistema conjunto de operaciones entre Polic\u00eda, Municipio, Cuerpo de Bomberos y el Hospital Blas L. Dubarry, dependencias oficiales que de ahora en m\u00e1s se encuentran comunicados radialmente entre si a lo largo de las 24 horas.<\/p>\n<p>Jorge Selva manifest\u00f3 \u201cesta es una idea que naci\u00f3 durante las reuniones conjuntas de trabajo que hemos realizado los responsables del n\u00famero de emergencia polic\u00eda (911), el resto de Polic\u00eda, el Hospital, Bomberos y desde ya el Municipio y el Foro de Seguridad.<\/p>\n<p>Con mucho esfuerzo y la muy buena voluntad de todos los organismos mencionados logramos contar en cada sede de los mismos con un equipo de comunicaciones que trabaja de manera inter relacionado con los restantes, formando de esta manera un red que bien podr\u00eda decirse es la verdadera base de Defensa Civil en nuestra ciudad y mucho tuvo que ver en esta iniciativa el responsable del 911 policial sub comisario Roberto Escalante.<\/p>\n<p>De esta manera en el momento en que pueda ocurrir alg\u00fan tipo de inconveniente o situaci\u00f3n conflictiva, todos al mismo tiempo estamos recibiendo la informaci\u00f3n correspondiente. Es un verdadero paso que damos en materia preventiva que se ha logrado realmente en muy pocos municipios\u201d.<\/p>\n<p>Luego el Subcomisario Escalante sostuvo \u201cpara que todos puedan entender como realmente opera este sistema les digo que cuando una persona que pueda llegar a sufrir un inconveniente llama al 911 para comunicarlo y solicitar la ayuda correspondiente es atendido por operadores que est\u00e1n estrictamente preparados con una capacitaci\u00f3n especial para ello tratando de obtener del denunciante la mayor cantidad de informaci\u00f3n posible acerca de lo ocurrido para al momento de despachar la emergencia hacerlo con indicadores lo m\u00e1s precisos que podamos para que el m\u00f3vil policial asignado pueda cumplir de manera r\u00e1pida y eficiente.<\/p>\n<p>Quiero reconocer que la gente de Bomberos fue fundamental para poder mediante el trabajo de hormiga que debimos realizar pudi\u00e9semos llegar a buen puerto con la idea.<\/p>\n<p>Quisimos lograr una herramienta que sirva en aquellos casos de siniestros, especialmente teniendo en cuenta que en nuestro Partido tenemos la Ruta 5 que lamentablemente suele ser siempre noticia debido a los continuos accidentes de tr\u00e1nsito que se registran en la misma, accidentes que muy bien podr\u00edan llegar a ser como el ocurrido hace pocos d\u00edas en la Ruta 7 a la altura de Chacabuco que seguramente todos recuerdan que de pronto se necesit\u00f3 el trabajo mancomunado y coordinado de varias dependencias al mismo tiempo, poder eso nosotros al crear esta estrategia ya al estar inter comunicados nos permite actuar con mayor rapidez y al hacer a trav\u00e9s de la comunicaci\u00f3n directa radial no sufrimos ese grave problema que se genera autom\u00e1ticamente cuando suena la sirena de bomberos o se ve un movimiento m\u00e1s intenso por ejemplo en el hospital y la gente comienza a llamar preguntado que es lo que asa sin darse cuenta que con ello ocupan la l\u00ednea telef\u00f3nica que tanta falta no hace cuando hay una emergencia severa. Por otra parte tambi\u00e9n contamos con el trabajo de apoyo del Centro de Monitoreo de las C\u00e1maras de Seguridad que funciona en calle 26 y 23 y hemos recibido un aporte muy importante del \u00e1rea de comunicaciones de Policia de la Provincia y adem\u00e1s todo el apoyo del Superintendente de Seguridad Interior que es el comisario Zudaire quien cuando planteamos la iniciativa de manera inmediata puso toda su estructura a nuestra disposici\u00f3n, m\u00e1s all\u00e1 de todo el aporte efectuado pro la Estaci\u00f3n Comunal y la Departamental Mercedes<\/p>\n<p>Por eso digo que esta es la tarea de muchas personas, tarea que no es f\u00e1cil encontrar que se haya realizado en munchos municipios en la provincia de Buenos Aires.<\/p>\n<p><a href=\"https:\/\/www.hoymercedes.com.ar\/principal\/wp-content\/uploads\/2011\/11\/euipamiento-policia-II.jpg\"><img loading=\"lazy\" decoding=\"async\" data-attachment-id=\"8987\" data-permalink=\"https:\/\/www.hoymercedes.com.ar\/principal\/2011\/11\/09\/nuevo-equipamiento-de-comunicaciones-en-departamental-mercedes\/euipamiento-policia-ii\/#main\" data-orig-file=\"https:\/\/www.hoymercedes.com.ar\/principal\/wp-content\/uploads\/2011\/11\/euipamiento-policia-II.jpg\" data-orig-size=\"612,459\" data-comments-opened=\"1\" data-image-meta=\"{&quot;aperture&quot;:&quot;2.8&quot;,&quot;credit&quot;:&quot;&quot;,&quot;camera&quot;:&quot;COOLPIX L10&quot;,&quot;caption&quot;:&quot;&quot;,&quot;created_timestamp&quot;:&quot;1320243856&quot;,&quot;copyright&quot;:&quot;Copyright 2006&quot;,&quot;focal_length&quot;:&quot;6.2&quot;,&quot;iso&quot;:&quot;200&quot;,&quot;shutter_speed&quot;:&quot;0.016666666666667&quot;,&quot;title&quot;:&quot;&quot;}\" data-image-title=\"euipamiento-policia-II\" data-image-description=\"\" data-image-caption=\"\" data-large-file=\"https:\/\/www.hoymercedes.com.ar\/principal\/wp-content\/uploads\/2011\/11\/euipamiento-policia-II.jpg\" class=\"aligncenter size-full wp-image-8987\" title=\"euipamiento-policia-II\" src=\"https:\/\/www.hoymercedes.com.ar\/principal\/wp-content\/uploads\/2011\/11\/euipamiento-policia-II.jpg\" alt=\"\" width=\"612\" height=\"459\" srcset=\"https:\/\/www.hoymercedes.com.ar\/principal\/wp-content\/uploads\/2011\/11\/euipamiento-policia-II.jpg 612w, https:\/\/www.hoymercedes.com.ar\/principal\/wp-content\/uploads\/2011\/11\/euipamiento-policia-II-300x225.jpg 300w\" sizes=\"auto, (max-width: 612px) 100vw, 612px\" \/><\/a><\/p>\n<p>Nuestro principal objetivo desde el mimo momento que nos reunimos por primera vez fue trabajar por y para la gente, el vecino, que se pueda sentir contenido y asistido de manera inmediata en caso de alguna emergencia\u201d.<\/p>\n<p>Por su parte el Director de Seguridad del Municipio Esteban Rossi manifest\u00f3 \u201ccreo que mis antecesores en la palabra ya han dicho todo pero realmente esto tiene mucho que ver con una conversaci\u00f3n que tuvimos con el Comisario General Mario Monasterio que tambi\u00e9n nos dio una mano muy grande porque se ha podido lograr en los \u00faltimos meses una importante renovaci\u00f3n de m\u00f3viles, contar con el trabajo del \u00e1rea de comunicaciones que ha facilitado la manera de conectarnos entre todo y al mismo tiempo con dependencias alejadas de este Centro Operativo, tal es caso del Destacamento en Gowland, o el de Polic\u00eda Vial en la Ruta y est\u00e1 pendiente por falta de personal una tarea similar en Tom\u00e1s Jofre donde tenemos la casa lista hasta con el correspondiente escudo en nuestro poder.<\/p>\n<p>Todo se encuentra funcionado de manera correcta m\u00e1s all\u00e1 que sea verdad que nos est\u00e9n haciendo falta poder contar por lo menos con uno o dos tel\u00e9fonos m\u00e1s, pero ello escapa a nuestras posibilidades ya sea como municipio o como grupo de trabajo organizado, es competencia directa la empresa que presta dicho servicio en nuestra ciudad y claro est\u00e1 tambi\u00e9n depende de nuestro Centro todo lo relacionado con el 147 que si bien es un n\u00famero para reclamos, no para emergencias, muchas veces tambi\u00e9n puede ser \u00fatil a la poblaci\u00f3n. Se ha concretado un enlace muy importante al que ahora se le agregar\u00e1 la parte de las alarmas que ya las estamos probando y anticipo que nos han venido a ver representantes de un barrio de nuestra ciudad con una iniciativa en tal sentido muy avanzada para poder colocar las mismas y hasta incluso algunas c\u00e1mara m\u00e1s\u201d.<\/p>\n<p>Durante el encuentro se pudo comprobar como funciona el diagrama operativo incluso ingresando a la sala de operaciones propiamente dicha en las que se encuentra el personal, en esta oportunidad exclusivamente femenino, que atiende los llamados que se pueden efectuar al 911 y ver el sistema computarizado que se tiene de la ciudad con las cuadr\u00edculas en las que se encuentra dividida, con pantallas que marcan de manera permanente la ubicaci\u00f3n de cada uno de los diferentes m\u00f3viles encargados de recorrer cada uno de los cuatro sectores gracias al sistema de seguimiento satelital incorporado como as\u00ed tambi\u00e9n el complejo materia de equipos de comunicaciones all\u00ed instalado que no solo permite hacer el control en nuestra ciudad sino que adem\u00e1s se hace el seguimiento de las localidades vecinas que integran la Departamental Mercedes.<\/p>\n<p>Finalmente Escalante dijo \u201crealmente se puede decir sin equivocarnos que somos pioneros en este tipo de trabajo en toda la provincia en este tipo de enlace en el cual m\u00e1s de una cuesti\u00f3n t\u00e9cnica sobresale la gran voluntad que tiene los responsables de cada una de las \u00e1reas que intervenimos, de nada nos sirve tener los mejores equipos si de parte de las personas no existe la voluntad de trabajar y colaborar\u201d.<\/p>\n<p>&nbsp;<\/p>\n","protected":false},"excerpt":{"rendered":"<p>El responsable del sistema de emergencia 911 que opera en nuestra ciudad, Subcomisario Roberto Escalante present\u00f3 a los medios de &#8230; <a title=\"Nuevo equipamiento de comunicaciones en Departamental Mercedes\" class=\"read-more\" href=\"https:\/\/www.hoymercedes.com.ar\/principal\/2011\/11\/09\/nuevo-equipamiento-de-comunicaciones-en-departamental-mercedes\/\" aria-label=\"Leer m\u00e1s sobre Nuevo equipamiento de comunicaciones en Departamental Mercedes\">Leer m\u00e1s<\/a><\/p>\n","protected":false},"author":1,"featured_media":0,"comment_status":"open","ping_status":"open","sticky":false,"template":"","format":"standard","meta":{"_monsterinsights_skip_tracking":false,"_monsterinsights_sitenote_active":false,"_monsterinsights_sitenote_note":"","_monsterinsights_sitenote_category":0,"jetpack_post_was_ever_published":false,"_jetpack_newsletter_access":"","_jetpack_dont_email_post_to_subs":false,"_jetpack_newsletter_tier_id":0,"_jetpack_memberships_contains_paywalled_content":false,"_jetpack_memberships_contains_paid_content":false,"footnotes":"","jetpack_publicize_message":"","jetpack_publicize_feature_enabled":true,"jetpack_social_post_already_shared":false,"jetpack_social_options":{"image_generator_settings":{"template":"highway","default_image_id":0,"font":"","enabled":false},"version":2},"_wpas_customize_per_network":false},"categories":[85],"tags":[126],"class_list":["post-8983","post","type-post","status-publish","format-standard","hentry","category-policial","tag-policia-mercedes","generate-columns","tablet-grid-50","mobile-grid-100","grid-parent","grid-50"],"jetpack_publicize_connections":[],"jetpack_featured_media_url":"","wps_subtitle":"","jetpack_sharing_enabled":true,"_links":{"self":[{"href":"https:\/\/www.hoymercedes.com.ar\/principal\/wp-json\/wp\/v2\/posts\/8983","targetHints":{"allow":["GET"]}}],"collection":[{"href":"https:\/\/www.hoymercedes.com.ar\/principal\/wp-json\/wp\/v2\/posts"}],"about":[{"href":"https:\/\/www.hoymercedes.com.ar\/principal\/wp-json\/wp\/v2\/types\/post"}],"author":[{"embeddable":true,"href":"https:\/\/www.hoymercedes.com.ar\/principal\/wp-json\/wp\/v2\/users\/1"}],"replies":[{"embeddable":true,"href":"https:\/\/www.hoymercedes.com.ar\/principal\/wp-json\/wp\/v2\/comments?post=8983"}],"version-history":[{"count":0,"href":"https:\/\/www.hoymercedes.com.ar\/principal\/wp-json\/wp\/v2\/posts\/8983\/revisions"}],"wp:attachment":[{"href":"https:\/\/www.hoymercedes.com.ar\/principal\/wp-json\/wp\/v2\/media?parent=8983"}],"wp:term":[{"taxonomy":"category","embeddable":true,"href":"https:\/\/www.hoymercedes.com.ar\/principal\/wp-json\/wp\/v2\/categories?post=8983"},{"taxonomy":"post_tag","embeddable":true,"href":"https:\/\/www.hoymercedes.com.ar\/principal\/wp-json\/wp\/v2\/tags?post=8983"}],"curies":[{"name":"wp","href":"https:\/\/api.w.org\/{rel}","templated":true}]}}