{"id":89833,"date":"2019-03-21T11:00:11","date_gmt":"2019-03-21T14:00:11","guid":{"rendered":"http:\/\/www.hoymercedes.com.ar\/principal\/?p=89833"},"modified":"2019-03-21T11:17:29","modified_gmt":"2019-03-21T14:17:29","slug":"89833","status":"publish","type":"post","link":"https:\/\/www.hoymercedes.com.ar\/principal\/2019\/03\/21\/89833\/","title":{"rendered":"Comenz\u00f3 entrega de manuales a escuelas"},"content":{"rendered":"\n<figure class=\"wp-block-image\"><img loading=\"lazy\" decoding=\"async\" width=\"864\" height=\"576\" data-attachment-id=\"89834\" data-permalink=\"https:\/\/www.hoymercedes.com.ar\/principal\/2019\/03\/21\/89833\/ei12\/#main\" data-orig-file=\"https:\/\/www.hoymercedes.com.ar\/principal\/wp-content\/uploads\/2019\/03\/ei12.jpg\" data-orig-size=\"864,576\" data-comments-opened=\"0\" data-image-meta=\"{&quot;aperture&quot;:&quot;0&quot;,&quot;credit&quot;:&quot;&quot;,&quot;camera&quot;:&quot;&quot;,&quot;caption&quot;:&quot;&quot;,&quot;created_timestamp&quot;:&quot;0&quot;,&quot;copyright&quot;:&quot;&quot;,&quot;focal_length&quot;:&quot;0&quot;,&quot;iso&quot;:&quot;0&quot;,&quot;shutter_speed&quot;:&quot;0&quot;,&quot;title&quot;:&quot;&quot;,&quot;orientation&quot;:&quot;0&quot;}\" data-image-title=\"ei12\" data-image-description=\"\" data-image-caption=\"\" data-large-file=\"https:\/\/www.hoymercedes.com.ar\/principal\/wp-content\/uploads\/2019\/03\/ei12.jpg\" src=\"https:\/\/www.hoymercedes.com.ar\/principal\/wp-content\/uploads\/2019\/03\/ei12.jpg\" alt=\"\" class=\"wp-image-89834\" srcset=\"https:\/\/www.hoymercedes.com.ar\/principal\/wp-content\/uploads\/2019\/03\/ei12.jpg 864w, https:\/\/www.hoymercedes.com.ar\/principal\/wp-content\/uploads\/2019\/03\/ei12-150x100.jpg 150w, https:\/\/www.hoymercedes.com.ar\/principal\/wp-content\/uploads\/2019\/03\/ei12-630x420.jpg 630w, https:\/\/www.hoymercedes.com.ar\/principal\/wp-content\/uploads\/2019\/03\/ei12-720x480.jpg 720w, https:\/\/www.hoymercedes.com.ar\/principal\/wp-content\/uploads\/2019\/03\/ei12-360x240.jpg 360w\" sizes=\"auto, (max-width: 864px) 100vw, 864px\" \/><figcaption>Entrega de manuales <\/figcaption><\/figure>\n\n\n\n<p>Municipio comenz\u00f3 la entrega de manuales por las diferentes instituciones educativas de Mercedes. La misma se encuentra enmarcada dentro del programa municipal \u201cMercedes Aprende\u201d De esta manera, el intendente Juan Ignacio Ustarroz, estuvo presente en la escuela Primaria N\u00famero 1, instituci\u00f3n que tambi\u00e9n la entrega. \u201cQuiero felicitar a todo el equipo de educaci\u00f3n por el trabajo tan importante que vienen haciendo y el v\u00ednculo que se fue forjando con todo el sistema educativo de nuestra ciudad, a las instituciones, docentes, trabajadores de la educaci\u00f3n que son verdaderos protagonistas de este gran logro de todos\u201d, coment\u00f3.<\/p>\n\n\n\n<p>Con m\u00e1s de 5 millones de pesos invertidos, casi 10 mil libros y miles de delantales y \u00fatiles la comuna contin\u00faa \u201cdemostrando que la educaci\u00f3n es una prioridad\u201d. Los manuales seleccionados y entregados -propuestos por diferentes docentes, directivos e inspectores del \u00e1mbito local- fueron, por un lado, el manual \u201cAlejo mira de lejos\u201d de Editorial Mandioca y por otro lado \u201cLas aventuras de Yago\u201d de Editorial Kapeluz. Dichos manuales son de creaci\u00f3n editorial reciente y est\u00e1n incluidos todos los contenidos que establecen los dise\u00f1os curriculares de la DGCyE. <\/p>\n\n\n\n<figure class=\"wp-block-image\"><img loading=\"lazy\" decoding=\"async\" width=\"864\" height=\"576\" data-attachment-id=\"89835\" data-permalink=\"https:\/\/www.hoymercedes.com.ar\/principal\/2019\/03\/21\/89833\/ei13\/#main\" data-orig-file=\"https:\/\/www.hoymercedes.com.ar\/principal\/wp-content\/uploads\/2019\/03\/ei13.jpg\" data-orig-size=\"864,576\" data-comments-opened=\"0\" data-image-meta=\"{&quot;aperture&quot;:&quot;0&quot;,&quot;credit&quot;:&quot;&quot;,&quot;camera&quot;:&quot;&quot;,&quot;caption&quot;:&quot;&quot;,&quot;created_timestamp&quot;:&quot;0&quot;,&quot;copyright&quot;:&quot;&quot;,&quot;focal_length&quot;:&quot;0&quot;,&quot;iso&quot;:&quot;0&quot;,&quot;shutter_speed&quot;:&quot;0&quot;,&quot;title&quot;:&quot;&quot;,&quot;orientation&quot;:&quot;0&quot;}\" data-image-title=\"ei13\" data-image-description=\"\" data-image-caption=\"\" data-large-file=\"https:\/\/www.hoymercedes.com.ar\/principal\/wp-content\/uploads\/2019\/03\/ei13.jpg\" src=\"https:\/\/www.hoymercedes.com.ar\/principal\/wp-content\/uploads\/2019\/03\/ei13.jpg\" alt=\"\" class=\"wp-image-89835\" srcset=\"https:\/\/www.hoymercedes.com.ar\/principal\/wp-content\/uploads\/2019\/03\/ei13.jpg 864w, https:\/\/www.hoymercedes.com.ar\/principal\/wp-content\/uploads\/2019\/03\/ei13-150x100.jpg 150w, https:\/\/www.hoymercedes.com.ar\/principal\/wp-content\/uploads\/2019\/03\/ei13-630x420.jpg 630w, https:\/\/www.hoymercedes.com.ar\/principal\/wp-content\/uploads\/2019\/03\/ei13-720x480.jpg 720w, https:\/\/www.hoymercedes.com.ar\/principal\/wp-content\/uploads\/2019\/03\/ei13-360x240.jpg 360w\" sizes=\"auto, (max-width: 864px) 100vw, 864px\" \/><figcaption>Manuales para los m\u00e1s peque\u00f1os<\/figcaption><\/figure>\n\n\n\n<p>Esteban Ponce, director de la\ninstituci\u00f3n expres\u00f3 \u201cla verdad que estamos muy contentos, principalmente al ver\nla cara de los chicos al momento de recibir los libros\u201d. A su vez, Ponce\nremarc\u00f3 \u201cqueremos agradecerle al intendente por esta propuesta y por su\npresencia hoy ac\u00e1\u201d.<\/p>\n\n\n\n<p>Adem\u00e1s, Ponce valor\u00f3 \u201ces un gran esfuerzo que hace el municipio, creo que es una implementaci\u00f3n muy importante, una m\u00e1s que tiene que ver con la educaci\u00f3n de nuestra ciudad\u201d. En ese sentido el Director dijo \u201cde esta forma nosotros podemos complementar de una manera m\u00e1s efectiva el trabajo de cada uno de los chicos, por eso creo que esta iniciativa es de gran val\u00eda\u201d.&nbsp;&nbsp; <\/p>\n\n\n\n<p>\u201cLa clave es trabajar unidos, es\nlo que tratamos de hacer siempre desde el municipio\u201d y refrend\u00f3 \u201clas escuelas se\nsostienen sobre la base del esfuerzo, el compromiso y la capacidad de toda la\ncomunidad educativa\u201d valor\u00f3 el Dr. Ustarroz. <\/p>\n","protected":false},"excerpt":{"rendered":"<p>Municipio comenz\u00f3 la entrega de manuales por las diferentes instituciones educativas de Mercedes. La misma se encuentra enmarcada dentro del &#8230; <a title=\"Comenz\u00f3 entrega de manuales a escuelas\" class=\"read-more\" href=\"https:\/\/www.hoymercedes.com.ar\/principal\/2019\/03\/21\/89833\/\" aria-label=\"Leer m\u00e1s sobre Comenz\u00f3 entrega de manuales a escuelas\">Leer m\u00e1s<\/a><\/p>\n","protected":false},"author":1,"featured_media":89834,"comment_status":"closed","ping_status":"open","sticky":false,"template":"","format":"standard","meta":{"_monsterinsights_skip_tracking":false,"_monsterinsights_sitenote_active":false,"_monsterinsights_sitenote_note":"","_monsterinsights_sitenote_category":0,"jetpack_post_was_ever_published":false,"_jetpack_newsletter_access":"","_jetpack_dont_email_post_to_subs":false,"_jetpack_newsletter_tier_id":0,"_jetpack_memberships_contains_paywalled_content":false,"_jetpack_memberships_contains_paid_content":false,"footnotes":"","jetpack_publicize_message":"","jetpack_publicize_feature_enabled":true,"jetpack_social_post_already_shared":true,"jetpack_social_options":{"image_generator_settings":{"template":"highway","default_image_id":0,"font":"","enabled":false},"version":2},"_wpas_customize_per_network":false},"categories":[8],"tags":[14660,13953],"class_list":["post-89833","post","type-post","status-publish","format-standard","has-post-thumbnail","hentry","category-sociedad","tag-libros-en-las-escuelas","tag-mercedes-aprende","generate-columns","tablet-grid-50","mobile-grid-100","grid-parent","grid-50"],"jetpack_publicize_connections":[],"jetpack_featured_media_url":"https:\/\/www.hoymercedes.com.ar\/principal\/wp-content\/uploads\/2019\/03\/ei12.jpg","wps_subtitle":"Igualdad de Condiciones ","jetpack_sharing_enabled":true,"_links":{"self":[{"href":"https:\/\/www.hoymercedes.com.ar\/principal\/wp-json\/wp\/v2\/posts\/89833","targetHints":{"allow":["GET"]}}],"collection":[{"href":"https:\/\/www.hoymercedes.com.ar\/principal\/wp-json\/wp\/v2\/posts"}],"about":[{"href":"https:\/\/www.hoymercedes.com.ar\/principal\/wp-json\/wp\/v2\/types\/post"}],"author":[{"embeddable":true,"href":"https:\/\/www.hoymercedes.com.ar\/principal\/wp-json\/wp\/v2\/users\/1"}],"replies":[{"embeddable":true,"href":"https:\/\/www.hoymercedes.com.ar\/principal\/wp-json\/wp\/v2\/comments?post=89833"}],"version-history":[{"count":0,"href":"https:\/\/www.hoymercedes.com.ar\/principal\/wp-json\/wp\/v2\/posts\/89833\/revisions"}],"wp:featuredmedia":[{"embeddable":true,"href":"https:\/\/www.hoymercedes.com.ar\/principal\/wp-json\/wp\/v2\/media\/89834"}],"wp:attachment":[{"href":"https:\/\/www.hoymercedes.com.ar\/principal\/wp-json\/wp\/v2\/media?parent=89833"}],"wp:term":[{"taxonomy":"category","embeddable":true,"href":"https:\/\/www.hoymercedes.com.ar\/principal\/wp-json\/wp\/v2\/categories?post=89833"},{"taxonomy":"post_tag","embeddable":true,"href":"https:\/\/www.hoymercedes.com.ar\/principal\/wp-json\/wp\/v2\/tags?post=89833"}],"curies":[{"name":"wp","href":"https:\/\/api.w.org\/{rel}","templated":true}]}}