{"id":89847,"date":"2019-03-21T12:35:20","date_gmt":"2019-03-21T15:35:20","guid":{"rendered":"http:\/\/www.hoymercedes.com.ar\/principal\/?p=89847"},"modified":"2019-03-21T16:04:36","modified_gmt":"2019-03-21T19:04:36","slug":"aefip-mercedes-participo-en-el-congreso-nacional-de-la-mujer-trabajadora","status":"publish","type":"post","link":"https:\/\/www.hoymercedes.com.ar\/principal\/2019\/03\/21\/aefip-mercedes-participo-en-el-congreso-nacional-de-la-mujer-trabajadora\/","title":{"rendered":"AEFIP Mercedes particip\u00f3 en el Congreso Nacional de la Mujer Trabajadora"},"content":{"rendered":"\n<p><em>Con m\u00e1s de 450 asistentes, se realiz\u00f3 en C\u00f3rdoba el 13\u00ba encuentro organizado por la Secretar\u00eda de la Mujer del gremio impositivo.<\/em><\/p>\n\n\n\n<figure class=\"wp-block-image\"><img loading=\"lazy\" decoding=\"async\" width=\"750\" height=\"563\" data-attachment-id=\"89848\" data-permalink=\"https:\/\/www.hoymercedes.com.ar\/principal\/2019\/03\/21\/aefip-mercedes-participo-en-el-congreso-nacional-de-la-mujer-trabajadora\/21-aefip\/#main\" data-orig-file=\"https:\/\/www.hoymercedes.com.ar\/principal\/wp-content\/uploads\/2019\/03\/21-AEFIP.jpeg\" data-orig-size=\"750,563\" data-comments-opened=\"0\" data-image-meta=\"{&quot;aperture&quot;:&quot;0&quot;,&quot;credit&quot;:&quot;&quot;,&quot;camera&quot;:&quot;&quot;,&quot;caption&quot;:&quot;&quot;,&quot;created_timestamp&quot;:&quot;0&quot;,&quot;copyright&quot;:&quot;&quot;,&quot;focal_length&quot;:&quot;0&quot;,&quot;iso&quot;:&quot;0&quot;,&quot;shutter_speed&quot;:&quot;0&quot;,&quot;title&quot;:&quot;&quot;,&quot;orientation&quot;:&quot;0&quot;}\" data-image-title=\"21 AEFIP\" data-image-description=\"\" data-image-caption=\"\" data-large-file=\"https:\/\/www.hoymercedes.com.ar\/principal\/wp-content\/uploads\/2019\/03\/21-AEFIP.jpeg\" src=\"https:\/\/www.hoymercedes.com.ar\/principal\/wp-content\/uploads\/2019\/03\/21-AEFIP.jpeg\" alt=\"\" class=\"wp-image-89848\" srcset=\"https:\/\/www.hoymercedes.com.ar\/principal\/wp-content\/uploads\/2019\/03\/21-AEFIP.jpeg 750w, https:\/\/www.hoymercedes.com.ar\/principal\/wp-content\/uploads\/2019\/03\/21-AEFIP-150x113.jpeg 150w, https:\/\/www.hoymercedes.com.ar\/principal\/wp-content\/uploads\/2019\/03\/21-AEFIP-630x473.jpeg 630w, https:\/\/www.hoymercedes.com.ar\/principal\/wp-content\/uploads\/2019\/03\/21-AEFIP-320x240.jpeg 320w, https:\/\/www.hoymercedes.com.ar\/principal\/wp-content\/uploads\/2019\/03\/21-AEFIP-100x75.jpeg 100w\" sizes=\"auto, (max-width: 750px) 100vw, 750px\" \/><\/figure>\n\n\n\n<p>En el marco del mes de conmemoraci\u00f3n del d\u00eda Internacional de la Mujer, se realiz\u00f3 el Congreso Nacional de la Mujer Trabajadora, organizado por la Secretar\u00eda de la Mujer de la Mesa Directiva Nacional.<\/p>\n\n\n\n<p>En esta oportunidad, desde todo el pa\u00eds, representando a las 18 seccionales de AEFIP, m\u00e1s de 450 asistentes dijeron presente, durante el pasado fin de semana, en el Hotel Presidente Per\u00f3n, ubicado en Huerta Grande (C\u00f3rdoba), para tratar diversos temas que tiene que ver con la tem\u00e1tica de Genero.<\/p>\n\n\n\n<p>Una jornada que cont\u00f3 con la presencia del licenciado Marcelo Oscar Zelarral\u00e1n y el profesor Pablo F\u00e9lix Mart\u00edn para abordar la tem\u00e1tica de Micro-Machismos.<\/p>\n\n\n\n<p>Adem\u00e1s, se indag\u00f3 en Educaci\u00f3n Sexual Integral junto a la licenciada Mirta Marina y se realiz\u00f3 un Taller de Integraci\u00f3n. Al finalizar se realizaron Exposiciones de la Mesa Directiva Nacional.<\/p>\n\n\n\n<p>Desde la Seccional de AEFIP Mercedes, viajaron un gran porcentaje de trabajadoras, miembros de la Comisi\u00f3n Directiva y del cuerpo de Delegados, quienes participaron en las diferentes actividades inherentes a la jornada.<\/p>\n\n\n\n<p>El Secretario General de la Seccional Mercedes, presente en el evento, agradeci\u00f3 en primer lugar a todos los que de una u otra manera, pudieron participar en el Congreso y resalt\u00f3 la importancia que \u201ctienen todas las mujeres en la construcci\u00f3n de una organizaci\u00f3n cada vez m\u00e1s igualitaria\u201d.<\/p>\n","protected":false},"excerpt":{"rendered":"<p>Con m\u00e1s de 450 asistentes, se realiz\u00f3 en C\u00f3rdoba el 13\u00ba encuentro organizado por la Secretar\u00eda de la Mujer del &#8230; <a title=\"AEFIP Mercedes particip\u00f3 en el Congreso Nacional de la Mujer Trabajadora\" class=\"read-more\" href=\"https:\/\/www.hoymercedes.com.ar\/principal\/2019\/03\/21\/aefip-mercedes-participo-en-el-congreso-nacional-de-la-mujer-trabajadora\/\" aria-label=\"Leer m\u00e1s sobre AEFIP Mercedes particip\u00f3 en el Congreso Nacional de la Mujer Trabajadora\">Leer m\u00e1s<\/a><\/p>\n","protected":false},"author":1,"featured_media":89848,"comment_status":"closed","ping_status":"open","sticky":false,"template":"","format":"standard","meta":{"_monsterinsights_skip_tracking":false,"_monsterinsights_sitenote_active":false,"_monsterinsights_sitenote_note":"","_monsterinsights_sitenote_category":0,"jetpack_post_was_ever_published":false,"_jetpack_newsletter_access":"","_jetpack_dont_email_post_to_subs":false,"_jetpack_newsletter_tier_id":0,"_jetpack_memberships_contains_paywalled_content":false,"_jetpack_memberships_contains_paid_content":false,"footnotes":"","jetpack_publicize_message":"","jetpack_publicize_feature_enabled":true,"jetpack_social_post_already_shared":true,"jetpack_social_options":{"image_generator_settings":{"template":"highway","default_image_id":0,"font":"","enabled":false},"version":2},"_wpas_customize_per_network":false},"categories":[10563],"tags":[525,14666,1443],"class_list":["post-89847","post","type-post","status-publish","format-standard","has-post-thumbnail","hentry","category-gremios-sindicatos","tag-dia-de-la-mujer","tag-gremios-aefip","tag-sindicatos","generate-columns","tablet-grid-50","mobile-grid-100","grid-parent","grid-50"],"jetpack_publicize_connections":[],"jetpack_featured_media_url":"https:\/\/www.hoymercedes.com.ar\/principal\/wp-content\/uploads\/2019\/03\/21-AEFIP.jpeg","wps_subtitle":"D\u00edas atr\u00e1s","jetpack_sharing_enabled":true,"_links":{"self":[{"href":"https:\/\/www.hoymercedes.com.ar\/principal\/wp-json\/wp\/v2\/posts\/89847","targetHints":{"allow":["GET"]}}],"collection":[{"href":"https:\/\/www.hoymercedes.com.ar\/principal\/wp-json\/wp\/v2\/posts"}],"about":[{"href":"https:\/\/www.hoymercedes.com.ar\/principal\/wp-json\/wp\/v2\/types\/post"}],"author":[{"embeddable":true,"href":"https:\/\/www.hoymercedes.com.ar\/principal\/wp-json\/wp\/v2\/users\/1"}],"replies":[{"embeddable":true,"href":"https:\/\/www.hoymercedes.com.ar\/principal\/wp-json\/wp\/v2\/comments?post=89847"}],"version-history":[{"count":0,"href":"https:\/\/www.hoymercedes.com.ar\/principal\/wp-json\/wp\/v2\/posts\/89847\/revisions"}],"wp:featuredmedia":[{"embeddable":true,"href":"https:\/\/www.hoymercedes.com.ar\/principal\/wp-json\/wp\/v2\/media\/89848"}],"wp:attachment":[{"href":"https:\/\/www.hoymercedes.com.ar\/principal\/wp-json\/wp\/v2\/media?parent=89847"}],"wp:term":[{"taxonomy":"category","embeddable":true,"href":"https:\/\/www.hoymercedes.com.ar\/principal\/wp-json\/wp\/v2\/categories?post=89847"},{"taxonomy":"post_tag","embeddable":true,"href":"https:\/\/www.hoymercedes.com.ar\/principal\/wp-json\/wp\/v2\/tags?post=89847"}],"curies":[{"name":"wp","href":"https:\/\/api.w.org\/{rel}","templated":true}]}}