{"id":89852,"date":"2019-03-23T09:50:06","date_gmt":"2019-03-23T12:50:06","guid":{"rendered":"http:\/\/www.hoymercedes.com.ar\/principal\/?p=89852"},"modified":"2019-03-21T15:55:21","modified_gmt":"2019-03-21T18:55:21","slug":"club-comunicaciones-junto-al-municipio-siguen-trabajando-por-los-chicos-de-la-ciudad","status":"publish","type":"post","link":"https:\/\/www.hoymercedes.com.ar\/principal\/2019\/03\/23\/club-comunicaciones-junto-al-municipio-siguen-trabajando-por-los-chicos-de-la-ciudad\/","title":{"rendered":"Club Comunicaciones, junto al Municipio, siguen trabajando por los chicos de la ciudad"},"content":{"rendered":"\n<p>El Municipio de Mercedes a trav\u00e9s del programa \u201cEsfuerzos Compartidos\u201d le entreg\u00f3 al club comunicaciones herramientas para el mantenimiento del predio deportivo e indumentaria para divisiones inferiores como as\u00ed tambi\u00e9n pelotas para las diferentes categor\u00edas que all\u00ed entrenan. Esta iniciativa es llevada adelante por el \u00e1rea de deportes con todas las instituciones deportivas de la ciudad. \u201cQuiero felicitar a la gente del club Comunicaciones por todo el trabajo que vienen haciendo\u201d expres\u00f3 el intendente Juan Ignacio Ustarroz.<\/p>\n\n\n\n<figure class=\"wp-block-image\"><img loading=\"lazy\" decoding=\"async\" width=\"1024\" height=\"576\" data-attachment-id=\"89853\" data-permalink=\"https:\/\/www.hoymercedes.com.ar\/principal\/2019\/03\/23\/club-comunicaciones-junto-al-municipio-siguen-trabajando-por-los-chicos-de-la-ciudad\/attachment\/13131313\/#main\" data-orig-file=\"https:\/\/www.hoymercedes.com.ar\/principal\/wp-content\/uploads\/2019\/03\/13131313.jpg\" data-orig-size=\"1024,576\" data-comments-opened=\"0\" data-image-meta=\"{&quot;aperture&quot;:&quot;0&quot;,&quot;credit&quot;:&quot;&quot;,&quot;camera&quot;:&quot;&quot;,&quot;caption&quot;:&quot;&quot;,&quot;created_timestamp&quot;:&quot;0&quot;,&quot;copyright&quot;:&quot;&quot;,&quot;focal_length&quot;:&quot;0&quot;,&quot;iso&quot;:&quot;0&quot;,&quot;shutter_speed&quot;:&quot;0&quot;,&quot;title&quot;:&quot;&quot;,&quot;orientation&quot;:&quot;0&quot;}\" data-image-title=\"13131313\" data-image-description=\"\" data-image-caption=\"\" data-large-file=\"https:\/\/www.hoymercedes.com.ar\/principal\/wp-content\/uploads\/2019\/03\/13131313-1024x576.jpg\" src=\"https:\/\/www.hoymercedes.com.ar\/principal\/wp-content\/uploads\/2019\/03\/13131313-1024x576.jpg\" alt=\"\" class=\"wp-image-89853\" srcset=\"https:\/\/www.hoymercedes.com.ar\/principal\/wp-content\/uploads\/2019\/03\/13131313.jpg 1024w, https:\/\/www.hoymercedes.com.ar\/principal\/wp-content\/uploads\/2019\/03\/13131313-150x84.jpg 150w, https:\/\/www.hoymercedes.com.ar\/principal\/wp-content\/uploads\/2019\/03\/13131313-630x354.jpg 630w\" sizes=\"auto, (max-width: 1024px) 100vw, 1024px\" \/><\/figure>\n\n\n\n<p><strong>&nbsp;Logros<\/strong><\/p>\n\n\n\n<p>A su vez, enumer\u00f3 los logros que de manera mancomunada se vienen consiguiendo en esta querida instituci\u00f3n deportiva de Mercedes \u201cse han hecho los vestuarios, la cancha para f\u00fatbol femenino, la iluminaci\u00f3n led, alambre perimetral, entre tantos logros\u201d y afirm\u00f3 ante todos los chicos presentes que \u201ctodo lo conseguido a nivel material es muy importante, pero lo m\u00e1s destacable es la gente que conforma este club, los profesores, los t\u00e9cnicos y las familias que aportan cada uno su granito de arena\u201d.<\/p>\n\n\n\n<figure class=\"wp-block-image\"><img loading=\"lazy\" decoding=\"async\" width=\"1024\" height=\"576\" data-attachment-id=\"89854\" data-permalink=\"https:\/\/www.hoymercedes.com.ar\/principal\/2019\/03\/23\/club-comunicaciones-junto-al-municipio-siguen-trabajando-por-los-chicos-de-la-ciudad\/comunicaciones3-2\/#main\" data-orig-file=\"https:\/\/www.hoymercedes.com.ar\/principal\/wp-content\/uploads\/2019\/03\/Comunicaciones3.jpeg\" data-orig-size=\"1280,720\" data-comments-opened=\"0\" data-image-meta=\"{&quot;aperture&quot;:&quot;0&quot;,&quot;credit&quot;:&quot;&quot;,&quot;camera&quot;:&quot;&quot;,&quot;caption&quot;:&quot;&quot;,&quot;created_timestamp&quot;:&quot;0&quot;,&quot;copyright&quot;:&quot;&quot;,&quot;focal_length&quot;:&quot;0&quot;,&quot;iso&quot;:&quot;0&quot;,&quot;shutter_speed&quot;:&quot;0&quot;,&quot;title&quot;:&quot;&quot;,&quot;orientation&quot;:&quot;0&quot;}\" data-image-title=\"Comunicaciones3\" data-image-description=\"\" data-image-caption=\"\" data-large-file=\"https:\/\/www.hoymercedes.com.ar\/principal\/wp-content\/uploads\/2019\/03\/Comunicaciones3-1024x576.jpeg\" src=\"https:\/\/www.hoymercedes.com.ar\/principal\/wp-content\/uploads\/2019\/03\/Comunicaciones3-1024x576.jpeg\" alt=\"\" class=\"wp-image-89854\" srcset=\"https:\/\/www.hoymercedes.com.ar\/principal\/wp-content\/uploads\/2019\/03\/Comunicaciones3-1024x576.jpeg 1024w, https:\/\/www.hoymercedes.com.ar\/principal\/wp-content\/uploads\/2019\/03\/Comunicaciones3-150x84.jpeg 150w, https:\/\/www.hoymercedes.com.ar\/principal\/wp-content\/uploads\/2019\/03\/Comunicaciones3-630x354.jpeg 630w, https:\/\/www.hoymercedes.com.ar\/principal\/wp-content\/uploads\/2019\/03\/Comunicaciones3.jpeg 1280w\" sizes=\"auto, (max-width: 1024px) 100vw, 1024px\" \/><\/figure>\n\n\n\n<p><strong>Trabajo<\/strong><\/p>\n\n\n\n<p>En ese sentido, el jefe comunal indic\u00f3 \u201cese trabajo desinteresado tiene como objetivo que cada uno de los j\u00f3venes que realizan deporte en este club, consigan entrenarse, hagan amigos y puedan divertirse\u201d y a\u00f1adi\u00f3 \u201cla idea es que tengan un lugar donde puedan jugar y encontrarse a trav\u00e9s de este hermoso deporte\u201d.<\/p>\n\n\n\n<p>Adem\u00e1s, el &nbsp;intendente Ustarroz pidi\u00f3 un fuerte aplauso para todos aquellos que de una manera u otra llevan adelante el club Comunicaciones \u201cellos trabajan todos los d\u00edas por la instituci\u00f3n, los chicos y el deporte de la ciudad\u201d.<\/p>\n\n\n\n<figure class=\"wp-block-image\"><img loading=\"lazy\" decoding=\"async\" width=\"1024\" height=\"576\" data-attachment-id=\"89855\" data-permalink=\"https:\/\/www.hoymercedes.com.ar\/principal\/2019\/03\/23\/club-comunicaciones-junto-al-municipio-siguen-trabajando-por-los-chicos-de-la-ciudad\/comun\/#main\" data-orig-file=\"https:\/\/www.hoymercedes.com.ar\/principal\/wp-content\/uploads\/2019\/03\/comun.jpg\" data-orig-size=\"1024,576\" data-comments-opened=\"0\" data-image-meta=\"{&quot;aperture&quot;:&quot;0&quot;,&quot;credit&quot;:&quot;&quot;,&quot;camera&quot;:&quot;&quot;,&quot;caption&quot;:&quot;&quot;,&quot;created_timestamp&quot;:&quot;0&quot;,&quot;copyright&quot;:&quot;&quot;,&quot;focal_length&quot;:&quot;0&quot;,&quot;iso&quot;:&quot;0&quot;,&quot;shutter_speed&quot;:&quot;0&quot;,&quot;title&quot;:&quot;&quot;,&quot;orientation&quot;:&quot;0&quot;}\" data-image-title=\"comun\" data-image-description=\"\" data-image-caption=\"\" data-large-file=\"https:\/\/www.hoymercedes.com.ar\/principal\/wp-content\/uploads\/2019\/03\/comun-1024x576.jpg\" src=\"https:\/\/www.hoymercedes.com.ar\/principal\/wp-content\/uploads\/2019\/03\/comun-1024x576.jpg\" alt=\"\" class=\"wp-image-89855\" srcset=\"https:\/\/www.hoymercedes.com.ar\/principal\/wp-content\/uploads\/2019\/03\/comun.jpg 1024w, https:\/\/www.hoymercedes.com.ar\/principal\/wp-content\/uploads\/2019\/03\/comun-150x84.jpg 150w, https:\/\/www.hoymercedes.com.ar\/principal\/wp-content\/uploads\/2019\/03\/comun-630x354.jpg 630w\" sizes=\"auto, (max-width: 1024px) 100vw, 1024px\" \/><\/figure>\n\n\n\n<p><strong>&nbsp;\u201cComu\u201d<\/strong><\/p>\n\n\n\n<p>Julio Torres qui\u00e9n es parte de la dirigencia y trabaja en el armado de las diferentes divisiones, indic\u00f3 \u201cqueremos agradecer al intendente por este esfuerzo que est\u00e1n haciendo desde la Municipalidad, que no s\u00f3lo lo hacen por este, sino por todos los clubes de mercedes\u201d y agreg\u00f3 \u201cestamos muy contentos, queremos agradec\u00e9rselo personalmente\u201d.<\/p>\n\n\n\n<p>\u201cEsta es una manera de seguir d\u00e1ndole forma a todo el trabajo que se viene haciendo desde el club por cada pibe que viene\u201d se\u00f1al\u00f3 Torres. &nbsp;<\/p>\n","protected":false},"excerpt":{"rendered":"<p>El Municipio de Mercedes a trav\u00e9s del programa \u201cEsfuerzos Compartidos\u201d le entreg\u00f3 al club comunicaciones herramientas para el mantenimiento del &#8230; <a title=\"Club Comunicaciones, junto al Municipio, siguen trabajando por los chicos de la ciudad\" class=\"read-more\" href=\"https:\/\/www.hoymercedes.com.ar\/principal\/2019\/03\/23\/club-comunicaciones-junto-al-municipio-siguen-trabajando-por-los-chicos-de-la-ciudad\/\" aria-label=\"Leer m\u00e1s sobre Club Comunicaciones, junto al Municipio, siguen trabajando por los chicos de la ciudad\">Leer m\u00e1s<\/a><\/p>\n","protected":false},"author":1,"featured_media":89853,"comment_status":"closed","ping_status":"open","sticky":false,"template":"","format":"standard","meta":{"_monsterinsights_skip_tracking":false,"_monsterinsights_sitenote_active":false,"_monsterinsights_sitenote_note":"","_monsterinsights_sitenote_category":0,"jetpack_post_was_ever_published":false,"_jetpack_newsletter_access":"","_jetpack_dont_email_post_to_subs":false,"_jetpack_newsletter_tier_id":0,"_jetpack_memberships_contains_paywalled_content":false,"_jetpack_memberships_contains_paid_content":false,"footnotes":"","jetpack_publicize_message":"","jetpack_publicize_feature_enabled":true,"jetpack_social_post_already_shared":true,"jetpack_social_options":{"image_generator_settings":{"template":"highway","default_image_id":0,"font":"","enabled":false},"version":2},"_wpas_customize_per_network":false},"categories":[21],"tags":[197],"class_list":["post-89852","post","type-post","status-publish","format-standard","has-post-thumbnail","hentry","category-deportes","tag-municipalidad-de-mercedes","generate-columns","tablet-grid-50","mobile-grid-100","grid-parent","grid-50"],"jetpack_publicize_connections":[],"jetpack_featured_media_url":"https:\/\/www.hoymercedes.com.ar\/principal\/wp-content\/uploads\/2019\/03\/13131313.jpg","wps_subtitle":"F\u00fatbol","jetpack_sharing_enabled":true,"_links":{"self":[{"href":"https:\/\/www.hoymercedes.com.ar\/principal\/wp-json\/wp\/v2\/posts\/89852","targetHints":{"allow":["GET"]}}],"collection":[{"href":"https:\/\/www.hoymercedes.com.ar\/principal\/wp-json\/wp\/v2\/posts"}],"about":[{"href":"https:\/\/www.hoymercedes.com.ar\/principal\/wp-json\/wp\/v2\/types\/post"}],"author":[{"embeddable":true,"href":"https:\/\/www.hoymercedes.com.ar\/principal\/wp-json\/wp\/v2\/users\/1"}],"replies":[{"embeddable":true,"href":"https:\/\/www.hoymercedes.com.ar\/principal\/wp-json\/wp\/v2\/comments?post=89852"}],"version-history":[{"count":0,"href":"https:\/\/www.hoymercedes.com.ar\/principal\/wp-json\/wp\/v2\/posts\/89852\/revisions"}],"wp:featuredmedia":[{"embeddable":true,"href":"https:\/\/www.hoymercedes.com.ar\/principal\/wp-json\/wp\/v2\/media\/89853"}],"wp:attachment":[{"href":"https:\/\/www.hoymercedes.com.ar\/principal\/wp-json\/wp\/v2\/media?parent=89852"}],"wp:term":[{"taxonomy":"category","embeddable":true,"href":"https:\/\/www.hoymercedes.com.ar\/principal\/wp-json\/wp\/v2\/categories?post=89852"},{"taxonomy":"post_tag","embeddable":true,"href":"https:\/\/www.hoymercedes.com.ar\/principal\/wp-json\/wp\/v2\/tags?post=89852"}],"curies":[{"name":"wp","href":"https:\/\/api.w.org\/{rel}","templated":true}]}}