{"id":89862,"date":"2019-03-23T17:00:24","date_gmt":"2019-03-23T20:00:24","guid":{"rendered":"http:\/\/www.hoymercedes.com.ar\/principal\/?p=89862"},"modified":"2019-03-23T15:01:22","modified_gmt":"2019-03-23T18:01:22","slug":"club-mercedes-comenzo-con-las-obras-en-su-predio-lindero-al-parque-independencia","status":"publish","type":"post","link":"https:\/\/www.hoymercedes.com.ar\/principal\/2019\/03\/23\/club-mercedes-comenzo-con-las-obras-en-su-predio-lindero-al-parque-independencia\/","title":{"rendered":"Club Mercedes comenz\u00f3 con las obras en su predio lindero al Parque Independencia"},"content":{"rendered":"\n<p>Una parte del Sector Nuevo del Parque Independencia fue cedido hace varios meses a los clubes All Boys y Mercedes para que puedan desarrollar espacios deportivos. El cuadro de Floresta fue el primero en empezar con los trabajos y ahora es el turno del Blanquinegro, quien busca tener otras canchas de f\u00fatbol para poder contener a la gran masa de jugadores que tiene.<\/p>\n\n\n\n<figure class=\"wp-block-image\"><img loading=\"lazy\" decoding=\"async\" width=\"614\" height=\"1024\" data-attachment-id=\"89868\" data-permalink=\"https:\/\/www.hoymercedes.com.ar\/principal\/2019\/03\/23\/club-mercedes-comenzo-con-las-obras-en-su-predio-lindero-al-parque-independencia\/whatsapp-image-2019-03-21-at-10-23-32\/#main\" data-orig-file=\"https:\/\/www.hoymercedes.com.ar\/principal\/wp-content\/uploads\/2019\/03\/WhatsApp-Image-2019-03-21-at-10.23.32.jpeg\" data-orig-size=\"768,1280\" data-comments-opened=\"0\" data-image-meta=\"{&quot;aperture&quot;:&quot;0&quot;,&quot;credit&quot;:&quot;&quot;,&quot;camera&quot;:&quot;&quot;,&quot;caption&quot;:&quot;&quot;,&quot;created_timestamp&quot;:&quot;0&quot;,&quot;copyright&quot;:&quot;&quot;,&quot;focal_length&quot;:&quot;0&quot;,&quot;iso&quot;:&quot;0&quot;,&quot;shutter_speed&quot;:&quot;0&quot;,&quot;title&quot;:&quot;&quot;,&quot;orientation&quot;:&quot;0&quot;}\" data-image-title=\"WhatsApp Image 2019-03-21 at 10.23.32\" data-image-description=\"\" data-image-caption=\"\" data-large-file=\"https:\/\/www.hoymercedes.com.ar\/principal\/wp-content\/uploads\/2019\/03\/WhatsApp-Image-2019-03-21-at-10.23.32-614x1024.jpeg\" src=\"https:\/\/www.hoymercedes.com.ar\/principal\/wp-content\/uploads\/2019\/03\/WhatsApp-Image-2019-03-21-at-10.23.32-614x1024.jpeg\" alt=\"\" class=\"wp-image-89868\" srcset=\"https:\/\/www.hoymercedes.com.ar\/principal\/wp-content\/uploads\/2019\/03\/WhatsApp-Image-2019-03-21-at-10.23.32-614x1024.jpeg 614w, https:\/\/www.hoymercedes.com.ar\/principal\/wp-content\/uploads\/2019\/03\/WhatsApp-Image-2019-03-21-at-10.23.32-90x150.jpeg 90w, https:\/\/www.hoymercedes.com.ar\/principal\/wp-content\/uploads\/2019\/03\/WhatsApp-Image-2019-03-21-at-10.23.32-372x620.jpeg 372w, https:\/\/www.hoymercedes.com.ar\/principal\/wp-content\/uploads\/2019\/03\/WhatsApp-Image-2019-03-21-at-10.23.32.jpeg 768w\" sizes=\"auto, (max-width: 614px) 100vw, 614px\" \/><\/figure>\n\n\n\n<p>El lugar fue cedido por la Municipalidad y funcionar\u00e1 como anexo de su campo de deportes. El proyecto incluye una cancha de f\u00fatbol de 11, otra de 9 teniendo ambas iluminaci\u00f3n para entrenamientos nocturnos. A futuro tambi\u00e9n se busca tener vestuarios, pero antes el predio ser\u00e1 \u00a0alambrado y por estos d\u00edas\u00a0 trabaja un tractor y arado. Luego ingresar\u00e1 una moto niveladora \u00a0una vez que un agrimensor marque las canchas.<br><br><\/p>\n","protected":false},"excerpt":{"rendered":"<p>Una parte del Sector Nuevo del Parque Independencia fue cedido hace varios meses a los clubes All Boys y Mercedes &#8230; <a title=\"Club Mercedes comenz\u00f3 con las obras en su predio lindero al Parque Independencia\" class=\"read-more\" href=\"https:\/\/www.hoymercedes.com.ar\/principal\/2019\/03\/23\/club-mercedes-comenzo-con-las-obras-en-su-predio-lindero-al-parque-independencia\/\" aria-label=\"Leer m\u00e1s sobre Club Mercedes comenz\u00f3 con las obras en su predio lindero al Parque Independencia\">Leer m\u00e1s<\/a><\/p>\n","protected":false},"author":1,"featured_media":89868,"comment_status":"closed","ping_status":"open","sticky":false,"template":"","format":"standard","meta":{"_monsterinsights_skip_tracking":false,"_monsterinsights_sitenote_active":false,"_monsterinsights_sitenote_note":"","_monsterinsights_sitenote_category":0,"jetpack_post_was_ever_published":false,"_jetpack_newsletter_access":"","_jetpack_dont_email_post_to_subs":false,"_jetpack_newsletter_tier_id":0,"_jetpack_memberships_contains_paywalled_content":false,"_jetpack_memberships_contains_paid_content":false,"footnotes":"","jetpack_publicize_message":"","jetpack_publicize_feature_enabled":true,"jetpack_social_post_already_shared":true,"jetpack_social_options":{"image_generator_settings":{"template":"highway","default_image_id":0,"font":"","enabled":false},"version":2},"_wpas_customize_per_network":false},"categories":[21],"tags":[122,1003,1901],"class_list":["post-89862","post","type-post","status-publish","format-standard","has-post-thumbnail","hentry","category-deportes","tag-club-mercedes","tag-futbol","tag-liga-mercedina","generate-columns","tablet-grid-50","mobile-grid-100","grid-parent","grid-50"],"jetpack_publicize_connections":[],"jetpack_featured_media_url":"https:\/\/www.hoymercedes.com.ar\/principal\/wp-content\/uploads\/2019\/03\/WhatsApp-Image-2019-03-21-at-10.23.32.jpeg","wps_subtitle":"Liga Mercedina","jetpack_sharing_enabled":true,"_links":{"self":[{"href":"https:\/\/www.hoymercedes.com.ar\/principal\/wp-json\/wp\/v2\/posts\/89862","targetHints":{"allow":["GET"]}}],"collection":[{"href":"https:\/\/www.hoymercedes.com.ar\/principal\/wp-json\/wp\/v2\/posts"}],"about":[{"href":"https:\/\/www.hoymercedes.com.ar\/principal\/wp-json\/wp\/v2\/types\/post"}],"author":[{"embeddable":true,"href":"https:\/\/www.hoymercedes.com.ar\/principal\/wp-json\/wp\/v2\/users\/1"}],"replies":[{"embeddable":true,"href":"https:\/\/www.hoymercedes.com.ar\/principal\/wp-json\/wp\/v2\/comments?post=89862"}],"version-history":[{"count":0,"href":"https:\/\/www.hoymercedes.com.ar\/principal\/wp-json\/wp\/v2\/posts\/89862\/revisions"}],"wp:featuredmedia":[{"embeddable":true,"href":"https:\/\/www.hoymercedes.com.ar\/principal\/wp-json\/wp\/v2\/media\/89868"}],"wp:attachment":[{"href":"https:\/\/www.hoymercedes.com.ar\/principal\/wp-json\/wp\/v2\/media?parent=89862"}],"wp:term":[{"taxonomy":"category","embeddable":true,"href":"https:\/\/www.hoymercedes.com.ar\/principal\/wp-json\/wp\/v2\/categories?post=89862"},{"taxonomy":"post_tag","embeddable":true,"href":"https:\/\/www.hoymercedes.com.ar\/principal\/wp-json\/wp\/v2\/tags?post=89862"}],"curies":[{"name":"wp","href":"https:\/\/api.w.org\/{rel}","templated":true}]}}